{"id":65944,"date":"2026-01-26T17:14:50","date_gmt":"2026-01-26T20:14:50","guid":{"rendered":"https:\/\/www.mpal.mp.br\/?p=65944"},"modified":"2026-01-27T09:26:33","modified_gmt":"2026-01-27T12:26:33","slug":"mpal-participa-de-reuniao-interinstitucional-sobre-garantia-de-direitos-das-pessoas-com-albinismo-em-alagoas","status":"publish","type":"post","link":"https:\/\/www.mpal.mp.br\/?p=65944","title":{"rendered":"MPAL participa de reuni\u00e3o interinstitucional sobre garantia de direitos das pessoas com albinismo em Alagoas"},"content":{"rendered":"<p align=\"justify\"><span style=\"font-family: helvetica, arial, sans-serif; font-size: 12pt;\">O Minist\u00e9rio P\u00fablico do Estado de Alagoas (MPAL) participou, nesta segunda-feira (26), de uma reuni\u00e3o interinstitucional com o Minist\u00e9rio P\u00fablico Federal (MPF), a Defensoria P\u00fablica do Estado (DPE), o Coletivo Nacional das Pessoas com Albinismo no Brasil e a Associa\u00e7\u00e3o Alagoana de Pessoas com Albinismo, com o objetivo de discutir os principais desafios enfrentados por essa popula\u00e7\u00e3o e a efetiva\u00e7\u00e3o das pol\u00edticas p\u00fablicas asseguradas em lei.<\/span><\/p>\n<p align=\"justify\"><span style=\"font-family: helvetica, arial, sans-serif; font-size: 12pt;\">O encontro contou com a participa\u00e7\u00e3o das promotoras de Justi\u00e7a Alexandra Beurlen e Dalva Ten\u00f3rio, coordenadoras do N\u00facleo de Defesa dos Direitos Humanos do MPAL. Tamb\u00e9m estiveram presentes representantes da Universidade Federal de Alagoas (UFAL) e da Secretaria Municipal de Sa\u00fade de Macei\u00f3 (SMS). A Secretaria de Estado da Sa\u00fade (SESAU), apesar de convidada, n\u00e3o compareceu \u00e0 reuni\u00e3o.<\/span><\/p>\n<p align=\"justify\"><span style=\"font-family: helvetica, arial, sans-serif; font-size: 12pt;\">Durante o di\u00e1logo, foram apontados problemas estruturais que comprometem o acesso das pessoas com albinismo aos servi\u00e7os p\u00fablicos, especialmente na \u00e1rea da sa\u00fade. Um dos principais pontos levantados foi a subnotifica\u00e7\u00e3o da condi\u00e7\u00e3o nos sistemas do SUS, mesmo havendo obrigatoriedade de registro nos formul\u00e1rios oficiais, o que dificulta o diagn\u00f3stico preciso da popula\u00e7\u00e3o e o planejamento de pol\u00edticas p\u00fablicas adequadas.<\/span><\/p>\n<p align=\"justify\"><strong><span style=\"font-family: helvetica, arial, sans-serif; font-size: 12pt;\">Maior vulnerabilidade \u00e0s doen\u00e7as<\/span><\/strong><\/p>\n<p align=\"justify\"><span style=\"font-family: helvetica, arial, sans-serif; font-size: 12pt;\">As entidades destacaram ainda que pessoas com albinismo apresentam maior vulnerabilidade a doen\u00e7as oftalmol\u00f3gicas e dermatol\u00f3gicas, com elevado risco de c\u00e2ncer de pele, muitas vezes diagnosticado apenas em est\u00e1gios avan\u00e7ados. No entanto, h\u00e1 dificuldade de acesso a atendimento especializado, como consultas com dermatologistas e oftalmologistas, al\u00e9m da oferta irregular de protetor solar em grande parte do estado. Atualmente, apenas o munic\u00edpio de Macei\u00f3 mant\u00e9m fornecimento cont\u00ednuo desse insumo, enquanto a Farm\u00e1cia Popular do Estado o disponibiliza de forma intermitente.<\/span><\/p>\n<p align=\"justify\"><span style=\"font-family: helvetica, arial, sans-serif; font-size: 12pt;\">\u201cOutro aspecto abordado foi o impacto social da condi\u00e7\u00e3o, especialmente entre crian\u00e7as e adolescentes, que enfrentam evas\u00e3o escolar relacionada a problemas visuais n\u00e3o tratados e situa\u00e7\u00f5es de <em>bullyin<\/em>g, al\u00e9m de demandas espec\u00edficas de sa\u00fade mental, decorrentes do estigma e da exclus\u00e3o social. \u00c9 por isso que se faz urgente a busca pela resolu\u00e7\u00e3o dos problemas que afetam esse p\u00fablico, que ter\u00e1 um olhar especial dos Minist\u00e9rios P\u00fablicos e da Defensoria a partir de agora\u201d, declarou Alexandra Beurlen, titular da 61\u00aa da Promotoria de Justi\u00e7a, com atribui\u00e7\u00e3o na \u00e1rea de Direitos Humanos.<\/span><\/p>\n<p align=\"justify\"><span style=\"font-family: helvetica, arial, sans-serif; font-size: 12pt;\">Apesar da exist\u00eancia de legisla\u00e7\u00e3o federal e estadual que assegura direitos \u00e0s pessoas com albinismo, os participantes ressaltaram a necessidade de maior articula\u00e7\u00e3o entre os entes p\u00fablicos para que as normas sejam efetivamente implementadas.<\/span><\/p>\n<p align=\"justify\"><strong><span style=\"font-family: helvetica, arial, sans-serif; font-size: 12pt;\">Encaminhamento<\/span><\/strong><\/p>\n<p align=\"justify\"><span style=\"font-family: helvetica, arial, sans-serif; font-size: 12pt;\">Como principal encaminhamento da reuni\u00e3o, a UFAL se comprometeu a encaminhar aos \u00f3rg\u00e3os participantes uma pesquisa acad\u00eamica j\u00e1 desenvolvida sobre o tema. A partir desses dados, ser\u00e1 elaborada uma recomenda\u00e7\u00e3o conjunta pelos \u00f3rg\u00e3os de controle e defesa de direitos, com foco no fortalecimento das pol\u00edticas p\u00fablicas e na garantia do acesso integral \u00e0 sa\u00fade, \u00e0 educa\u00e7\u00e3o e \u00e0 dignidade das pessoas com albinismo em Alagoas.<\/span><\/p>\n","protected":false},"excerpt":{"rendered":"<p> [&hellip;]<\/p>\n","protected":false},"author":17,"featured_media":65945,"comment_status":"open","ping_status":"open","sticky":false,"template":"","format":"standard","meta":{"om_disable_all_campaigns":false,"_monsterinsights_skip_tracking":false,"_monsterinsights_sitenote_active":false,"_monsterinsights_sitenote_note":"","_monsterinsights_sitenote_category":0,"_uf_show_specific_survey":0,"_uf_disable_surveys":false,"footnotes":""},"categories":[2],"tags":[],"class_list":["post-65944","post","type-post","status-publish","format-standard","has-post-thumbnail","hentry","category-not_mpal"],"aioseo_notices":[],"_links":{"self":[{"href":"https:\/\/www.mpal.mp.br\/index.php?rest_route=\/wp\/v2\/posts\/65944","targetHints":{"allow":["GET"]}}],"collection":[{"href":"https:\/\/www.mpal.mp.br\/index.php?rest_route=\/wp\/v2\/posts"}],"about":[{"href":"https:\/\/www.mpal.mp.br\/index.php?rest_route=\/wp\/v2\/types\/post"}],"author":[{"embeddable":true,"href":"https:\/\/www.mpal.mp.br\/index.php?rest_route=\/wp\/v2\/users\/17"}],"replies":[{"embeddable":true,"href":"https:\/\/www.mpal.mp.br\/index.php?rest_route=%2Fwp%2Fv2%2Fcomments&post=65944"}],"version-history":[{"count":1,"href":"https:\/\/www.mpal.mp.br\/index.php?rest_route=\/wp\/v2\/posts\/65944\/revisions"}],"predecessor-version":[{"id":65946,"href":"https:\/\/www.mpal.mp.br\/index.php?rest_route=\/wp\/v2\/posts\/65944\/revisions\/65946"}],"wp:featuredmedia":[{"embeddable":true,"href":"https:\/\/www.mpal.mp.br\/index.php?rest_route=\/wp\/v2\/media\/65945"}],"wp:attachment":[{"href":"https:\/\/www.mpal.mp.br\/index.php?rest_route=%2Fwp%2Fv2%2Fmedia&parent=65944"}],"wp:term":[{"taxonomy":"category","embeddable":true,"href":"https:\/\/www.mpal.mp.br\/index.php?rest_route=%2Fwp%2Fv2%2Fcategories&post=65944"},{"taxonomy":"post_tag","embeddable":true,"href":"https:\/\/www.mpal.mp.br\/index.php?rest_route=%2Fwp%2Fv2%2Ftags&post=65944"}],"curies":[{"name":"wp","href":"https:\/\/api.w.org\/{rel}","templated":true}]}}