{"id":65937,"date":"2026-01-26T16:44:42","date_gmt":"2026-01-26T19:44:42","guid":{"rendered":"https:\/\/www.mpal.mp.br\/?p=65937"},"modified":"2026-01-26T16:55:23","modified_gmt":"2026-01-26T19:55:23","slug":"operacao-fauna-protegida-atuacao-do-mpal-e-mpba-resulta-na-condenacao-do-maior-traficante-de-aves-silvestres-do-pais-a-18-anos-de-prisao","status":"publish","type":"post","link":"https:\/\/www.mpal.mp.br\/?p=65937","title":{"rendered":"Opera\u00e7\u00e3o \u201cFauna Protegida\u201d: atua\u00e7\u00e3o do MPAL e MPBA resulta na condena\u00e7\u00e3o do maior traficante de aves silvestres do pa\u00eds a 18 anos de pris\u00e3o"},"content":{"rendered":"<p style=\"text-align: justify;\" align=\"justify\"><span style=\"font-family: helvetica, arial, sans-serif; color: #000000;\">Organiza\u00e7\u00e3o criminosa, tr\u00e1fico de animais silvestre, maus-tratos com resultado morte, lavagem de capitais e recepta\u00e7\u00e3o qualificada s\u00e3o os crimes pelos quais foi condenado a 18 anos de pris\u00e3o Weber Sena Oliveira, conhecido como \u201cPaulista\u201d, identificado como o maior traficante de aves silvestres do pa\u00eds. Ele estava preso preventivamente desde setembro de 2025, ap\u00f3s investiga\u00e7\u00e3o conjunta dos Minist\u00e9rios P\u00fablicos dos Estados de Alagoas (MPAL) e da Bahia (MPBA), Promotoria de Justi\u00e7a de Itabuna e o Grupo de Atua\u00e7\u00e3o Especial de Combate \u00e0 Organiza\u00e7\u00f5es Criminosas e Investiga\u00e7\u00f5es Criminais da Bahia (Gaeco) durante a Opera\u00e7\u00e3o \u201cFauna Protegida\u201d.<\/span><\/p>\n<p style=\"text-align: justify;\" align=\"justify\"><span style=\"font-family: helvetica, arial, sans-serif; color: #000000;\">Al\u00e9m dele, tamb\u00e9m foram condenados pela Justi\u00e7a da Bahia Ivonice Silva e Silva, companheira de \u201cPaulista\u201d e apontada como operadora financeira da Orcrim, Uallace Batista Santos, Josevaldo Moreira Almeida, Ademar de Jesus Viana, Messias Bispo dos Santos e Gilmar Jos\u00e9 dos Santos, todos apontados pelo MPAL e MPBA como integrantes da Organiza\u00e7\u00e3o Criminosa (Orcrim) que agia contra o meio ambiente e a vida dos animais silvestres.<\/span><\/p>\n<p style=\"text-align: justify;\" align=\"justify\"><span style=\"font-family: helvetica, arial, sans-serif; color: #000000;\">Antes da pris\u00e3o em setembro de 2025, \u201cPaulista\u201d, apontado como l\u00edder da Orcrim, havia sido preso em janeiro do mesmo ano, quando foi flagrado por uma blitz <span style=\"font-size: medium;\">na BR-101, nas proximidades de Itabuna, sul da Bahia, <\/span><span style=\"font-size: medium;\">enquanto transportava de forma ilegal 135 p\u00e1ssaros silvestres.<\/span><\/span><\/p>\n<p style=\"text-align: justify;\" align=\"justify\"><span style=\"font-family: helvetica, arial, sans-serif; color: #000000;\"><span style=\"font-size: medium;\">A pris\u00e3o <\/span><span style=\"font-size: medium;\">o <\/span><span style=\"font-size: medium;\">colocou no centro das investiga\u00e7\u00f5es dos Minist\u00e9rios P\u00fablicos dos Estados de Alagoas e da Bahia (MPAL e MPBA). Em setembro, <\/span><span style=\"font-size: medium;\">ap\u00f3s ser preso <\/span><span style=\"font-size: medium;\">no munic\u00edpio de Mascote (BA) pela Opera\u00e7\u00e3o Fauna Protegida, <\/span><span style=\"font-size: medium;\">ele e os demais integrantes da Orcrim foram denunciados \u00e0 Justi\u00e7a.<\/span><\/span><\/p>\n<p style=\"text-align: justify;\" align=\"justify\"><span style=\"font-family: helvetica, arial, sans-serif; color: #000000;\">\u201c<span style=\"font-size: medium;\">O nosso foco da investiga\u00e7\u00e3o teve como alvo o Weber Sena de Oliveira, mais conhecido como Paulista, que era respons\u00e1vel pela organiza\u00e7\u00e3o e captura de animais silvestres em grandes quantidades. Ele mantinha-os em cativeiro e fazia o seu transporte, al\u00e9m de praticar a operacionaliza\u00e7\u00e3o da lavagem dos capitais envolvidos no com\u00e9rcio il\u00edcito do tr\u00e1fico de animais\u201d, detalhou <\/span><span style=\"font-size: medium;\">o promotor de Justi\u00e7a<\/span><span style=\"font-size: medium;\"> Kleber Valadares, <\/span><span style=\"font-size: medium;\">coordenador do N\u00facleo de Meio Ambiente do MPAL.<\/span><\/span><\/p>\n<p style=\"text-align: justify;\" align=\"justify\"><span style=\"font-family: helvetica, arial, sans-serif; color: #000000;\">\u201c<span style=\"font-size: medium;\">Para al\u00e9m disso, o denunciado <\/span><span style=\"font-size: medium;\">e agora condenado<\/span><span style=\"font-size: medium;\"> ainda fazia o encaminhamento dos esp\u00e9cimes para receptadores com poder financeiro consider\u00e1vel, e por v\u00e1rios locais do Brasil, seja para a regi\u00e3o <\/span><span style=\"font-size: medium;\">N<\/span><span style=\"font-size: medium;\">ordeste, seja para a regi\u00e3o <\/span><span style=\"font-size: medium;\">S<\/span><span style=\"font-size: medium;\">udeste, arregimentando dezenas de traficantes. Tal pr\u00e1tica ilegal foi realizada durante mais de 30 anos, com grande preju\u00edzo ao meio ambiente\u201d, <\/span><span style=\"font-size: medium;\">acrescentou<\/span> <span style=\"font-size: medium;\">o promotor de Justi\u00e7a<\/span><span style=\"font-size: medium;\">.<\/span><\/span><\/p>\n<p style=\"text-align: justify;\" align=\"justify\"><span style=\"font-family: helvetica, arial, sans-serif; color: #000000;\"><strong><span style=\"font-size: medium;\"><b>Movimenta\u00e7\u00e3o financeira<\/b><\/span><\/strong><\/span><\/p>\n<p style=\"text-align: justify;\" align=\"justify\"><span style=\"font-family: helvetica, arial, sans-serif; color: #000000;\"><span style=\"font-size: medium;\">Conforme as investiga\u00e7\u00f5es dos MPs, apenas em seis meses, de fevereiro a agosto de 2023, foram movimentados quase R$ 500 mil nas contas de Ivonice Silva e Silva, companheira de \u2018Paulista\u2019 <\/span><span style=\"font-size: medium;\">e tamb\u00e9m condenada<\/span><span style=\"font-size: medium;\">. Ela <\/span><span style=\"font-size: medium;\">foi<\/span><span style=\"font-size: medium;\"> apontada como a operadora financeira da organiza\u00e7\u00e3o criminosa, respons\u00e1vel por receber os dep\u00f3sitos pela entrega das \u201cencomendas\u201d, que chegavam a conter mais de mil p\u00e1ssaros de uma s\u00f3 vez, e de realizar os pagamentos aos fornecedores do sudeste e norte da Bahia e nordeste de Minas Gerais.<\/span><\/span><\/p>\n<p style=\"text-align: justify;\" align=\"justify\"><span style=\"font-family: helvetica, arial, sans-serif; color: #000000;\"><span style=\"font-size: medium;\">As apura\u00e7\u00f5es aponta<\/span><span style=\"font-size: medium;\">ra<\/span><span style=\"font-size: medium;\">m que parcela significativa das transfer\u00eancias banc\u00e1rias partiu de terminais de autoatendimento da cidade de Mag\u00e9, no Rio de Janeiro, onde reside Valter N\u00e9lio, conhecido como \u2018Juninho de Mag\u00e9\u2019. Assim como Weber e Ivonice, ele tamb\u00e9m foi acusado por lavagem de dinheiro.<\/span><\/span><\/p>\n<p style=\"text-align: justify;\" align=\"justify\"><span style=\"color: #000000; font-family: helvetica, arial, sans-serif;\"><span style=\"font-size: medium;\">Aves como estev\u00e3o, can\u00e1rio, chor\u00e3o, papa-capim, trinca-ferro, azul\u00e3o, p\u00e1ssaro preto, entre outros, eram capturados, com utiliza\u00e7\u00e3o de armadilhas e redes de 20 metros de comprimento que possibilitavam apreender at\u00e9 500 passarinhos em um \u00fanico dia. H\u00e1 registros de venda de aves por R$ 80 mil.<\/span><\/span><\/p>\n<p style=\"text-align: justify;\" align=\"justify\"><span style=\"color: #000000; font-family: helvetica, arial, sans-serif;\"><span style=\"font-size: medium;\">Segundo os promotores de Justi\u00e7a Kleber Valadares e Aline Salvador, respectivamente do N\u00facleo de Defesa do Meio Ambiente do MPAL e da Promotoria de Justi\u00e7a Regional do Meio Ambiente do MPBA, dados da Rede Nacional de Combate ao Tr\u00e1fico de Animais Silvestres (Renctas) indicam que 90% dos bichos capturados n\u00e3o sobrevivem durante o transporte, morrendo por maus-tratos, estresse ou condi\u00e7\u00f5es prec\u00e1rias.<\/span><\/span><\/p>\n<p style=\"text-align: justify;\" align=\"justify\"><span style=\"font-family: helvetica, arial, sans-serif; color: #000000;\"><span style=\"font-size: medium;\">A<\/span><span style=\"font-size: medium;\"> rota do tr\u00e1fico de animais silvestres (do <\/span><span style=\"font-size: medium;\">s<\/span><span style=\"font-size: medium;\">udeste da Bahia e <\/span><span style=\"font-size: medium;\">n<\/span><span style=\"font-size: medium;\">ordeste de Minas Gerais em dire\u00e7\u00e3o ao Rio de Janeiro) foi identificada, por meio de estudo do projeto \u2018Libertas\u2019, da Associa\u00e7\u00e3o Brasileira dos Membros do Minist\u00e9rio P\u00fablico de Meio Ambiente (Abrampa), a partir de 31 manchas de calor que indicam a recorr\u00eancia das apreens\u00f5es oriundas do tr\u00e1fico de animais.<\/span><\/span><\/p>\n","protected":false},"excerpt":{"rendered":"<p> [&hellip;]<\/p>\n","protected":false},"author":24,"featured_media":65941,"comment_status":"open","ping_status":"open","sticky":false,"template":"","format":"standard","meta":{"om_disable_all_campaigns":false,"_monsterinsights_skip_tracking":false,"_monsterinsights_sitenote_active":false,"_monsterinsights_sitenote_note":"","_monsterinsights_sitenote_category":0,"_uf_show_specific_survey":0,"_uf_disable_surveys":false,"footnotes":""},"categories":[2],"tags":[],"class_list":["post-65937","post","type-post","status-publish","format-standard","has-post-thumbnail","hentry","category-not_mpal"],"aioseo_notices":[],"_links":{"self":[{"href":"https:\/\/www.mpal.mp.br\/index.php?rest_route=\/wp\/v2\/posts\/65937","targetHints":{"allow":["GET"]}}],"collection":[{"href":"https:\/\/www.mpal.mp.br\/index.php?rest_route=\/wp\/v2\/posts"}],"about":[{"href":"https:\/\/www.mpal.mp.br\/index.php?rest_route=\/wp\/v2\/types\/post"}],"author":[{"embeddable":true,"href":"https:\/\/www.mpal.mp.br\/index.php?rest_route=\/wp\/v2\/users\/24"}],"replies":[{"embeddable":true,"href":"https:\/\/www.mpal.mp.br\/index.php?rest_route=%2Fwp%2Fv2%2Fcomments&post=65937"}],"version-history":[{"count":3,"href":"https:\/\/www.mpal.mp.br\/index.php?rest_route=\/wp\/v2\/posts\/65937\/revisions"}],"predecessor-version":[{"id":65943,"href":"https:\/\/www.mpal.mp.br\/index.php?rest_route=\/wp\/v2\/posts\/65937\/revisions\/65943"}],"wp:featuredmedia":[{"embeddable":true,"href":"https:\/\/www.mpal.mp.br\/index.php?rest_route=\/wp\/v2\/media\/65941"}],"wp:attachment":[{"href":"https:\/\/www.mpal.mp.br\/index.php?rest_route=%2Fwp%2Fv2%2Fmedia&parent=65937"}],"wp:term":[{"taxonomy":"category","embeddable":true,"href":"https:\/\/www.mpal.mp.br\/index.php?rest_route=%2Fwp%2Fv2%2Fcategories&post=65937"},{"taxonomy":"post_tag","embeddable":true,"href":"https:\/\/www.mpal.mp.br\/index.php?rest_route=%2Fwp%2Fv2%2Ftags&post=65937"}],"curies":[{"name":"wp","href":"https:\/\/api.w.org\/{rel}","templated":true}]}}