{"id":65873,"date":"2026-01-23T10:14:13","date_gmt":"2026-01-23T13:14:13","guid":{"rendered":"https:\/\/www.mpal.mp.br\/?p=65873"},"modified":"2026-01-23T10:25:18","modified_gmt":"2026-01-23T13:25:18","slug":"ministerio-publico-publica-edital-de-concurso-publico-com-vagas-para-niveis-medio-e-superior-em-diversas-areas","status":"publish","type":"post","link":"https:\/\/www.mpal.mp.br\/?p=65873","title":{"rendered":"Minist\u00e9rio P\u00fablico publica edital de concurso p\u00fablico com vagas para n\u00edveis m\u00e9dio e superior em diversas \u00e1reas"},"content":{"rendered":"<p style=\"text-align: justify;\" align=\"justify\"><span style=\"font-family: helvetica, arial, sans-serif; font-size: 12pt;\">O Minist\u00e9rio P\u00fablico do Estado de Alagoas (MPAL) publicou, nesta sexta-feira (23), o Edital n\u00ba 01\/2026, que disp\u00f5e sobre a realiza\u00e7\u00e3o de concurso p\u00fablico para provimento de vagas e forma\u00e7\u00e3o de cadastro de reserva em cargos do quadro permanente da institui\u00e7\u00e3o. O certame ser\u00e1 organizado pela Funda\u00e7\u00e3o Carlos Chagas (FCC). O certame contempla oportunidades para cargos de analista do Minist\u00e9rio P\u00fablico, de n\u00edvel superior, assim como para t\u00e9cnico, de n\u00edvel m\u00e9dio, com jornada de trabalho de 40 horas semanais e remunera\u00e7\u00e3o inicial que pode chegar a R$ 6.243,37, conforme o cargo.<\/span><\/p>\n<h3 class=\"western\" style=\"text-align: justify;\" align=\"justify\"><strong><span style=\"font-family: helvetica, arial, sans-serif; font-size: 12pt;\">Cargos de n\u00edvel superior \u2013 Analista do Minist\u00e9rio P\u00fablico<\/span><\/strong><\/h3>\n<p style=\"text-align: justify;\" align=\"justify\"><span style=\"font-family: helvetica, arial, sans-serif; font-size: 12pt;\">Para o cargo de analista do Minist\u00e9rio P\u00fablico, a remunera\u00e7\u00e3o inicial \u00e9 de R$ 6.243,37, com exig\u00eancia de forma\u00e7\u00e3o superior espec\u00edfica, conforme a \u00e1rea escolhida. As vagas e o cadastro de reserva abrangem as seguintes \u00e1reas:<\/span><\/p>\n<ul style=\"text-align: justify;\">\n<li>\n<p align=\"justify\"><span style=\"font-family: helvetica, arial, sans-serif; font-size: 12pt;\"><strong>\u00c1rea Jur\u00eddica<\/strong> \u2013 destinada a profissionais com gradua\u00e7\u00e3o em Ci\u00eancias Jur\u00eddicas (Direito), sendo a \u00e1rea com maior n\u00famero de vagas previstas;<\/span><\/p>\n<\/li>\n<li>\n<p align=\"justify\"><span style=\"font-family: helvetica, arial, sans-serif; font-size: 12pt;\"><strong>Gest\u00e3o P\u00fablica<\/strong> \u2013 para candidatos com curso superior ou tecn\u00f3logo em qualquer \u00e1rea de forma\u00e7\u00e3o;<\/span><\/p>\n<\/li>\n<li>\n<p align=\"justify\"><span style=\"font-family: helvetica, arial, sans-serif; font-size: 12pt;\"><strong>Comunica\u00e7\u00e3o Social<\/strong> \u2013 voltada a profissionais graduados em Comunica\u00e7\u00e3o Social;<\/span><\/p>\n<\/li>\n<li>\n<p align=\"justify\"><span style=\"font-family: helvetica, arial, sans-serif; font-size: 12pt;\"><strong>Arquivologia<\/strong> \u2013 exige gradua\u00e7\u00e3o em Arquivologia e registro no conselho de classe;<\/span><\/p>\n<\/li>\n<li>\n<p align=\"justify\"><span style=\"font-family: helvetica, arial, sans-serif; font-size: 12pt;\"><strong>Assist\u00eancia Social<\/strong> \u2013 para graduados em Servi\u00e7o Social, com registro profissional;<\/span><\/p>\n<\/li>\n<li>\n<p align=\"justify\"><span style=\"font-family: helvetica, arial, sans-serif; font-size: 12pt;\"><strong>Engenharia Civil<\/strong> \u2013 para profissionais com forma\u00e7\u00e3o em Engenharia Civil e registro no conselho;<\/span><\/p>\n<\/li>\n<li>\n<p align=\"justify\"><span style=\"font-family: helvetica, arial, sans-serif; font-size: 12pt;\"><strong>Engenharia El\u00e9trica<\/strong> \u2013 destinada a graduados em Engenharia El\u00e9trica;<\/span><\/p>\n<\/li>\n<li>\n<p align=\"justify\"><span style=\"font-family: helvetica, arial, sans-serif; font-size: 12pt;\"><strong>Estat\u00edstica<\/strong> \u2013 para profissionais com gradua\u00e7\u00e3o em Estat\u00edstica;<\/span><\/p>\n<\/li>\n<li>\n<p align=\"justify\"><span style=\"font-family: helvetica, arial, sans-serif; font-size: 12pt;\"><strong>Pedagogia<\/strong> \u2013 voltada a graduados em Pedagogia;<\/span><\/p>\n<\/li>\n<li>\n<p align=\"justify\"><span style=\"font-family: helvetica, arial, sans-serif; font-size: 12pt;\"><strong>Psicologia<\/strong> \u2013 exige forma\u00e7\u00e3o em Psicologia e registro no conselho profissional;<\/span><\/p>\n<\/li>\n<li>\n<p align=\"justify\"><span style=\"font-family: helvetica, arial, sans-serif; font-size: 12pt;\"><strong>Especialidades na \u00e1rea de Tecnologia da Informa\u00e7\u00e3o<\/strong>, incluindo administra\u00e7\u00e3o de redes, administra\u00e7\u00e3o de banco de dados e desenvolvimento de sistemas.<\/span><\/p>\n<\/li>\n<\/ul>\n<p style=\"text-align: justify;\" align=\"justify\"><span style=\"font-family: helvetica, arial, sans-serif; font-size: 12pt;\">Em todas essas \u00e1reas, al\u00e9m das vagas imediatas, ser\u00e1 formado cadastro de reserva, possibilitando futuras nomea\u00e7\u00f5es durante o prazo de validade do concurso.<\/span><\/p>\n<h3 class=\"western\" style=\"text-align: justify;\" align=\"justify\"><strong><span style=\"font-family: helvetica, arial, sans-serif; font-size: 12pt;\">Cargos de n\u00edvel m\u00e9dio \u2013 T\u00e9cnico do Minist\u00e9rio P\u00fablico<\/span><\/strong><\/h3>\n<p style=\"text-align: justify;\" align=\"justify\"><span style=\"font-family: helvetica, arial, sans-serif; font-size: 12pt;\">Para o cargo de t\u00e9cnico do Minist\u00e9rio P\u00fablico, a remunera\u00e7\u00e3o inicial \u00e9 de R$ 3.580,72, sendo exigido certificado de conclus\u00e3o do Ensino M\u00e9dio. As oportunidades s\u00e3o para:<\/span><\/p>\n<ul style=\"text-align: justify;\">\n<li>\n<p align=\"justify\"><span style=\"font-family: helvetica, arial, sans-serif; font-size: 12pt;\"><strong>T\u00e9cnico do Minist\u00e9rio P\u00fablico \u2013 <\/strong><strong>\u00e1<\/strong><strong>rea Administrativa<\/strong>;<\/span><\/p>\n<\/li>\n<li>\n<p align=\"justify\"><span style=\"font-family: helvetica, arial, sans-serif; font-size: 12pt;\"><strong>T\u00e9cnico do Minist\u00e9rio P\u00fablico \u2013 <\/strong><strong>\u00e1<\/strong><strong>rea de Tecnologia da Informa\u00e7\u00e3o<\/strong>, que exige, al\u00e9m do Ensino M\u00e9dio, curso t\u00e9cnico na \u00e1rea de TI, com previs\u00e3o de mais de uma vaga, al\u00e9m do cadastro de reserva.<\/span><\/p>\n<\/li>\n<\/ul>\n<h3 class=\"western\" style=\"text-align: justify;\" align=\"justify\"><strong><span style=\"font-family: helvetica, arial, sans-serif; font-size: 12pt;\">Inclus\u00e3o, cotas e garantias legais<\/span><\/strong><\/h3>\n<p style=\"text-align: justify;\" align=\"justify\"><span style=\"font-family: helvetica, arial, sans-serif; font-size: 12pt;\">O edital assegura a reserva de vagas para pessoas com defici\u00eancia, bem como para candidatos negros, ind\u00edgenas e quilombolas, conforme a legisla\u00e7\u00e3o estadual vigente. Tamb\u00e9m est\u00e1 prevista a possibilidade de utiliza\u00e7\u00e3o de <strong>nome social<\/strong> por pessoas travestis e transexuais durante o certame.<\/span><\/p>\n<h3 class=\"western\" style=\"text-align: justify;\" align=\"justify\"><strong><span style=\"font-family: helvetica, arial, sans-serif; font-size: 12pt;\">Quadro de Vagas<\/span><\/strong><\/h3>\n<ul style=\"text-align: justify;\">\n<li><span style=\"font-family: helvetica, arial, sans-serif; font-size: 12pt;\"><strong>Total de cargos<\/strong>: n\u00edveis m\u00e9dio e superior<\/span><\/li>\n<li><span style=\"font-family: helvetica, arial, sans-serif; font-size: 12pt;\"><strong>Maior oferta<\/strong>: Analista do MP \u2013 \u00c1rea Jur\u00eddica (11 vagas + CR)<\/span><\/li>\n<li><span style=\"font-family: helvetica, arial, sans-serif; font-size: 12pt;\"><strong>Demais \u00e1reas de <\/strong><strong>a<\/strong><strong>nalista<\/strong>: 1 vaga + CR cada<\/span><\/li>\n<li><span style=\"font-family: helvetica, arial, sans-serif; font-size: 12pt;\"><strong>T\u00e9cnico do MP<\/strong>:<\/span>\n<ul>\n<li><span style=\"font-family: helvetica, arial, sans-serif; font-size: 12pt;\">\u00c1rea Administrativa: 1 vaga + CR<\/span><\/li>\n<li><span style=\"font-family: helvetica, arial, sans-serif; font-size: 12pt;\">Tecnologia da Informa\u00e7\u00e3o: 3 vagas + CR<\/span><\/li>\n<\/ul>\n<\/li>\n<li><span style=\"font-family: helvetica, arial, sans-serif; font-size: 12pt;\"><strong>Reservas legais<\/strong>:<\/span>\n<ul>\n<li><span style=\"font-family: helvetica, arial, sans-serif; font-size: 12pt;\">20% para pessoas com defici\u00eancia<\/span><\/li>\n<li><span style=\"font-family: helvetica, arial, sans-serif; font-size: 12pt;\">20% para candidatos negros, ind\u00edgenas e quilombolas<\/span><\/li>\n<\/ul>\n<\/li>\n<\/ul>\n<h3 class=\"western\" style=\"text-align: justify;\" align=\"justify\"><strong><span style=\"font-family: helvetica, arial, sans-serif; font-size: 12pt;\">Inscri\u00e7\u00f5es e provas<\/span><\/strong><\/h3>\n<p style=\"text-align: justify;\" align=\"justify\"><span style=\"font-family: helvetica, arial, sans-serif; font-size: 12pt;\">As inscri\u00e7\u00f5es ser\u00e3o realizadas exclusivamente pela internet, no site da Funda\u00e7\u00e3o Carlos Chagas, no per\u00edodo de 2 de fevereiro a 19 de mar\u00e7o de 2026. As taxas de inscri\u00e7\u00e3o s\u00e3o de R$ 140,00 para os cargos de analista e R$ 120,00 para os cargos de t\u00e9cnico, havendo previs\u00e3o de isen\u00e7\u00e3o nos casos estabelecidos em lei.<\/span><\/p>\n<p style=\"text-align: justify;\" align=\"justify\"><span style=\"font-family: helvetica, arial, sans-serif; font-size: 12pt;\">As provas objetivas est\u00e3o previstas para o dia 17 de maio de 2026, na cidade de Macei\u00f3, sendo aplicadas no turno da manh\u00e3 para os cargos de t\u00e9cnico e no turno da tarde para os cargos de analista.<\/span><\/p>\n<h3 class=\"western\" style=\"text-align: justify;\" align=\"justify\"><strong><span style=\"font-family: helvetica, arial, sans-serif; font-size: 12pt;\">Fortalecimento institucional<\/span><\/strong><\/h3>\n<p style=\"text-align: justify;\" align=\"justify\"><span style=\"font-family: helvetica, arial, sans-serif; font-size: 12pt;\">Para o procurador-geral de Justi\u00e7a, Lean Ara\u00fajo, a publica\u00e7\u00e3o do edital representa um investimento direto no fortalecimento do MPAL: \u201cA realiza\u00e7\u00e3o deste concurso p\u00fablico reafirma o compromisso do Minist\u00e9rio P\u00fablico de Alagoas com o fortalecimento de sua atua\u00e7\u00e3o institucional, a valoriza\u00e7\u00e3o do servi\u00e7o p\u00fablico e a amplia\u00e7\u00e3o da capacidade t\u00e9cnica e administrativa da institui\u00e7\u00e3o, refletindo diretamente na melhoria dos servi\u00e7os prestados \u00e0 sociedade\u201d, afirmou o chefe do MPAL.<\/span><\/p>\n<p style=\"text-align: justify;\" align=\"justify\"><span style=\"font-family: helvetica, arial, sans-serif; font-size: 12pt;\">O edital completo, com todas as informa\u00e7\u00f5es sobre cargos, conte\u00fado program\u00e1tico, cronograma e regras do concurso, est\u00e1 dispon\u00edvel no Di\u00e1rio Oficial Eletr\u00f4nico do MPAL e no site da Funda\u00e7\u00e3o Carlos Chagas. Clique <a href=\"https:\/\/www.mpal.mp.br\/wp-content\/uploads\/2026\/01\/Edital-MPEAL-2026.pdf\">aqui<\/a> e confira.\u00a0<\/span><\/p>\n","protected":false},"excerpt":{"rendered":"<p> [&hellip;]<\/p>\n","protected":false},"author":17,"featured_media":18495,"comment_status":"open","ping_status":"open","sticky":false,"template":"","format":"standard","meta":{"om_disable_all_campaigns":false,"_monsterinsights_skip_tracking":false,"_monsterinsights_sitenote_active":false,"_monsterinsights_sitenote_note":"","_monsterinsights_sitenote_category":0,"_uf_show_specific_survey":0,"_uf_disable_surveys":false,"footnotes":""},"categories":[2],"tags":[],"class_list":["post-65873","post","type-post","status-publish","format-standard","has-post-thumbnail","hentry","category-not_mpal"],"aioseo_notices":[],"_links":{"self":[{"href":"https:\/\/www.mpal.mp.br\/index.php?rest_route=\/wp\/v2\/posts\/65873","targetHints":{"allow":["GET"]}}],"collection":[{"href":"https:\/\/www.mpal.mp.br\/index.php?rest_route=\/wp\/v2\/posts"}],"about":[{"href":"https:\/\/www.mpal.mp.br\/index.php?rest_route=\/wp\/v2\/types\/post"}],"author":[{"embeddable":true,"href":"https:\/\/www.mpal.mp.br\/index.php?rest_route=\/wp\/v2\/users\/17"}],"replies":[{"embeddable":true,"href":"https:\/\/www.mpal.mp.br\/index.php?rest_route=%2Fwp%2Fv2%2Fcomments&post=65873"}],"version-history":[{"count":6,"href":"https:\/\/www.mpal.mp.br\/index.php?rest_route=\/wp\/v2\/posts\/65873\/revisions"}],"predecessor-version":[{"id":65894,"href":"https:\/\/www.mpal.mp.br\/index.php?rest_route=\/wp\/v2\/posts\/65873\/revisions\/65894"}],"wp:featuredmedia":[{"embeddable":true,"href":"https:\/\/www.mpal.mp.br\/index.php?rest_route=\/wp\/v2\/media\/18495"}],"wp:attachment":[{"href":"https:\/\/www.mpal.mp.br\/index.php?rest_route=%2Fwp%2Fv2%2Fmedia&parent=65873"}],"wp:term":[{"taxonomy":"category","embeddable":true,"href":"https:\/\/www.mpal.mp.br\/index.php?rest_route=%2Fwp%2Fv2%2Fcategories&post=65873"},{"taxonomy":"post_tag","embeddable":true,"href":"https:\/\/www.mpal.mp.br\/index.php?rest_route=%2Fwp%2Fv2%2Ftags&post=65873"}],"curies":[{"name":"wp","href":"https:\/\/api.w.org\/{rel}","templated":true}]}}