{"id":6582,"date":"2018-04-10T12:18:04","date_gmt":"2018-04-10T15:18:04","guid":{"rendered":"https:\/\/www.mpal.mp.br\/?p=6582"},"modified":"2022-05-26T12:18:16","modified_gmt":"2022-05-26T15:18:16","slug":"gecoc-muda-de-nome-e-agora-se-chamara-gaeco-grupo-de-atuacao-especial-de-combate-ao-crime-organizado","status":"publish","type":"post","link":"https:\/\/www.mpal.mp.br\/?p=6582","title":{"rendered":"Gecoc muda de nome e agora se chamar\u00e1 Gaeco &#8211; Grupo de Atua\u00e7\u00e3o Especial de Combate ao Crime Organizado"},"content":{"rendered":"<p style=\"text-align: justify;\" align=\"justify\"><span style=\"font-size: 14pt;\">Grupo de Atua\u00e7\u00e3o Especial de Combate ao Crime Organizado (Gaeco). Esse \u00e9 o novo nome atribu\u00eddo ao colegiado, formado por promotores de justi\u00e7a do Minist\u00e9rio P\u00fablico Estadual de Alagoas (MPE\/AL), que continua com as mesmas atribui\u00e7\u00f5es do antigo Gecoc \u2013 Grupo Estadual de Combate \u00e0s Organiza\u00e7\u00f5es Criminosas. A modifica\u00e7\u00e3o na nomenclatura aconteceu para que a unidade do MP alagoano siga a padroniza\u00e7\u00e3o j\u00e1 existente nos demais estados da Federa\u00e7\u00e3o.<\/span><\/p>\n<p style=\"text-align: justify;\" align=\"justify\"><span style=\"font-size: 14pt;\">A mudan\u00e7a no nome do Grupo foi aprovada pelo Col\u00e9gio de Procuradores de Justi\u00e7a do MPE\/AL na \u00faltima sexta-feira (6), por unanimidade. \u201cSabemos que o nome do Gecoc j\u00e1 est\u00e1 consolidado. As pessoas conhecem a sua import\u00e2ncia e t\u00eam consci\u00eancia do quanto ele trabalha no combate aos mais diferentes tipos de crimes, em especial, contra a corrup\u00e7\u00e3o. Por\u00e9m, em todos os outros Minist\u00e9rios P\u00fablicos esse grupo se chama Gaeco. Ent\u00e3o, para padronizar, resolvemos fazer a altera\u00e7\u00e3o. Muda apenas o nome, o compromisso continuar\u00e1 sendo o mesmo\u201d, garantiu Alfredo Gaspar de Mendon\u00e7a Neto, procurador-geral de justi\u00e7a.<\/span><\/p>\n<p style=\"text-align: justify;\" align=\"justify\"><span style=\"font-size: 14pt;\">\u201cTamb\u00e9m \u00e9 importante refor\u00e7ar que o Gaeco continuar\u00e1 funcionando como \u00f3rg\u00e3o de execu\u00e7\u00e3o e de apoio \u00e0s demais promotorias de justi\u00e7a de Alagoas, ajudando os promotores do interior na neutraliza\u00e7\u00e3o das organiza\u00e7\u00f5es criminosas, na recomposi\u00e7\u00e3o do patrim\u00f4nio p\u00fablico eventualmente atingido e na aplica\u00e7\u00e3o das san\u00e7\u00f5es previstas no C\u00f3digo Penal, que trata das penalidades correntes da pr\u00e1tica de crimes\u201d, destacou o chefe do MPE\/AL.<\/span><\/p>\n<p style=\"text-align: justify;\" align=\"justify\"><span style=\"font-size: 14pt;\">O Gaeco continuar\u00e1 tendo a mesma forma\u00e7\u00e3o. S\u00e3o integrante dele os promotores de justi\u00e7a Ant\u00f4nio Luiz dos Santos Filho \u2013 tamb\u00e9m coordenador, Hamilton Carneiro J\u00fanior, Luiz Ten\u00f3rio Oliveira de Almeida, Carlos Davi Lopes Correia Lima, El\u00edsio da Silva Maia J\u00fanior e Elo\u00e1 de Carvalho Melo.<\/span><\/p>\n<p><span style=\"font-size: 14pt;\"><strong>Opera\u00e7\u00f5es<\/strong><\/span><\/p>\n<p><span style=\"font-size: 14pt;\">Somente em 2017, o Gaeco realizou 10 opera\u00e7\u00f5es de combate \u00e0 corrup\u00e7\u00e3o nas prefeituras de Santana do Ipanema, P\u00e3o de A\u00e7\u00facar, Maravilha, Po\u00e7o das Trincheiras, Ouro Branco, Campo Grande, Mata Grande, Girau do Ponciano e \u00c1gua Branca.<\/span><\/p>\n<p style=\"text-align: justify;\" align=\"justify\"><span style=\"font-size: 14pt;\">Durante as opera\u00e7\u00f5es, foram cumpridos dezenas de mandados de pris\u00e3o contra ex-prefeitos e mandados de busca e apreens\u00e3o e de conduta coercitiva.<\/span><\/p>\n<p style=\"text-align: justify;\" align=\"justify\"><span style=\"font-size: 14pt;\"><strong>As atribui\u00e7\u00f5es<\/strong><\/span><\/p>\n<p style=\"text-align: justify;\" align=\"justify\"><span style=\"font-size: 14pt;\">Criado pela resolu\u00e7\u00e3o n \u00ba 3\/16, o antigo Gecoc, agora Gaeco, tem, dentre outras coisas, atribui\u00e7\u00e3o para realizar investiga\u00e7\u00f5es e fazer uso de servi\u00e7os de intelig\u00eancia; acompanhar inqu\u00e9ritos policiais; instaurar procedimentos administrativos de investiga\u00e7\u00e3o na \u00e1rea de sua atribui\u00e7\u00e3o, decretando, quando justificado, e por despacho fundamentado, o sigilo respectivo; e expedir notifica\u00e7\u00f5es para colher depoimentos, esclarecimentos e, em caso de aus\u00eancia injustificada, requisitar a condu\u00e7\u00e3o coercitiva por interm\u00e9dio das pol\u00edcias civil e militar, nos termos da respectiva Lei.<\/span><\/p>\n<p style=\"text-align: justify;\" align=\"justify\"><span style=\"font-size: 14pt;\">Tamb\u00e9m \u00e9 miss\u00e3o do Gaeco receber representa\u00e7\u00f5es de qualquer pessoa ou entidade, assim como noticia de fato criminoso atrav\u00e9s de servi\u00e7o &#8220;disque den\u00fancia&#8221;, institu\u00eddo por \u00f3rg\u00e3os p\u00fablicos; formar e manter banco de dados; requisitar diretamente de \u00f3rg\u00e3os p\u00fablicos servi\u00e7os t\u00e9cnicos e informa\u00e7\u00f5es necess\u00e1rias \u00e0 consecu\u00e7\u00e3o de suas atividades; oferecer den\u00fancia, acompanhando-a at\u00e9 seu recebimento, bem como, requerer o arquivamento de inqu\u00e9rito policial ou procedimento administrativo; promover medidas cautelares preparat\u00f3rias necess\u00e1rias \u00e0 persecu\u00e7\u00e3o penal; e realizar outras atividades necess\u00e1rias \u00e0 identifica\u00e7\u00e3o de autoria e produ\u00e7\u00e3o de provas.<\/span><\/p>\n","protected":false},"excerpt":{"rendered":"<p> [&hellip;]<\/p>\n","protected":false},"author":2,"featured_media":6583,"comment_status":"open","ping_status":"open","sticky":false,"template":"","format":"standard","meta":{"om_disable_all_campaigns":false,"_monsterinsights_skip_tracking":false,"_monsterinsights_sitenote_active":false,"_monsterinsights_sitenote_note":"","_monsterinsights_sitenote_category":0,"_uf_show_specific_survey":0,"_uf_disable_surveys":false,"footnotes":""},"categories":[23],"tags":[],"class_list":["post-6582","post","type-post","status-publish","format-standard","has-post-thumbnail","hentry","category-not_gaeco"],"aioseo_notices":[],"_links":{"self":[{"href":"https:\/\/www.mpal.mp.br\/index.php?rest_route=\/wp\/v2\/posts\/6582","targetHints":{"allow":["GET"]}}],"collection":[{"href":"https:\/\/www.mpal.mp.br\/index.php?rest_route=\/wp\/v2\/posts"}],"about":[{"href":"https:\/\/www.mpal.mp.br\/index.php?rest_route=\/wp\/v2\/types\/post"}],"author":[{"embeddable":true,"href":"https:\/\/www.mpal.mp.br\/index.php?rest_route=\/wp\/v2\/users\/2"}],"replies":[{"embeddable":true,"href":"https:\/\/www.mpal.mp.br\/index.php?rest_route=%2Fwp%2Fv2%2Fcomments&post=6582"}],"version-history":[{"count":2,"href":"https:\/\/www.mpal.mp.br\/index.php?rest_route=\/wp\/v2\/posts\/6582\/revisions"}],"predecessor-version":[{"id":6585,"href":"https:\/\/www.mpal.mp.br\/index.php?rest_route=\/wp\/v2\/posts\/6582\/revisions\/6585"}],"wp:featuredmedia":[{"embeddable":true,"href":"https:\/\/www.mpal.mp.br\/index.php?rest_route=\/wp\/v2\/media\/6583"}],"wp:attachment":[{"href":"https:\/\/www.mpal.mp.br\/index.php?rest_route=%2Fwp%2Fv2%2Fmedia&parent=6582"}],"wp:term":[{"taxonomy":"category","embeddable":true,"href":"https:\/\/www.mpal.mp.br\/index.php?rest_route=%2Fwp%2Fv2%2Fcategories&post=6582"},{"taxonomy":"post_tag","embeddable":true,"href":"https:\/\/www.mpal.mp.br\/index.php?rest_route=%2Fwp%2Fv2%2Ftags&post=6582"}],"curies":[{"name":"wp","href":"https:\/\/api.w.org\/{rel}","templated":true}]}}