{"id":65769,"date":"2026-01-21T09:54:35","date_gmt":"2026-01-21T12:54:35","guid":{"rendered":"https:\/\/www.mpal.mp.br\/?p=65769"},"modified":"2026-01-21T09:54:35","modified_gmt":"2026-01-21T12:54:35","slug":"improbidade-administrativa-acao-do-mpal-e-acatada-e-vigia-tera-de-ressarcir-aos-cofres-publicos-mais-de-r-104-mil","status":"publish","type":"post","link":"https:\/\/www.mpal.mp.br\/?p=65769","title":{"rendered":"Improbidade administrativa: A\u00e7\u00e3o do MPAL \u00e9 acatada e vigia ter\u00e1 de ressarcir aos cofres p\u00fablicos mais de R$ 104 mil."},"content":{"rendered":"<p><span style=\"font-family: helvetica, arial, sans-serif;\">Subcontrata\u00e7\u00e3o indevida, viola\u00e7\u00e3o do v\u00ednculo com o servi\u00e7o p\u00fablico e improbidade administrativa levaram o Minist\u00e9rio P\u00fablico de Alagoas (MPAL), por meio da Promotoria de Justi\u00e7a de Palmeira dos \u00cdndios, a ajuizar a\u00e7\u00e3o civil\u00a0 em desfavor de um vigilante cedido para prestar servi\u00e7os na sede das Promotorias de Justi\u00e7a da institui\u00e7\u00e3o, naquele munic\u00edpio. A Justi\u00e7a acatou os pedidos e, como senten\u00e7a, o r\u00e9u ter\u00e1 que devolver o valor de R$ 104.322,48. De 2019 at\u00e9 novembro de 2024, o mesmo pagava mensalmente a um colega de profiss\u00e3o para lhe substituir, iniciando com o valor de R$ 500 e chegando a R$ 800 por m\u00eas.<\/span><\/p>\n<p><span style=\"font-family: helvetica, arial, sans-serif;\">A transa\u00e7\u00e3o il\u00edcita entre os dois profissionais da Vigil\u00e2ncia Municipal ocorreu sem conhecimento e autoriza\u00e7\u00e3o do Munic\u00edpio e do Minist\u00e9rio P\u00fablico. Na a\u00e7\u00e3o, o promotor de Justi\u00e7a Ricardo Lib\u00f3rio relata que, em levantamento feito pela Promotoria de Justi\u00e7a de Palmeira dos \u00cdndios, mesmo o vigilante subcontratado se aposentando, a negocia\u00e7\u00e3o foi mantida. Portanto, na a\u00e7\u00e3o ajuizada, o MPAL enfatiza que o r\u00e9u \u201cdeixou de cumprir sua fun\u00e7\u00e3o p\u00fablica, apropriando-se de recursos p\u00fablicos de forma il\u00edcita e causando preju\u00edzo ao er\u00e1rio.<\/span><\/p>\n<p><span style=\"font-family: helvetica, arial, sans-serif;\">Para responsabiliza\u00e7\u00e3o e reparos \u00e0s ilicitudes cometidas pelo servidor p\u00fablico municipal, o MPAL pediu a sua condena\u00e7\u00e3o por atos de improbidade administrativa, conforme o artigo 9\u00ba, caput, e 10\u00ba, caput, incisos I e XII da Lei n] 8.429\/1992.<\/span><\/p>\n<p><span style=\"font-family: helvetica, arial, sans-serif;\">\u201cAl\u00e9m de agir ilegalmente, cometendo o ato de improbidade, o r\u00e9u tentou justificar que o acordo com o colega se deu em fun\u00e7\u00e3o de morar em outro munic\u00edpio e, para maior comodidade, estaria pagando para outro colega prestar o servi\u00e7o e que tal fato teria ocorrido sob anu\u00eancia dos respons\u00e1veis hier\u00e1rquicos e sem preju\u00edzo ao Estado. N\u00f3s contestamos e comprovamos que n\u00e3o houve nenhuma autoriza\u00e7\u00e3o. A atitude dele infringe os princ\u00edpios da moralidade e da legalidade, ele jamais poderia delegar a outra pessoa o cumprimento da sua fun\u00e7\u00e3o p\u00fablica\u201d, destaca o promotor.<\/span><\/p>\n<p><span style=\"font-family: helvetica, arial, sans-serif;\">Diante da sustenta\u00e7\u00e3o ministerial, o juiz Ewerton Luiz Carmiati julgou procedente o pedido formulado e condenou o r\u00e9u a perda dos valores acrescidos ilicitamente ao patrim\u00f4nio, ou ressarcimento, correspondente \u00e0 remunera\u00e7\u00e3o indevidamente recebida por ele enquanto n\u00e3o prestava pessoalmente os servi\u00e7os inerentes ao cargo de vigia, cujo valor dever\u00e1 ser apurado em liquida\u00e7\u00e3o de senten\u00e7a, perda da fun\u00e7\u00e3o p\u00fablica, pagamento de multa civil equivalente ao valor de acr\u00e9scimo patrimonial, a ser igualmente apurada em liquida\u00e7\u00e3o de senten\u00e7a, al\u00e9m de proibi-lo de contratar com o Poder P\u00fablico ou de receber benef\u00edcios ou incentivos fiscais ou credit\u00edcios, direta ou indiretamente, ainda que por interm\u00e9dio de pessoa jur\u00eddica da qual seja s\u00f3cio majorit\u00e1rio, pelo prazo de cinco anos.<\/span><\/p>\n","protected":false},"excerpt":{"rendered":"<p> [&hellip;]<\/p>\n","protected":false},"author":8,"featured_media":65632,"comment_status":"open","ping_status":"open","sticky":false,"template":"","format":"standard","meta":{"om_disable_all_campaigns":false,"_monsterinsights_skip_tracking":false,"_monsterinsights_sitenote_active":false,"_monsterinsights_sitenote_note":"","_monsterinsights_sitenote_category":0,"_uf_show_specific_survey":0,"_uf_disable_surveys":false,"footnotes":""},"categories":[2],"tags":[],"class_list":["post-65769","post","type-post","status-publish","format-standard","has-post-thumbnail","hentry","category-not_mpal"],"aioseo_notices":[],"_links":{"self":[{"href":"https:\/\/www.mpal.mp.br\/index.php?rest_route=\/wp\/v2\/posts\/65769","targetHints":{"allow":["GET"]}}],"collection":[{"href":"https:\/\/www.mpal.mp.br\/index.php?rest_route=\/wp\/v2\/posts"}],"about":[{"href":"https:\/\/www.mpal.mp.br\/index.php?rest_route=\/wp\/v2\/types\/post"}],"author":[{"embeddable":true,"href":"https:\/\/www.mpal.mp.br\/index.php?rest_route=\/wp\/v2\/users\/8"}],"replies":[{"embeddable":true,"href":"https:\/\/www.mpal.mp.br\/index.php?rest_route=%2Fwp%2Fv2%2Fcomments&post=65769"}],"version-history":[{"count":1,"href":"https:\/\/www.mpal.mp.br\/index.php?rest_route=\/wp\/v2\/posts\/65769\/revisions"}],"predecessor-version":[{"id":65770,"href":"https:\/\/www.mpal.mp.br\/index.php?rest_route=\/wp\/v2\/posts\/65769\/revisions\/65770"}],"wp:featuredmedia":[{"embeddable":true,"href":"https:\/\/www.mpal.mp.br\/index.php?rest_route=\/wp\/v2\/media\/65632"}],"wp:attachment":[{"href":"https:\/\/www.mpal.mp.br\/index.php?rest_route=%2Fwp%2Fv2%2Fmedia&parent=65769"}],"wp:term":[{"taxonomy":"category","embeddable":true,"href":"https:\/\/www.mpal.mp.br\/index.php?rest_route=%2Fwp%2Fv2%2Fcategories&post=65769"},{"taxonomy":"post_tag","embeddable":true,"href":"https:\/\/www.mpal.mp.br\/index.php?rest_route=%2Fwp%2Fv2%2Ftags&post=65769"}],"curies":[{"name":"wp","href":"https:\/\/api.w.org\/{rel}","templated":true}]}}