{"id":65757,"date":"2026-01-20T14:11:18","date_gmt":"2026-01-20T17:11:18","guid":{"rendered":"https:\/\/www.mpal.mp.br\/?p=65757"},"modified":"2026-01-20T14:12:01","modified_gmt":"2026-01-20T17:12:01","slug":"reflexos-das-acoes-mpal-teve-promotora-de-justica-como-palestrante-no-41o-congresso-internacional-de-educacao-fisica","status":"publish","type":"post","link":"https:\/\/www.mpal.mp.br\/?p=65757","title":{"rendered":"Reflexos das a\u00e7\u00f5es: MPAL teve promotora de Justi\u00e7a como palestrante no 41\u00ba Congresso Internacional de Educa\u00e7\u00e3o F\u00edsica"},"content":{"rendered":"<div class=\"fusion-fullwidth fullwidth-box fusion-builder-row-1 nonhundred-percent-fullwidth non-hundred-percent-height-scrolling\"  style='background-color: #ffffff;background-position: center center;background-repeat: no-repeat;padding-top:0px;padding-right:0px;padding-bottom:0px;padding-left:0px;'><div class=\"fusion-builder-row fusion-row \"><div  class=\"fusion-layout-column fusion_builder_column fusion_builder_column_1_1 fusion-builder-column-1 fusion-one-full fusion-column-first fusion-column-last 1_1\"  style='margin-top:0px;margin-bottom:0px;'>\n\t\t\t\t\t<div class=\"fusion-column-wrapper\" style=\"padding: 0px 0px 0px 0px;background-position:left top;background-repeat:no-repeat;-webkit-background-size:cover;-moz-background-size:cover;-o-background-size:cover;background-size:cover;\"   data-bg-url=\"\">\n\t\t\t\t\t\t<div class=\"fusion-text\"><p class=\"western\" align=\"justify\"><span style=\"font-family: helvetica, arial, sans-serif;\">O Minist\u00e9rio P\u00fablico de Alagoas (MPAL) marcou presen\u00e7a no 41\u00ba Congresso Internacional de Educa\u00e7\u00e3o F\u00edsica (FIEPS), realizado de 15 a 18 de janeiro, na cidade de Foz do Igua\u00e7u, no Paran\u00e1, para dialogar sobre <span style=\"color: #000000;\"><span style=\"font-size: medium;\"><span lang=\"pt-BR\">os efeitos jur\u00eddicos da pr\u00e1tica dos ass\u00e9dios moral e sexual pelos profissionais da Educa\u00e7\u00e3o F\u00edsica<\/span><\/span><\/span>. O evento foi organizado pela C\u00e2mara de Orienta\u00e7\u00e3o e \u00c9tica Profissional do Conselho Federal de Educa\u00e7\u00e3o F\u00edsica (CONFEF) que convidou a promotora de Justi\u00e7a do Controle Externo e Atividade Policial, Karla Padilha, para ministrar palestra com o tema \u201cAss\u00e9dio Moral e Sexual no Ambiente de Atua\u00e7\u00e3o do Profissional de Educa\u00e7\u00e3o F\u00edsica\u201d.<\/span><\/p>\n<p class=\"western\" align=\"justify\"><span style=\"font-family: helvetica, arial, sans-serif;\">O convite \u00e0 Karla Padilha aconteceu como resultado da sua luta no combate aos ass\u00e9dios moral e sexual nos \u00f3rg\u00e3os de seguran\u00e7a p\u00fablica, por meio do projeto \u201cMulheres em Seguran\u00e7a, ass\u00e9dio n\u00e3o!\u201d.<\/span><\/p>\n<p class=\"western\" align=\"justify\"><span style=\"font-family: helvetica, arial, sans-serif;\">\u201cSenti-me lisonjeada com o convite, ele reacende a certeza de que a semente plantada em nosso estado, por meio do projeto \u2018ass\u00e9dio n\u00e3o\u2019, germinou. Quando notamos a preocupa\u00e7\u00e3o de uma categoria em rela\u00e7\u00e3o ao cumprimento dos seus deveres, de forma respeitosa, primando pela \u00e9tica, permite acreditarmos que nem tudo est\u00e1 perdido e que, de certa forma, estamos contribuindo para essa transforma\u00e7\u00e3o de mentalidades. Aproveito para agradecer a oportunidade de conversar com os profissionais de educa\u00e7\u00e3o f\u00edsica, na pessoa do Patrick, pois a experi\u00eancia foi salutar, de muita intera\u00e7\u00e3o. Infelizmente esse \u00e9 um tema em que vamos trabalhar por muito tempo, mas, paulatinamente, com insist\u00eancia, orienta\u00e7\u00f5es e empenho, sentiremos os efeitos do enfrentamento tanto na preven\u00e7\u00e3o das diversas formas de ass\u00e9dio,<span style=\"color: #000000;\"><span style=\"font-size: medium;\"><span lang=\"pt-BR\">quanto<\/span><\/span><\/span>o nas possibilidades de responsabiliza\u00e7\u00e3o do profissional de Educa\u00e7\u00e3o F\u00edsica\u201d, destaca a promotora.<\/span><\/p>\n<p class=\"western\" align=\"justify\"><span style=\"font-family: helvetica, arial, sans-serif;\">O presidente da C\u00e2mara de Orienta\u00e7\u00e3o e \u00c9tica Profissional do Conselho Federal de Educa\u00e7\u00e3o F\u00edsica, Patrick Aguiar, falou sobre o evento e especificou a iniciativa de convidar a promotora como palestrante.<\/span><\/p>\n<p class=\"western\" align=\"justify\"><span style=\"font-family: helvetica, arial, sans-serif;\">\u201cPrimeiramente, gostar\u00edamos de agradecer a doutora Karla Padilha, ao Minist\u00e9rio P\u00fablico por ter liberado a doutora para fazer essa palestra t\u00e3o importante para os profissionais de Educa\u00e7\u00e3o F\u00edsica. N\u00f3s somos da C\u00e2mara de \u00c9tica Profissional do Conselho Federal de Educa\u00e7\u00e3o F\u00edsica e, nos \u00faltimos anos, temos visto que esse tema de ass\u00e9dio vem sendo muito recorrente em todas as esferas da sociedade, mas n\u00e3o podemos deixar isso avan\u00e7ar na nossa profiss\u00e3o. Ent\u00e3o, temos muitas \u00e1reas de interven\u00e7\u00e3o, seja na academia, seja nas escolas, seja nos parques, onde o profissional de educa\u00e7\u00e3o f\u00edsica atua, e o ass\u00e9dio n\u00e3o pode acontecer. Eis a import\u00e2ncia de estarmos alertando, conscientizando, trazendo demonstra\u00e7\u00f5es, tamb\u00e9m, do que pode acontecer com aquele profissional de educa\u00e7\u00e3o f\u00edsica que vier a cometer um ass\u00e9dio, todas as consequ\u00eancias que isso tem pra vida, al\u00e9m de alertar a nossa sociedade do que \u00e9 o ass\u00e9dio, porque muitas mulheres, muitas pessoas sofrem o ass\u00e9dio e n\u00e3o sabem identificar. Ent\u00e3o, foi de suma import\u00e2ncia pra gente essa participa\u00e7\u00e3o da doutora Karla Padilha\u201d, enfatiza o presidente.<\/span><\/p>\n<p class=\"western\" align=\"justify\"><span style=\"font-family: helvetica, arial, sans-serif;\">A palestra aconteceu no domingo, dia 18, e foi transmitido pelo site do Conselho Federal de Educa\u00e7\u00e3o F\u00edsica e pelo do FIEPS Brasil. Durante a explana\u00e7\u00e3o, a promotora Karla Padilha esbo\u00e7ou a campanha de iniciativa do MPAL desencadeada entre os \u00f3rg\u00e3os de Seguran\u00e7a P\u00fablica e, tamb\u00e9m, dentro da pr\u00f3pria institui\u00e7\u00e3o. Mostrou todo o tr\u00e2mite, dados e forma de execu\u00e7\u00e3o.<\/span><\/p>\n<p class=\"western\" align=\"justify\"><span style=\"font-family: helvetica, arial, sans-serif;\">Por fim, a representante ministerial aprofundou-se no tema escolhido para o momento, destacando a cautela, responsabilidade e respeito que os profissionais de Educa\u00e7\u00e3o F\u00edsica devem ter em seus locais de trabalho, para n\u00e3o culminar em den\u00fancias e puni\u00e7\u00f5es .<\/span><\/p>\n<p class=\"western\" align=\"justify\"><span style=\"font-family: helvetica, arial, sans-serif;\">\u201cPor mais que os homens tamb\u00e9m sofram ass\u00e9dio, <span style=\"color: #000000;\"><span style=\"font-size: medium;\"><span lang=\"pt-BR\">as mulheres, indubitavelmente, s\u00e3o as maiores v\u00edtimas, isso reacende a preocupa\u00e7\u00e3o com o cen\u00e1rio machista e que fomenta, ainda em dias atuais, pr\u00e1ticas t\u00e3o nefastas que j\u00e1 deveriam estar completamente banidas das rela\u00e7\u00f5es <\/span><\/span><\/span>o maior percentual \u00e9 destinado \u00e0s mulheres. No ramo da Educa\u00e7\u00e3o F\u00edsica, que pode ocorrer em pra\u00e7as ambientes fechados, academias de gin\u00e1stica e competi\u00e7\u00f5es esportivas, muitas vezes h\u00e1 a necessidade do contato entre o educador, treinador, professor e as alunas ou alunos. Tamb\u00e9m as roupas <span style=\"color: #000000;\"><span style=\"font-size: medium;\"><span lang=\"pt-BR\">utilizadas <\/span><\/span><\/span> tendem a revelar as formas f\u00edsicas e tudo isso pode ser um gatilho para que epis\u00f3dios de ass\u00e9dio ocorram. O importante \u00e9 que a v\u00edtima n\u00e3o seja criminalizada, saiba identificar quando a pr\u00e1tia ocorre e bus<span style=\"color: #000000;\"><span style=\"font-size: medium;\"><span lang=\"pt-BR\">que<\/span><\/span><\/span> os canais competentes para obter a repara\u00e7\u00e3o pelos danos sofridos, bem como a responsabiliza\u00e7\u00e3o do agressor tento na esfera criminal, quanto na administrativa e civil\u201d, conclui.<\/span><\/p>\n<\/div><style type=\"text\/css\">.fusion-gallery-1 .fusion-gallery-image {border:0px solid #f6f6f6;-webkit-border-radius:5px;-moz-border-radius:5px;border-radius:5px;}<\/style><div class=\"fusion-gallery fusion-gallery-container fusion-grid-3 fusion-columns-total-0 fusion-gallery-layout-grid fusion-gallery-1\" style=\"margin:-5px;\"><div style=\"padding:5px;\" class=\"fusion-grid-column fusion-gallery-column fusion-gallery-column-3 hover-type-none\"><div class=\"fusion-gallery-image\"><a href=\"https:\/\/www.mpal.mp.br\/wp-content\/uploads\/2026\/01\/image.png\" rel=\"noreferrer\" data-rel=\"iLightbox[gallery_image_1]\" class=\"fusion-lightbox\" target=\"_self\"><img loading=\"lazy\" decoding=\"async\" src=\"https:\/\/www.mpal.mp.br\/wp-content\/uploads\/2026\/01\/image.png\" width=\"796\" height=\"448\" alt=\"\" title=\"image\" aria-label=\"image\" class=\"img-responsive wp-image-65762\" \/><\/a><\/div><\/div><\/div><style type=\"text\/css\">.fusion-gallery-2 .fusion-gallery-image {border:0px solid #f6f6f6;-webkit-border-radius:5px;-moz-border-radius:5px;border-radius:5px;}<\/style><div class=\"fusion-gallery fusion-gallery-container fusion-grid-3 fusion-columns-total-0 fusion-gallery-layout-grid fusion-gallery-2\" style=\"margin:-5px;\"><div style=\"padding:5px;\" class=\"fusion-grid-column fusion-gallery-column fusion-gallery-column-3 hover-type-none\"><div class=\"fusion-gallery-image\"><a href=\"https:\/\/www.mpal.mp.br\/wp-content\/uploads\/2026\/01\/congresso.jpg\" rel=\"noreferrer\" data-rel=\"iLightbox[gallery_image_2]\" class=\"fusion-lightbox\" target=\"_self\"><img loading=\"lazy\" decoding=\"async\" src=\"https:\/\/www.mpal.mp.br\/wp-content\/uploads\/2026\/01\/congresso.jpg\" width=\"1280\" height=\"720\" alt=\"\" title=\"congresso\" aria-label=\"congresso\" class=\"img-responsive wp-image-65763\" \/><\/a><\/div><\/div><\/div><div class=\"fusion-clearfix\"><\/div>\n\n\t\t\t\t\t<\/div>\n\t\t\t\t<\/div><\/div><\/div>\n","protected":false},"excerpt":{"rendered":"","protected":false},"author":8,"featured_media":65762,"comment_status":"open","ping_status":"open","sticky":false,"template":"","format":"standard","meta":{"om_disable_all_campaigns":false,"_monsterinsights_skip_tracking":false,"_monsterinsights_sitenote_active":false,"_monsterinsights_sitenote_note":"","_monsterinsights_sitenote_category":0,"_uf_show_specific_survey":0,"_uf_disable_surveys":false,"footnotes":""},"categories":[2],"tags":[],"class_list":["post-65757","post","type-post","status-publish","format-standard","has-post-thumbnail","hentry","category-not_mpal"],"aioseo_notices":[],"_links":{"self":[{"href":"https:\/\/www.mpal.mp.br\/index.php?rest_route=\/wp\/v2\/posts\/65757","targetHints":{"allow":["GET"]}}],"collection":[{"href":"https:\/\/www.mpal.mp.br\/index.php?rest_route=\/wp\/v2\/posts"}],"about":[{"href":"https:\/\/www.mpal.mp.br\/index.php?rest_route=\/wp\/v2\/types\/post"}],"author":[{"embeddable":true,"href":"https:\/\/www.mpal.mp.br\/index.php?rest_route=\/wp\/v2\/users\/8"}],"replies":[{"embeddable":true,"href":"https:\/\/www.mpal.mp.br\/index.php?rest_route=%2Fwp%2Fv2%2Fcomments&post=65757"}],"version-history":[{"count":2,"href":"https:\/\/www.mpal.mp.br\/index.php?rest_route=\/wp\/v2\/posts\/65757\/revisions"}],"predecessor-version":[{"id":65764,"href":"https:\/\/www.mpal.mp.br\/index.php?rest_route=\/wp\/v2\/posts\/65757\/revisions\/65764"}],"wp:featuredmedia":[{"embeddable":true,"href":"https:\/\/www.mpal.mp.br\/index.php?rest_route=\/wp\/v2\/media\/65762"}],"wp:attachment":[{"href":"https:\/\/www.mpal.mp.br\/index.php?rest_route=%2Fwp%2Fv2%2Fmedia&parent=65757"}],"wp:term":[{"taxonomy":"category","embeddable":true,"href":"https:\/\/www.mpal.mp.br\/index.php?rest_route=%2Fwp%2Fv2%2Fcategories&post=65757"},{"taxonomy":"post_tag","embeddable":true,"href":"https:\/\/www.mpal.mp.br\/index.php?rest_route=%2Fwp%2Fv2%2Ftags&post=65757"}],"curies":[{"name":"wp","href":"https:\/\/api.w.org\/{rel}","templated":true}]}}