{"id":65706,"date":"2026-01-19T09:07:37","date_gmt":"2026-01-19T12:07:37","guid":{"rendered":"https:\/\/www.mpal.mp.br\/?p=65706"},"modified":"2026-01-19T09:13:07","modified_gmt":"2026-01-19T12:13:07","slug":"65706","status":"publish","type":"post","link":"https:\/\/www.mpal.mp.br\/?p=65706","title":{"rendered":"Janeiro branco: Comiss\u00e3o de Sa\u00fade Mental do MPAL apresentar\u00e1 coral como ferramenta de bem-estar"},"content":{"rendered":"<p class=\"western\" align=\"justify\"><span style=\"font-family: helvetica, arial, sans-serif;\">Encontrar o equil\u00edbrio emocional, pensar em paz, leveza \u00e9 o pensado pela Comiss\u00e3o de Sa\u00fade Mental do Minist\u00e9rio P\u00fablico de Alagoas (MPAL) que, no dia 22 de janeiro, reunir\u00e1 membros, servidores e colaboradores para apresentar o Coro Cantus Legis como um instrumento transformador dentro da institui\u00e7\u00e3o. O prop\u00f3sito \u00e9 motivar o ingresso de mais pessoas, unindo-as em um espa\u00e7o que promova bem-estar, aumente as boas rela\u00e7\u00f5es, a intera\u00e7\u00e3o e a harmonia por meio da m\u00fasica.<\/span><\/p>\n<p class=\"western\" align=\"justify\"><span style=\"font-family: helvetica, arial, sans-serif;\">A presidente da Comiss\u00e3o, procuradora de Justi\u00e7a Sandra Malta Prata Lima, destaca a import\u00e2ncia do encontro e aproveita para fazer o convite.<\/span><\/p>\n<p class=\"western\" align=\"justify\"><span style=\"font-family: helvetica, arial, sans-serif;\">\u201cTodos sabem que o janeiro branco traz reflex\u00f5es e nos leva a repensar o dia a dia, como tratamos nossas emo\u00e7\u00f5es, como administramos nosso tempo. Neste ano, inclusive, o tema da campanha \u00e9 \u2018paz, equil\u00edbrio e sa\u00fade mental\u2019, e o coro do Minist\u00e9rio P\u00fablico tem mostrado como a musicalidade pode modificar a mente das pessoas, como ela equilibra o emocional. Com esse entendimento, resolvemos marcar um momento para que os integrantes deem seus depoimentos, falem dos benef\u00edcios identificados e, tamb\u00e9m, apresentem alguns c\u00e2nticos do seu repert\u00f3rio, para deixar o ambiente leve e para despertar os participantes\u201d, ressalta a procuradora.<\/span><\/p>\n<p class=\"western\" align=\"justify\"><span style=\"font-family: helvetica, arial, sans-serif;\">Dentro desse contexto, Sandra Malta, oportunamente, convida a todos que formam a fam\u00edlia Minist\u00e9rio P\u00fablico de Alagoas para, a partir das 9h, do dia 22 pr\u00f3ximo, se fazerem presentes no Audit\u00f3rio Edgar Valente de Lima, que fica no 5\u00ba andar do pr\u00e9dio-sede da Procuradoria de Justi\u00e7a, no bairro Po\u00e7o, em Macei\u00f3, para uma grande celebra\u00e7\u00e3o.<\/span><\/p>\n<p class=\"western\" align=\"justify\"><span style=\"font-family: helvetica, arial, sans-serif;\"><b>CNMP <\/b><\/span><\/p>\n<p class=\"western\" align=\"justify\"><span style=\"font-family: helvetica, arial, sans-serif;\">A iniciativa da Comiss\u00e3o do MPAL se molda \u00e0 <span style=\"color: #0a0a0a;\"><span style=\"font-size: medium;\">Resolu\u00e7\u00e3o n\u00ba 265\/2023, do<\/span><\/span> Conselho Nacional do Minist\u00e9rio P\u00fablico (CNMP),<span style=\"color: #0a0a0a;\"><span style=\"font-size: medium;\"> que instituiu a <\/span><\/span><span style=\"color: #0a0a0a;\"><span style=\"font-size: medium;\">Pol\u00edtica Nacional de Aten\u00e7\u00e3o \u00e0 Sa\u00fade Mental <\/span><\/span><span style=\"color: #0a0a0a;\"><span style=\"font-size: medium;\">para <\/span><\/span><span style=\"color: #0a0a0a;\"><span style=\"font-size: medium;\"><span lang=\"pt-BR\">integrantes do Minist\u00e9rio P\u00fablico<\/span><\/span><\/span><span style=\"color: #0a0a0a;\"><span style=\"font-size: medium;\">, tendo, como foco principal, a preven\u00e7\u00e3o, o acolhimento e o combate a ass\u00e9dios e discrimina\u00e7\u00e3o por meio da atua\u00e7\u00e3o de <\/span><\/span><span style=\"color: #0a0a0a;\"><span style=\"font-size: medium;\">Comiss\u00f5es de Preven\u00e7\u00e3o a Situa\u00e7\u00f5es de Risco em Sa\u00fade Mental, formadas em cada unidade<\/span><\/span><span style=\"color: #0a0a0a;\"><span style=\"font-size: medium;\"> ministerial e regulamentadas pela <\/span><\/span><span style=\"color: #0a0a0a;\"><span style=\"font-size: medium;\">Resolu\u00e7\u00e3o n\u00ba 315\/2025, tamb\u00e9m do CNMP, com o objetivo de promover bem-estar, reduzir fatores de risco psicossociais e garantir um ambiente de trabalho saud\u00e1vel.<\/span><\/span><\/span><\/p>\n","protected":false},"excerpt":{"rendered":"<p> [&hellip;]<\/p>\n","protected":false},"author":8,"featured_media":65708,"comment_status":"open","ping_status":"open","sticky":false,"template":"","format":"standard","meta":{"om_disable_all_campaigns":false,"_monsterinsights_skip_tracking":false,"_monsterinsights_sitenote_active":false,"_monsterinsights_sitenote_note":"","_monsterinsights_sitenote_category":0,"_uf_show_specific_survey":0,"_uf_disable_surveys":false,"footnotes":""},"categories":[2],"tags":[],"class_list":["post-65706","post","type-post","status-publish","format-standard","has-post-thumbnail","hentry","category-not_mpal"],"aioseo_notices":[],"_links":{"self":[{"href":"https:\/\/www.mpal.mp.br\/index.php?rest_route=\/wp\/v2\/posts\/65706","targetHints":{"allow":["GET"]}}],"collection":[{"href":"https:\/\/www.mpal.mp.br\/index.php?rest_route=\/wp\/v2\/posts"}],"about":[{"href":"https:\/\/www.mpal.mp.br\/index.php?rest_route=\/wp\/v2\/types\/post"}],"author":[{"embeddable":true,"href":"https:\/\/www.mpal.mp.br\/index.php?rest_route=\/wp\/v2\/users\/8"}],"replies":[{"embeddable":true,"href":"https:\/\/www.mpal.mp.br\/index.php?rest_route=%2Fwp%2Fv2%2Fcomments&post=65706"}],"version-history":[{"count":3,"href":"https:\/\/www.mpal.mp.br\/index.php?rest_route=\/wp\/v2\/posts\/65706\/revisions"}],"predecessor-version":[{"id":65710,"href":"https:\/\/www.mpal.mp.br\/index.php?rest_route=\/wp\/v2\/posts\/65706\/revisions\/65710"}],"wp:featuredmedia":[{"embeddable":true,"href":"https:\/\/www.mpal.mp.br\/index.php?rest_route=\/wp\/v2\/media\/65708"}],"wp:attachment":[{"href":"https:\/\/www.mpal.mp.br\/index.php?rest_route=%2Fwp%2Fv2%2Fmedia&parent=65706"}],"wp:term":[{"taxonomy":"category","embeddable":true,"href":"https:\/\/www.mpal.mp.br\/index.php?rest_route=%2Fwp%2Fv2%2Fcategories&post=65706"},{"taxonomy":"post_tag","embeddable":true,"href":"https:\/\/www.mpal.mp.br\/index.php?rest_route=%2Fwp%2Fv2%2Ftags&post=65706"}],"curies":[{"name":"wp","href":"https:\/\/api.w.org\/{rel}","templated":true}]}}