{"id":65703,"date":"2026-01-16T16:30:21","date_gmt":"2026-01-16T19:30:21","guid":{"rendered":"https:\/\/www.mpal.mp.br\/?p=65703"},"modified":"2026-01-20T15:47:38","modified_gmt":"2026-01-20T18:47:38","slug":"decisao-apos-acao-do-mpal-a-justica-determina-reestruturacao-da-defesa-civil-de-delmiro-gouveia","status":"publish","type":"post","link":"https:\/\/www.mpal.mp.br\/?p=65703","title":{"rendered":"Decis\u00e3o: Ap\u00f3s a\u00e7\u00e3o do MPAL, a Justi\u00e7a determina reestrutura\u00e7\u00e3o da Defesa Civil de Delmiro Gouveia"},"content":{"rendered":"<p style=\"text-align: justify;\" align=\"justify\"><span style=\"font-family: helvetica, arial, sans-serif; font-size: 12pt; color: #000000;\">Uma<u> <\/u>a\u00e7\u00e3o civil p\u00fablica proposta pelo Minist\u00e9rio P\u00fablico do Estado de Alagoas, pedindo a regulamenta\u00e7\u00e3o eficaz da pol\u00edtica p\u00fablica municipal da Defesa Civil, de Delmiro Gouveia, comprovando a grave omiss\u00e3o administrativa do Munic\u00edpio, e que havia sido julgada improcedente, tomou novo rumo ap\u00f3s decis\u00e3o do Tribunal de Justi\u00e7a de Alagoas (TJAL), assinada pelo desembargador Paulo Zacarias da Silva. A a\u00e7\u00e3o colocou, tamb\u00e9m, como r\u00e9u o Estado. Ao reformar parcialmente a senten\u00e7a, o magistrado, al\u00e9m de determinar a reestrutura\u00e7\u00e3o do mencionado \u00f3rg\u00e3o p\u00fablico, lan\u00e7ou um alerta em rela\u00e7\u00e3o aos riscos que promoveria a omiss\u00e3o estatal, fazendo um comparativo com frequentes desastres socioambientais no cen\u00e1rio nacional. <\/span><\/p>\n<p style=\"text-align: justify;\" align=\"justify\"><span style=\"font-family: helvetica, arial, sans-serif; font-size: 12pt; color: #000000;\">A apela\u00e7\u00e3o, relatada pelo desembargador, analisou a atua\u00e7\u00e3o do Minist\u00e9rio P\u00fablico contra o Munic\u00edpio de Delmiro Gouveia e o Estado de Alagoas, em a\u00e7\u00e3o que questionava a inefetividade do sistema municipal de Defesa Civil. O ac\u00f3rd\u00e3o foi categ\u00f3rico ao afirmar que criar estruturas administrativas sem atua\u00e7\u00e3o pr\u00e1tica n\u00e3o \u00e9 o suficiente para enfrentar riscos reais e conhecidos. Portanto, por decis\u00e3o un\u00e2nime da 3\u00aa C\u00e2mara C\u00edvel, o Judici\u00e1rio reconheceu que a exist\u00eancia meramente formal de \u00f3rg\u00e3os de prote\u00e7\u00e3o n\u00e3o atende ao dever constitucional de salvaguardar a vida, o meio ambiente e a seguran\u00e7a da popula\u00e7\u00e3o.<\/span><\/p>\n<p style=\"text-align: justify;\"><span style=\"font-family: helvetica, arial, sans-serif; color: #000000;\">No voto vencedor, o relator destacou que \u201ca Defesa Civil \u00e9 um dos principais instrumentos de promo\u00e7\u00e3o da resili\u00eancia urbana, entendida como a capacidade das cidades de antecipar, resistir, responder e se recuperar de eventos adversos. Segundo o TJAL, embora exista formalmente a Comiss\u00e3o Municipal de Defesa Civil (COMDEC), n\u00e3o houve comprova\u00e7\u00e3o de a\u00e7\u00f5es preventivas, planos de conting\u00eancia, mapeamento de \u00e1reas de risco ou resposta adequada \u00e0s demandas t\u00e9cnicas formuladas por \u00f3rg\u00e3os especializados.<\/span><\/p>\n<p style=\"text-align: justify;\" align=\"justify\"><span style=\"font-family: helvetica, arial, sans-serif; font-size: 12pt; color: #000000;\">O ac\u00f3rd\u00e3o dialoga com uma realidade nacional marcada por trag\u00e9dias anunciadas como enchentes em \u00e1reas urbanas densamente ocupadas, deslizamentos em encostas vulner\u00e1veis, rompimentos de estruturas e colapsos associados \u00e0 ocupa\u00e7\u00e3o desordenada do solo e \u00e0 aus\u00eancia de planejamento. Em muitos desses epis\u00f3dios, investiga\u00e7\u00f5es posteriores revelam um padr\u00e3o comum que s\u00e3o os alertas t\u00e9cnicos ignorados, a aus\u00eancia de planos de conting\u00eancia e Defesa Civil reduzida a um \u00f3rg\u00e3o burocr\u00e1tico, acionado apenas ap\u00f3s a ocorr\u00eancia do desastre.<\/span><\/p>\n<p style=\"text-align: justify;\"><span style=\"font-family: helvetica, arial, sans-serif; color: #000000;\">\u201cA decis\u00e3o refor\u00e7a que cabe ao Munic\u00edpio executar, no plano local, a Pol\u00edtica Nacional de Prote\u00e7\u00e3o e Defesa Civil, enquanto o Estado exerce papel complementar de coordena\u00e7\u00e3o, apoio t\u00e9cnico e integra\u00e7\u00e3o. Essa l\u00f3gica de corresponsabilidade foi essencial para afastar a alega\u00e7\u00e3o de ilegitimidade passiva do ente estadual. Ao exigir a\u00e7\u00f5es preventivas, sistemas de alerta, campanhas de conscientiza\u00e7\u00e3o e restri\u00e7\u00f5es de uso em \u00e1reas de risco, o TJAL sinaliza que a fun\u00e7\u00e3o da Defesa Civil \u00e9, sobretudo, evitar que desastres ocorram, e n\u00e3o apenas responder a emerg\u00eancias j\u00e1 consumadas. Trata-se de uma mudan\u00e7a de paradigma que passa da gest\u00e3o reativa para a preven\u00e7\u00e3o estruturada\u201d, destaca o promotor de Justi\u00e7a Paulo Henrique Prado.<\/span><\/p>\n<p style=\"text-align: justify;\"><span style=\"font-family: helvetica, arial, sans-serif; font-size: 12pt; color: #000000;\"><b>O alerta dos C\u00e2nions do Xing\u00f3<\/b><\/span><\/p>\n<p style=\"text-align: justify;\"><span style=\"font-family: helvetica, arial, sans-serif; font-size: 12pt; color: #000000;\">Um dos eixos centrais do julgamento foi a an\u00e1lise de estudos t\u00e9cnicos do Servi\u00e7o Geol\u00f3gico do Brasil (CPRM), que identificaram riscos concretos de deslizamentos, quedas de blocos rochosos e outros eventos perigosos na regi\u00e3o dos C\u00e2nions do Xing\u00f3\u2014 \u00e1rea de grande relev\u00e2ncia tur\u00edstica, ambiental e econ\u00f4mica. Mesmo ap\u00f3s of\u00edcios, relat\u00f3rios e recomenda\u00e7\u00f5es formais, o Munic\u00edpio n\u00e3o apresentou documenta\u00e7\u00e3o que comprovasse a ado\u00e7\u00e3o de medidas preventivas, o que evidenciou a omiss\u00e3o administrativa.<\/span><\/p>\n<p style=\"text-align: justify;\"><span style=\"font-family: helvetica, arial, sans-serif; color: #000000;\"><b>Determina\u00e7\u00e3o judicial<\/b><\/span><\/p>\n<p style=\"text-align: justify;\"><span style=\"font-family: helvetica, arial, sans-serif; color: #000000;\">A decis\u00e3o imp\u00f4s obriga\u00e7\u00f5es claras e com prazos definidos ao Estado e ao Munic\u00edpio de Delmiro Gouveia.<\/span><\/p>\n<p style=\"text-align: justify;\" align=\"justify\"><span style=\"font-family: helvetica, arial, sans-serif; font-size: 12pt; color: #000000;\">Ao Estado pediu que apresente cronograma e execute, em at\u00e9 seis meses, as etapas t\u00e9cnicas necess\u00e1rias \u00e0 implanta\u00e7\u00e3o efetiva da <a style=\"color: #000000;\" href=\"https:\/\/www.google.com\/search?q=Coordenadoria+ou+Conselho+Municipal+de+Defesa+Civil&amp;rlz=1C1GCEU_pt-BRBR928BR928&amp;sca_esv=1af006d14f18ca7f&amp;sxsrf=ANbL-n7WiXizhuVN9qH6xXzsd6S1k8IJPQ%3A1768589376985&amp;ei=QIhqaYfdO7rW5OUPnPmc4QY&amp;ved=2ahUKEwjg84e84ZCSAxVOAbkGHcz0JhsQgK4QegQIARAB&amp;oq=COMDEC&amp;gs_lp=Egxnd3Mtd2l6LXNlcnAiBkNPTURFQzIFEAAYgAQyDBAAGIAEGLEDGAoYCzIFEAAYgAQyBRAAGIAEMgkQABiABBgKGAsyBRAAGIAEMgcQABiABBgKMgkQABiABBgKGAsyCRAAGIAEGAoYCzIJEAAYgAQYChgLSPgvUIALWIALcAF4AZABAJgBrQGgAa0BqgEDMC4xuAEMyAEA-AEB-AECmAICoALAAagCEcICBxAjGCcY6gLCAg0QLhjHARgnGOoCGK8BwgIHEC4YJxjqAsICFhAAGIAEGEMYtAIY5wYYigUY6gLYAQHCAh8QLhiABBjRAxhDGLQCGOcGGMcBGMgDGIoFGOoC2AEBmAMK8QXog0JyjCHJJLoGBggBEAEYAZIHAzEuMaAHzASyBwMwLjG4B7YBwgcDMi0yyAcNgAgA&amp;sclient=gws-wiz-serp\"><strong>Coordenadoria ou Conselho Municipal de<\/strong><u> <\/u><strong>Defesa Civil<\/strong><\/a> (Comdec), conforme diretrizes federais. J\u00e1 ao Munic\u00edpio, determinou que regulamente a lei municipal da Defesa Civil, nomeie seus membros, garanta estrutura material e funcional ao \u00f3rg\u00e3o e comprove, por um ano, a realiza\u00e7\u00e3o cont\u00ednua de a\u00e7\u00f5es, reuni\u00f5es e articula\u00e7\u00f5es institucionais.<\/span><\/p>\n<p style=\"text-align: justify;\" align=\"justify\"><span style=\"font-family: helvetica, arial, sans-serif; font-size: 12pt; color: #000000;\">Al\u00e9m disso, definiu responsabilidades similares para ambos, como exemplo, demonstrar, de forma conjunta, as medidas adotadas para mitigar os riscos nos C\u00e2nions do Xing\u00f3, incluindo planos de conting\u00eancia, sistemas de alerta, controle de visita\u00e7\u00e3o e campanhas educativas.<br \/>\n<b><br \/>\nUm precedente para cidades mais seguras<\/b><\/span><\/p>\n<p style=\"text-align: justify;\"><span style=\"font-family: helvetica, arial, sans-serif; color: #000000;\">Para a Promotoria de Justi\u00e7a da Comarca, m<span style=\"font-size: medium;\"><span style=\"font-size: 12pt;\">ais do que resolver um caso concreto, a decis\u00e3o estabelece um precedente relevante para Alagoas e para o pa\u00eds. Ao afirmar que a in\u00e9rcia do poder p\u00fablico diante de riscos conhecidos \u00e9 juridicamente inaceit\u00e1vel, o TJAL refor\u00e7a que a resili\u00eancia das cidades \u00e9 um dever constitucional e administrativo, diretamente ligado \u00e0 prote\u00e7\u00e3o do meio ambiente e da vida humana.<\/span><\/span><\/span><\/p>\n<p style=\"text-align: justify;\"><span style=\"font-family: helvetica, arial, sans-serif; color: #000000;\">\u201cEm um cen\u00e1rio de mudan\u00e7as clim\u00e1ticas e eventos extremos cada vez mais intensos, o recado \u00e9 claro: fortalecer a Defesa Civil, com planejamento, estrutura e atua\u00e7\u00e3o permanente, n\u00e3o \u00e9 op\u00e7\u00e3o pol\u00edtica, \u00e9 obriga\u00e7\u00e3o legal e condi\u00e7\u00e3o indispens\u00e1vel para evitar que trag\u00e9dias anunciadas se repitam\u201d, <span style=\"font-size: medium;\">conclui o promotor<\/span><span style=\"font-size: medium;\">.<\/span><\/span><\/p>\n","protected":false},"excerpt":{"rendered":"<p> [&hellip;]<\/p>\n","protected":false},"author":8,"featured_media":55287,"comment_status":"open","ping_status":"open","sticky":false,"template":"","format":"standard","meta":{"om_disable_all_campaigns":false,"_monsterinsights_skip_tracking":false,"_monsterinsights_sitenote_active":false,"_monsterinsights_sitenote_note":"","_monsterinsights_sitenote_category":0,"_uf_show_specific_survey":0,"_uf_disable_surveys":false,"footnotes":""},"categories":[2],"tags":[],"class_list":["post-65703","post","type-post","status-publish","format-standard","has-post-thumbnail","hentry","category-not_mpal"],"aioseo_notices":[],"_links":{"self":[{"href":"https:\/\/www.mpal.mp.br\/index.php?rest_route=\/wp\/v2\/posts\/65703","targetHints":{"allow":["GET"]}}],"collection":[{"href":"https:\/\/www.mpal.mp.br\/index.php?rest_route=\/wp\/v2\/posts"}],"about":[{"href":"https:\/\/www.mpal.mp.br\/index.php?rest_route=\/wp\/v2\/types\/post"}],"author":[{"embeddable":true,"href":"https:\/\/www.mpal.mp.br\/index.php?rest_route=\/wp\/v2\/users\/8"}],"replies":[{"embeddable":true,"href":"https:\/\/www.mpal.mp.br\/index.php?rest_route=%2Fwp%2Fv2%2Fcomments&post=65703"}],"version-history":[{"count":3,"href":"https:\/\/www.mpal.mp.br\/index.php?rest_route=\/wp\/v2\/posts\/65703\/revisions"}],"predecessor-version":[{"id":65767,"href":"https:\/\/www.mpal.mp.br\/index.php?rest_route=\/wp\/v2\/posts\/65703\/revisions\/65767"}],"wp:featuredmedia":[{"embeddable":true,"href":"https:\/\/www.mpal.mp.br\/index.php?rest_route=\/wp\/v2\/media\/55287"}],"wp:attachment":[{"href":"https:\/\/www.mpal.mp.br\/index.php?rest_route=%2Fwp%2Fv2%2Fmedia&parent=65703"}],"wp:term":[{"taxonomy":"category","embeddable":true,"href":"https:\/\/www.mpal.mp.br\/index.php?rest_route=%2Fwp%2Fv2%2Fcategories&post=65703"},{"taxonomy":"post_tag","embeddable":true,"href":"https:\/\/www.mpal.mp.br\/index.php?rest_route=%2Fwp%2Fv2%2Ftags&post=65703"}],"curies":[{"name":"wp","href":"https:\/\/api.w.org\/{rel}","templated":true}]}}