{"id":65700,"date":"2026-01-16T14:09:14","date_gmt":"2026-01-16T17:09:14","guid":{"rendered":"https:\/\/www.mpal.mp.br\/?p=65700"},"modified":"2026-01-16T14:09:14","modified_gmt":"2026-01-16T17:09:14","slug":"por-meio-do-navid-o-mpal-aciona-o-plid-de-sao-paulo-na-tentativa-de-localizar-alagoano-desaparecido","status":"publish","type":"post","link":"https:\/\/www.mpal.mp.br\/?p=65700","title":{"rendered":"Por meio do Navid, o MPAL aciona o Plid de S\u00e3o Paulo na tentativa de localizar alagoano desaparecido"},"content":{"rendered":"<p style=\"text-align: justify;\" align=\"justify\"><span style=\"font-family: helvetica, arial, sans-serif;\">O Minist\u00e9rio P\u00fablico de Alagoas , por meio da coordena\u00e7\u00e3o do N\u00facleo de Apoio \u00e0s V\u00edtimas e Desaparecidos (Navid), ao receber informa\u00e7\u00f5es sobre o desaparecimento de Rafael da Silva Barros, abriu procedimento, fez o registro do caso e manteve, imediatamente, contato com o Programa de Localiza\u00e7\u00e3o e Identifica\u00e7\u00e3o de Desaparecidos (Plid\/SP). Apesar de n\u00e3o ter ocorrido em nosso estado, familiares de Rafael s\u00e3o de Alagoas e, junto com amigos, tentam encontr\u00e1-lo.<\/span><\/p>\n<p style=\"text-align: justify;\" align=\"justify\"><span style=\"font-family: helvetica, arial, sans-serif;\">A promotora de justi\u00e7a Marluce Falc\u00e3o, coordenadora dao Navid, explica como procedeu o acionamento \u00e0 unidade do Minist\u00e9rio P\u00fablico de S\u00e3o Paulo (MPSP).<\/span><\/p>\n<p style=\"text-align: justify;\" align=\"justify\"><span style=\"font-family: helvetica, arial, sans-serif;\">&#8220;Diante da not\u00edcia do desaparecimento do alagoano Rafael, ocorrido na cidade de Jundia\u00ed, estado de S\u00e3o Paulo, o PLID-AL, de imediato, registrou o caso no SINALID e comunicou o desaparecimento ao PLID-SP, solicitando \u00e0 coordenadora Eliana Vendramini dilig\u00eancias e acompanhamento das buscas pela Pol\u00edcia Civil, visando a localiza\u00e7\u00e3o de seu paradeiro .<\/span><br \/>\n<span style=\"font-family: helvetica, arial, sans-serif;\">Destacamos que a atua\u00e7\u00e3o do PLID \u00e9 feita por meio de uma rede nacional coordenada pela Comiss\u00e3o de Direitos Fundamentais do CNMP.<\/span><br \/>\n<span style=\"font-family: helvetica, arial, sans-serif;\">O PLIDAL j\u00e1 atuou junto com PLISP em outros casos de sucesso, encontrando e salvando vidas de forma a devolver os entes queridos \u00e0s suas<\/span><br \/>\n<span style=\"font-family: helvetica, arial, sans-serif;\">fam\u00edlias\u201d, destaca.<\/span><\/p>\n<p style=\"text-align: justify;\" align=\"justify\"><span style=\"font-family: helvetica, arial, sans-serif;\">Como parceiros importantes nessa busca o MPAL fez contato com os ve\u00edculos de Comunica\u00e7\u00e3o, inclusive os televisivos, afiliados de emissoras de S\u00e3o Paulo, para que sejam intermedi\u00e1rios nessa busca.<\/span><\/p>\n<p style=\"text-align: justify;\" align=\"justify\"><span style=\"font-family: helvetica, arial, sans-serif;\"><b>O caso<\/b><\/span><\/p>\n<p style=\"text-align: justify;\" align=\"justify\"><span style=\"font-family: helvetica, arial, sans-serif;\">Familiares de Rafael da Silva Barros informaram, por meio do Boletim de ocorr\u00eancia, que ele sai u de casa no dia 5 de janeiro de 2026, por volta das 5h36, levando consigo o aparelho celular que, por alguns dias, esteve conectado. H\u00e1 uma informa\u00e7\u00e3o de que, em um dos telefonemas, ele estaria na Esta\u00e7\u00e3o de Francisco Morato, indo no sentido Jundia\u00ed.<\/span><\/p>\n<p style=\"text-align: justify;\" align=\"justify\"><span style=\"font-family: helvetica, arial, sans-serif;\">At\u00e9 s\u00e1bado, 10, aparentemente Rafael barros estava visualizando as mensagens em seu aparelho celular, mas sem manifesta\u00e7\u00f5es.<\/span><\/p>\n","protected":false},"excerpt":{"rendered":"<p> [&hellip;]<\/p>\n","protected":false},"author":8,"featured_media":65701,"comment_status":"open","ping_status":"open","sticky":false,"template":"","format":"standard","meta":{"om_disable_all_campaigns":false,"_monsterinsights_skip_tracking":false,"_monsterinsights_sitenote_active":false,"_monsterinsights_sitenote_note":"","_monsterinsights_sitenote_category":0,"_uf_show_specific_survey":0,"_uf_disable_surveys":false,"footnotes":""},"categories":[2],"tags":[],"class_list":["post-65700","post","type-post","status-publish","format-standard","has-post-thumbnail","hentry","category-not_mpal"],"aioseo_notices":[],"_links":{"self":[{"href":"https:\/\/www.mpal.mp.br\/index.php?rest_route=\/wp\/v2\/posts\/65700","targetHints":{"allow":["GET"]}}],"collection":[{"href":"https:\/\/www.mpal.mp.br\/index.php?rest_route=\/wp\/v2\/posts"}],"about":[{"href":"https:\/\/www.mpal.mp.br\/index.php?rest_route=\/wp\/v2\/types\/post"}],"author":[{"embeddable":true,"href":"https:\/\/www.mpal.mp.br\/index.php?rest_route=\/wp\/v2\/users\/8"}],"replies":[{"embeddable":true,"href":"https:\/\/www.mpal.mp.br\/index.php?rest_route=%2Fwp%2Fv2%2Fcomments&post=65700"}],"version-history":[{"count":1,"href":"https:\/\/www.mpal.mp.br\/index.php?rest_route=\/wp\/v2\/posts\/65700\/revisions"}],"predecessor-version":[{"id":65702,"href":"https:\/\/www.mpal.mp.br\/index.php?rest_route=\/wp\/v2\/posts\/65700\/revisions\/65702"}],"wp:featuredmedia":[{"embeddable":true,"href":"https:\/\/www.mpal.mp.br\/index.php?rest_route=\/wp\/v2\/media\/65701"}],"wp:attachment":[{"href":"https:\/\/www.mpal.mp.br\/index.php?rest_route=%2Fwp%2Fv2%2Fmedia&parent=65700"}],"wp:term":[{"taxonomy":"category","embeddable":true,"href":"https:\/\/www.mpal.mp.br\/index.php?rest_route=%2Fwp%2Fv2%2Fcategories&post=65700"},{"taxonomy":"post_tag","embeddable":true,"href":"https:\/\/www.mpal.mp.br\/index.php?rest_route=%2Fwp%2Fv2%2Ftags&post=65700"}],"curies":[{"name":"wp","href":"https:\/\/api.w.org\/{rel}","templated":true}]}}