{"id":65693,"date":"2026-01-13T16:18:59","date_gmt":"2026-01-13T19:18:59","guid":{"rendered":"https:\/\/www.mpal.mp.br\/?p=65693"},"modified":"2026-01-13T16:18:59","modified_gmt":"2026-01-13T19:18:59","slug":"mpal-recebe-superintendente-da-sumese-e-reforca-parceria-para-avancar-com-medidas-socioeducativas","status":"publish","type":"post","link":"https:\/\/www.mpal.mp.br\/?p=65693","title":{"rendered":"MPAL recebe superintendente da Sumese e refor\u00e7a parceria para avan\u00e7ar com medidas socioeducativas"},"content":{"rendered":"<div class=\"fusion-fullwidth fullwidth-box fusion-builder-row-1 nonhundred-percent-fullwidth non-hundred-percent-height-scrolling\"  style='background-color: #ffffff;background-position: center center;background-repeat: no-repeat;padding-top:0px;padding-right:0px;padding-bottom:0px;padding-left:0px;'><div class=\"fusion-builder-row fusion-row \"><div  class=\"fusion-layout-column fusion_builder_column fusion_builder_column_1_1 fusion-builder-column-1 fusion-one-full fusion-column-first fusion-column-last 1_1\"  style='margin-top:0px;margin-bottom:0px;'>\n\t\t\t\t\t<div class=\"fusion-column-wrapper\" style=\"padding: 0px 0px 0px 0px;background-position:left top;background-repeat:no-repeat;-webkit-background-size:cover;-moz-background-size:cover;-o-background-size:cover;background-size:cover;\"   data-bg-url=\"\">\n\t\t\t\t\t\t<div class=\"fusion-text\"><p style=\"text-align: justify;\" align=\"justify\"><span style=\"font-family: helvetica, arial, sans-serif; color: #000000;\">O procurador-geral de Justi\u00e7a do Minist\u00e9rio P\u00fablico do Estado de Alagoas (MPAL), Lean Ara\u00fajo, e a promotora de Justi\u00e7a Mar\u00edlia Cerqueira, titular da 12\u00aa Promotoria de Justi\u00e7a da Capital, receberam, nesta ter\u00e7a-feira (13), o superintendente de Medidas Socioeducativas (Sumese) da Secretaria de Estado de Preven\u00e7\u00e3o \u00e0 Viol\u00eancia (Seprev), coronel Marcos S\u00e9rgio. O encontro, al\u00e9m de visita de cortesia ao PGJ, que nessa segunda-feira (12) foi reconduzido ao cargo pelo governador do Estado, marcou o refor\u00e7o da parceria entre os \u00f3rg\u00e3os em prol do avan\u00e7o das medidas socioeducativas.<\/span><\/p>\n<p style=\"text-align: justify;\" align=\"justify\"><span style=\"font-family: helvetica, arial, sans-serif; color: #000000;\">Na ocasi\u00e3o, o superintendente apresentou ao MPAL as atividades desenvolvidas pela pasta nesse segmento, os projetos para 2026 e se colocou \u00e0 disposi\u00e7\u00e3o para uma parceria constante junto ao Sistema Socioeducativo. <span style=\"font-size: medium;\">&#8220;A reuni\u00e3o foi muito proveitosa, pois temos um canal de comunica\u00e7\u00e3o aberto junto ao MP, sempre alinhados e buscando alternativas e parcerias para melhorar a vida dos jovens que s\u00e3o assistidos pelo <\/span><span style=\"font-size: medium;\">E<\/span><span style=\"font-size: medium;\">stado de Alagoas no cumprimento de suas medidas socioeducativas\u201d, <\/span><span style=\"font-size: medium;\">assinalou o superintendente.<\/span><\/span><\/p>\n<p style=\"text-align: justify;\" align=\"justify\"><span style=\"font-family: helvetica, arial, sans-serif; color: #000000;\">Promotora titular com atribui\u00e7\u00e3o em execu\u00e7\u00e3o de medidas socioeducativas e quest\u00f5es relacionadas ao funcionamento e \u00e0 fiscaliza\u00e7\u00e3o das unidades e dos servi\u00e7os socioeducativos da capital, Mar\u00edlia Cerqueira destacou que o trabalho em parceria com a Seprev, por meio de sua Superintend\u00eancia de Medidas Socioeducativas (Sumese), deve estar sempre em atendimento \u00e0s diretrizes da Constitui\u00e7\u00e3o Federal de 1988, da Lei do Sinase (Lei n\u00ba 12.594\/2012) e do Estatuto da Crian\u00e7a e do Adolescente (ECA).<\/span><\/p>\n<p style=\"text-align: justify;\" align=\"justify\"><span style=\"color: #000000; font-family: helvetica, arial, sans-serif;\">\u201cA atua\u00e7\u00e3o dos \u00f3rg\u00e3os que trabalham com medidas socioeducativas deve ser sempre pautada na<span style=\"font-size: medium;\"> busca <\/span><span style=\"font-size: medium;\">de<\/span><span style=\"font-size: medium;\"> uma perspectiva emancipadora, para que\u00a0<\/span><span style=\"font-size: medium;\">aqueles jovens<\/span><span style=\"font-size: medium;\"> se\u00a0entendam capazes de construir uma\u00a0perspectiva de vida diversa daquela\u00a0que os\u00a0levou a responder pela medida socioeducativa\u201d,\u00a0<\/span><span style=\"font-size: medium;\">acrescentou a promotora de Justi\u00e7a<\/span><span style=\"font-size: medium;\">.<\/span><\/span><\/p>\n<p style=\"text-align: justify;\" align=\"justify\"><span style=\"font-family: helvetica, arial, sans-serif; color: #000000;\"><span style=\"font-size: medium;\">S<\/span><span style=\"font-size: medium;\">egundo <\/span><span style=\"font-size: medium;\">ela<\/span><span style=\"font-size: medium;\">, no <\/span><span style=\"font-size: medium;\">S<\/span><span style=\"font-size: medium;\">istema <\/span><span style=\"font-size: medium;\">S<\/span><span style=\"font-size: medium;\">ocioeducativo, \u00e9 necess\u00e1rio que os jovens descubram suas habilidades ou\u00a0potencializem\u00a0outras existentes e,\u00a0assim,\u00a0consigam\u00a0projetar uma vida d<\/span><span style=\"font-size: medium;\">iferente<\/span><span style=\"font-size: medium;\">, onde possam\u00a0ser integrados\u00a0ao contexto sociofamilar em condi\u00e7\u00f5es dignas de exist\u00eancia.<\/span><\/span><\/p>\n<p style=\"text-align: justify;\" align=\"justify\"><span style=\"color: #000000; font-family: helvetica, arial, sans-serif;\">\u201c<span style=\"font-size: medium;\">Estaremos sempre \u00e0 disposi\u00e7\u00e3o da equipe do MPAL, e junto ao secret\u00e1rio Ricardo D<\/span><span style=\"font-size: medium;\">\u00f3<\/span><span style=\"font-size: medium;\">ria (SEPREV), buscamos atender \u00e0s demandas destes jovens para que possam sair do cumprimento de suas medidas melhor do que entraram. Muitos deles entram sem estudar, sem documentos, e estamos buscando promover cidadania e qualifica\u00e7\u00e3o profissional para transformar a realidade destes jovens&#8221;, <\/span><span style=\"font-size: medium;\">acrescentou o superintendente da Sumese, Coronel Marcos S\u00e9rgio.<\/span><\/span><\/p>\n<\/div><style type=\"text\/css\">.fusion-gallery-1 .fusion-gallery-image {border:0px solid #f6f6f6;-webkit-border-radius:5px;-moz-border-radius:5px;border-radius:5px;}<\/style><div class=\"fusion-gallery fusion-gallery-container fusion-grid-3 fusion-columns-total-0 fusion-gallery-layout-grid fusion-gallery-1\" style=\"margin:-5px;\"><div style=\"padding:5px;\" class=\"fusion-grid-column fusion-gallery-column fusion-gallery-column-3 hover-type-none\"><div class=\"fusion-gallery-image\"><a href=\"https:\/\/www.mpal.mp.br\/wp-content\/uploads\/2026\/01\/IMG-20260113-WA0058.jpg\" rel=\"noreferrer\" data-rel=\"iLightbox[gallery_image_1]\" class=\"fusion-lightbox\" target=\"_self\"><img loading=\"lazy\" decoding=\"async\" src=\"https:\/\/www.mpal.mp.br\/wp-content\/uploads\/2026\/01\/IMG-20260113-WA0058.jpg\" width=\"1200\" height=\"1600\" alt=\"\" title=\"IMG-20260113-WA0058\" aria-label=\"IMG-20260113-WA0058\" class=\"img-responsive wp-image-65692\" \/><\/a><\/div><\/div><div style=\"padding:5px;\" class=\"fusion-grid-column fusion-gallery-column fusion-gallery-column-3 hover-type-none\"><div class=\"fusion-gallery-image\"><a href=\"https:\/\/www.mpal.mp.br\/wp-content\/uploads\/2026\/01\/IMG-20260113-WA0060.jpg\" rel=\"noreferrer\" data-rel=\"iLightbox[gallery_image_1]\" class=\"fusion-lightbox\" target=\"_self\"><img loading=\"lazy\" decoding=\"async\" src=\"https:\/\/www.mpal.mp.br\/wp-content\/uploads\/2026\/01\/IMG-20260113-WA0060.jpg\" width=\"1191\" height=\"670\" alt=\"\" title=\"IMG-20260113-WA0060\" aria-label=\"IMG-20260113-WA0060\" class=\"img-responsive wp-image-65691\" \/><\/a><\/div><\/div><div style=\"padding:5px;\" class=\"fusion-grid-column fusion-gallery-column fusion-gallery-column-3 hover-type-none\"><div class=\"fusion-gallery-image\"><a href=\"https:\/\/www.mpal.mp.br\/wp-content\/uploads\/2026\/01\/IMG-20260113-WA0056.jpg\" rel=\"noreferrer\" data-rel=\"iLightbox[gallery_image_1]\" class=\"fusion-lightbox\" target=\"_self\"><img loading=\"lazy\" decoding=\"async\" src=\"https:\/\/www.mpal.mp.br\/wp-content\/uploads\/2026\/01\/IMG-20260113-WA0056.jpg\" width=\"1200\" height=\"675\" alt=\"\" title=\"IMG-20260113-WA0056\" aria-label=\"IMG-20260113-WA0056\" class=\"img-responsive wp-image-65690\" \/><\/a><\/div><\/div><div class=\"clearfix\"><\/div><\/div><div class=\"fusion-clearfix\"><\/div>\n\n\t\t\t\t\t<\/div>\n\t\t\t\t<\/div><\/div><\/div>\n","protected":false},"excerpt":{"rendered":"","protected":false},"author":24,"featured_media":65688,"comment_status":"open","ping_status":"open","sticky":false,"template":"","format":"standard","meta":{"om_disable_all_campaigns":false,"_monsterinsights_skip_tracking":false,"_monsterinsights_sitenote_active":false,"_monsterinsights_sitenote_note":"","_monsterinsights_sitenote_category":0,"_uf_show_specific_survey":0,"_uf_disable_surveys":false,"footnotes":""},"categories":[2],"tags":[],"class_list":["post-65693","post","type-post","status-publish","format-standard","has-post-thumbnail","hentry","category-not_mpal"],"aioseo_notices":[],"_links":{"self":[{"href":"https:\/\/www.mpal.mp.br\/index.php?rest_route=\/wp\/v2\/posts\/65693","targetHints":{"allow":["GET"]}}],"collection":[{"href":"https:\/\/www.mpal.mp.br\/index.php?rest_route=\/wp\/v2\/posts"}],"about":[{"href":"https:\/\/www.mpal.mp.br\/index.php?rest_route=\/wp\/v2\/types\/post"}],"author":[{"embeddable":true,"href":"https:\/\/www.mpal.mp.br\/index.php?rest_route=\/wp\/v2\/users\/24"}],"replies":[{"embeddable":true,"href":"https:\/\/www.mpal.mp.br\/index.php?rest_route=%2Fwp%2Fv2%2Fcomments&post=65693"}],"version-history":[{"count":1,"href":"https:\/\/www.mpal.mp.br\/index.php?rest_route=\/wp\/v2\/posts\/65693\/revisions"}],"predecessor-version":[{"id":65694,"href":"https:\/\/www.mpal.mp.br\/index.php?rest_route=\/wp\/v2\/posts\/65693\/revisions\/65694"}],"wp:featuredmedia":[{"embeddable":true,"href":"https:\/\/www.mpal.mp.br\/index.php?rest_route=\/wp\/v2\/media\/65688"}],"wp:attachment":[{"href":"https:\/\/www.mpal.mp.br\/index.php?rest_route=%2Fwp%2Fv2%2Fmedia&parent=65693"}],"wp:term":[{"taxonomy":"category","embeddable":true,"href":"https:\/\/www.mpal.mp.br\/index.php?rest_route=%2Fwp%2Fv2%2Fcategories&post=65693"},{"taxonomy":"post_tag","embeddable":true,"href":"https:\/\/www.mpal.mp.br\/index.php?rest_route=%2Fwp%2Fv2%2Ftags&post=65693"}],"curies":[{"name":"wp","href":"https:\/\/api.w.org\/{rel}","templated":true}]}}