{"id":65665,"date":"2026-01-13T10:53:28","date_gmt":"2026-01-13T13:53:28","guid":{"rendered":"https:\/\/www.mpal.mp.br\/?p=65665"},"modified":"2026-01-13T10:53:28","modified_gmt":"2026-01-13T13:53:28","slug":"apos-acao-do-mpal-usina-e-obrigada-a-suspender-queimadas-que-prejudicam-moradores-de-condominio-no-pilar","status":"publish","type":"post","link":"https:\/\/www.mpal.mp.br\/?p=65665","title":{"rendered":"Ap\u00f3s a\u00e7\u00e3o do MPAL, usina \u00e9 obrigada a suspender queimadas que prejudicam moradores de condom\u00ednio no Pilar"},"content":{"rendered":"<p class=\"western\" align=\"justify\"><span style=\"font-family: helvetica, arial, sans-serif;\">Polui\u00e7\u00e3o atmosf\u00e9rica, degrada\u00e7\u00e3o do solo, preju\u00edzos \u00e0 biodiversidade e riscos \u00e0 sa\u00fade p\u00fablica. Por tais motivos, a pr\u00e1tica de queimadas promovida pela Usina Utinga Le\u00e3o S\/A levou o Minist\u00e9rio P\u00fablico de Alagoas (MPAL) a ajuizar a\u00e7\u00e3o civil p\u00fablica, com tutela de urg\u00eancia, para que sejam cessadas as queimadas de cana-de-a\u00e7\u00facar que ocorrem nas proximidades do Condom\u00ednio Rancho das Palmeiras, no munic\u00edpio do Pilar. Com fundamento, o \u00f3rg\u00e3o ministerial apresentou relat\u00f3rio de vistoria feita pela Secretaria Municipal de Ambiente comprovando a ilegalidade. Em caso de descumprimento, ap\u00f3s serem cientificados, ser\u00e1 aplicada a multa de R$ 50 mil por evento, limitada ao montante de R$ 5 milh\u00f5es. A cita\u00e7\u00e3o\/intima\u00e7\u00e3o sobre o deferimento, foi enviada pelo Poder Judici\u00e1rio em 8 de janeiro de 2026.<\/span><\/p>\n<p class=\"western\" align=\"justify\"><span style=\"font-family: helvetica, arial, sans-serif;\">A a\u00e7\u00e3o, assinada pelo promotor de Justi\u00e7a Ramon Carvalho, destaca que a usina desrespeitou notas t\u00e9cnicas legais e essenciais ao realizar queimadas em hor\u00e1rios impr\u00f3prios sem a observ\u00e2ncia da faixa m\u00ednima de seguran\u00e7a.<\/span><\/p>\n<p class=\"western\" align=\"justify\"><span style=\"font-family: helvetica, arial, sans-serif;\">\u201cExistem os laudos, precisos, que n\u00e3o permitem contesta\u00e7\u00e3o. Temos n\u00e3o somente o meio ambiente atingido diretamente, mas preju\u00edzos causados \u00e0 sa\u00fade da popula\u00e7\u00e3o adjacente. A Constitui\u00e7\u00e3o \u00e9 expl\u00edcita ao afirmar que todos t\u00eam direito a um meio ambiente ecologicamente equilibrado, al\u00e9m disso, a lei de pol\u00edtica nacional do meio ambiente assevera que o respons\u00e1vel pela polui\u00e7\u00e3o deve ser punido com indeniza\u00e7\u00e3o e reparos ao meio ambiente e a terceiros. E ainda temos o c\u00f3digo florestal que , categoricamente, diz que \u00e9 proibido queimar vegeta\u00e7\u00e3o. O Minist\u00e9rio P\u00fablico, para evitar um mal maior, ajuizou a a\u00e7\u00e3o e o juiz concordou com nosso pedido, agora faremos o acompanhamento para evitar o n\u00e3o cumprimento e poss\u00edvel reincid\u00eancia\u201d, afirma o promotor Ramon Carvalho.<\/span><\/p>\n<p class=\"western\" align=\"justify\"><span style=\"font-family: helvetica, arial, sans-serif;\">Em sua a\u00e7\u00e3o, o membro do MPAL, titular da Promotoria de Justi\u00e7a do Pilar, ressalta, tamb\u00e9m, a Lei n\u00ba 14.944\/2024, que estabelece diretrizes para a elimina\u00e7\u00e3o gradual das queimadas da palha da cana-de-a\u00e7\u00facar em todo pa\u00eds. Em rela\u00e7\u00e3o o caso tratado, a queimada alcan\u00e7ou \u00e1reas pr\u00f3ximas \u00e0s resid\u00eancias , comprometendo a qualidade do ar e afetando a sa\u00fade dos cond\u00f4minos.<\/span><\/p>\n<p class=\"western\" align=\"justify\"><span style=\"font-family: helvetica, arial, sans-serif;\">Na decis\u00e3o, o juiz deferiu o pedido de tutela de urg\u00eancia determinando que a Usina Utinga Le\u00e3o S\/A, abstenha-se, imediatamente, de realizar qualquer tipo de queimada de cana-de-a\u00e7\u00facar em suas \u00e1reas de plantio na cidade do Pilar.<\/span><\/p>\n","protected":false},"excerpt":{"rendered":"<p> [&hellip;]<\/p>\n","protected":false},"author":8,"featured_media":50590,"comment_status":"open","ping_status":"open","sticky":false,"template":"","format":"standard","meta":{"om_disable_all_campaigns":false,"_monsterinsights_skip_tracking":false,"_monsterinsights_sitenote_active":false,"_monsterinsights_sitenote_note":"","_monsterinsights_sitenote_category":0,"_uf_show_specific_survey":0,"_uf_disable_surveys":false,"footnotes":""},"categories":[2],"tags":[],"class_list":["post-65665","post","type-post","status-publish","format-standard","has-post-thumbnail","hentry","category-not_mpal"],"aioseo_notices":[],"_links":{"self":[{"href":"https:\/\/www.mpal.mp.br\/index.php?rest_route=\/wp\/v2\/posts\/65665","targetHints":{"allow":["GET"]}}],"collection":[{"href":"https:\/\/www.mpal.mp.br\/index.php?rest_route=\/wp\/v2\/posts"}],"about":[{"href":"https:\/\/www.mpal.mp.br\/index.php?rest_route=\/wp\/v2\/types\/post"}],"author":[{"embeddable":true,"href":"https:\/\/www.mpal.mp.br\/index.php?rest_route=\/wp\/v2\/users\/8"}],"replies":[{"embeddable":true,"href":"https:\/\/www.mpal.mp.br\/index.php?rest_route=%2Fwp%2Fv2%2Fcomments&post=65665"}],"version-history":[{"count":1,"href":"https:\/\/www.mpal.mp.br\/index.php?rest_route=\/wp\/v2\/posts\/65665\/revisions"}],"predecessor-version":[{"id":65666,"href":"https:\/\/www.mpal.mp.br\/index.php?rest_route=\/wp\/v2\/posts\/65665\/revisions\/65666"}],"wp:featuredmedia":[{"embeddable":true,"href":"https:\/\/www.mpal.mp.br\/index.php?rest_route=\/wp\/v2\/media\/50590"}],"wp:attachment":[{"href":"https:\/\/www.mpal.mp.br\/index.php?rest_route=%2Fwp%2Fv2%2Fmedia&parent=65665"}],"wp:term":[{"taxonomy":"category","embeddable":true,"href":"https:\/\/www.mpal.mp.br\/index.php?rest_route=%2Fwp%2Fv2%2Fcategories&post=65665"},{"taxonomy":"post_tag","embeddable":true,"href":"https:\/\/www.mpal.mp.br\/index.php?rest_route=%2Fwp%2Fv2%2Ftags&post=65665"}],"curies":[{"name":"wp","href":"https:\/\/api.w.org\/{rel}","templated":true}]}}