{"id":65631,"date":"2026-01-12T11:44:23","date_gmt":"2026-01-12T14:44:23","guid":{"rendered":"https:\/\/www.mpal.mp.br\/?p=65631"},"modified":"2026-01-12T11:44:23","modified_gmt":"2026-01-12T14:44:23","slug":"mpal-ajuiza-acao-por-ato-de-improbidade-administrativa-contra-prefeito-e-ex-prefeito-de-traipu-al","status":"publish","type":"post","link":"https:\/\/www.mpal.mp.br\/?p=65631","title":{"rendered":"MPAL aju\u00edza a\u00e7\u00e3o por ato de improbidade administrativa contra prefeito e ex-prefeito de Traipu-AL"},"content":{"rendered":"<p align=\"justify\"><span style=\"font-family: helvetica, arial, sans-serif; font-size: 12pt;\"><span style=\"color: #000000;\">U<\/span><span style=\"color: #000000;\">tilizar <\/span><span style=\"color: #000000;\">a m\u00e1quina p\u00fablica para pr<\/span><span style=\"color: #000000;\">omo\u00e7\u00e3o<\/span><span style=\"color: #000000;\"> pessoal \u00e9 inconstitucional e caracteriza desvio de finalidade, provocando iniciativas de combate e cobran\u00e7as que culminem em puni\u00e7\u00e3o aos autores. <\/span><span style=\"color: #000000;\">Por essa raz\u00e3o, ap\u00f3s recebimento de den\u00fancia an\u00f4nima, via Ouvidoria institucional, o Minist\u00e9rio P\u00fablico de Alagoas (MAL), ajuizou a\u00e7\u00e3o civil p\u00fablica por ato de improbidade administrativa em desfavor do ex-prefeito de Traipu, Marcos Ant\u00f4nio dos Santos, e do seu filho e atual prefeito do referido munic\u00edpio, Manuel Lucas Kummer Freitas dos Santos. <\/span><\/span><\/p>\n<p align=\"justify\"><span style=\"font-family: helvetica, arial, sans-serif; font-size: 12pt;\"><span style=\"color: #000000;\">No caso em quest\u00e3o, os relatos enviados ao Minist\u00e9rio P\u00fablico <\/span><span style=\"color: #000000;\">informaram que a rede social e oficial <\/span><span style=\"color: #000000;\">(Instagram)<\/span><span style=\"color: #000000;\"> da Prefeitura de Traipu estava sendo utilizada <\/span><span style=\"color: #000000;\">indevidamente para promo\u00e7\u00e3o pessoal do<\/span><span style=\"color: #000000;\"> chefe do Poder Executivo municipal, estendendo-as, de forma especial, dando destaque ao seu genitor, <\/span><span style=\"color: #000000;\">ex-prefeito do munic\u00edpio.<\/span><\/span><\/p>\n<p align=\"justify\"><span style=\"font-family: helvetica, arial, sans-serif; font-size: 12pt;\"><span style=\"color: #000000;\">Constatada a ilicitude, o <\/span><span style=\"color: #000000;\">c<\/span><span style=\"color: #000000;\">oordenador do N\u00facleo de Defesa do Patrim\u00f4nio P\u00fablico <\/span><span style=\"color: #000000;\">(<\/span><span style=\"color: #000000;\">NUDEPAT<\/span><span style=\"color: #000000;\">\/C<\/span><span style=\"color: #000000;\">AOP<\/span><span style=\"color: #000000;\">) <\/span><span style=\"color: #000000;\">e<\/span> <span style=\"color: #000000;\">P<\/span><span style=\"color: #000000;\">romotor de Justi\u00e7a Bruno Baptista <\/span><span style=\"color: #000000;\">prop\u00f4s a a\u00e7\u00e3o, <\/span><span style=\"color: #000000;\">requere<\/span><span style=\"color: #000000;\">ndo <\/span><em><span style=\"color: #000000;\">a <\/span><\/em><span style=\"color: #000000;\">imediata suspens\u00e3o de qualquer publica\u00e7\u00e3o, veicula\u00e7\u00e3o ou exibi\u00e7\u00e3o, nos perfis oficiais e tel\u00f5es p\u00fablicos, que contenha<\/span><span style=\"color: #000000;\">m<\/span><span style=\"color: #000000;\"> imagem, nome, s\u00edmbolo ou elemento identificador de promo\u00e7\u00e3o pessoal dos requeridos, <\/span><span style=\"color: #000000;\">bem como <\/span>a preserva\u00e7\u00e3o integral dos arquivos eletr\u00f4nicos, m\u00eddias, metadados e backups utilizados e <span style=\"color: #000000;\">do uso dos tel\u00f5es para divulga\u00e7\u00e3o de imagens dos r\u00e9us.<\/span><\/span><\/p>\n<p align=\"justify\"><span style=\"font-family: helvetica, arial, sans-serif; font-size: 12pt;\"><span style=\"color: #000000;\">O<\/span><span style=\"color: #000000;\"> membro ministerial, com base no que prev\u00ea <\/span><span style=\"color: #000000;\">o art. 11, XII, da Lei 8.429\/92 <\/span><span style=\"color: #000000;\">p<\/span><span style=\"color: #000000;\">ede que<\/span><span style=\"color: #000000;\"> s<\/span><span style=\"color: #000000;\">eja reconhecida a pr\u00e1tica de ato de improbidade administrativa<\/span><span style=\"color: #000000;\"> e <\/span><span style=\"color: #000000;\">que<\/span><span style=\"color: #000000;\"> os<\/span><span style=\"color: #000000;\"> requeridos <\/span><span style=\"color: #000000;\">(prefeito e ex-prefeito de Traipu)<\/span> <span style=\"color: #000000;\">sej<\/span><span style=\"color: #000000;\">am <\/span><span style=\"color: #000000;\"> condenados \u00e0s san\u00e7\u00f5es do art. 12, III, da Lei n\u00ba 8.429\/92. <\/span><span style=\"color: #000000;\">Ou seja, que <\/span> <span style=\"color: #000000;\">efetuem o <\/span><span style=\"color: #000000;\">pagamento de multa civil de at\u00e9 24 (vinte e quatro) vezes o valor da remunera\u00e7\u00e3o percebida pelo<\/span><span style=\"color: #000000;\">s<\/span><span style=\"color: #000000;\"> agente<\/span><span style=\"color: #000000;\">s<\/span><span style=\"color: #000000;\"> e <\/span><span style=\"color: #000000;\">sejam <\/span><span style=\"color: #000000;\">proibi<\/span><span style=\"color: #000000;\">dos<\/span><span style=\"color: #000000;\"> de contratar com o poder p\u00fablico <\/span><span style=\"color: #000000;\">bem como<\/span><span style=\"color: #000000;\"> de receber benef\u00edcios ou incentivos fiscais ou credit\u00edcios, direta ou indiretamente, ainda que por interm\u00e9dio de pessoa jur\u00eddica da qual seja s\u00f3cio majorit\u00e1rio, pelo prazo n\u00e3o superior a 4 (quatro) anos.<\/span><\/span><\/p>\n<p align=\"justify\"><span style=\"font-family: helvetica, arial, sans-serif;\"><span style=\"font-size: medium;\"><b>Tr\u00e2mite<\/b><\/span><\/span><\/p>\n<p align=\"justify\"><span style=\"font-family: helvetica, arial, sans-serif;\"><span style=\"font-size: medium;\">Ap\u00f3s recep\u00e7\u00e3o da den\u00fancia pelo canal da Ouvidoria do MPAL, foi instaurado o <\/span><span style=\"font-size: medium;\">Inqu\u00e9rito Civil n\u00ba 06.2025.00000385-8<\/span><span style=\"font-size: medium;\">, por <\/span><span style=\"font-size: medium;\">meio da <\/span><span style=\"font-size: medium;\">Portaria n\u00ba 8\/2025<\/span><span style=\"font-size: medium;\">, para apurar <\/span><span style=\"font-size: medium;\">suposta promo\u00e7\u00e3o pessoal do atual e do ex-gestor municipal de Traipu. Ressalte-se que, al\u00e9m da utiliza\u00e7\u00e3o do espa\u00e7o oficial e recursos p\u00fablicos, as postagens destacavam logomarca pessoal de Marcos Santos no perfil institucional \u201c<\/span><span style=\"font-size: medium;\">@prefeituratraipu\u201d, tudo comprovado por meio de prints. Em 2025, o Minist\u00e9rio P\u00fablico emitiu Recomenda\u00e7\u00e3o para que tanto o chefe do Poder Executivo, quanto sua equipe de <\/span><span style=\"font-size: medium;\">c<\/span><span style=\"font-size: medium;\">omunica\u00e7\u00e3o se abstivessem de manter tais publicidades <\/span><span style=\"font-size: medium;\">que possu\u00edssem <\/span><span style=\"font-size: medium;\">imagens, <\/span><span style=\"font-size: medium;\">s\u00edmbolos ou logomarcas que soassem <\/span><span style=\"font-size: medium;\">como promo\u00e7\u00e3o pessoal de gestores ou de terceiros, <\/span><span style=\"font-size: medium;\">compartilhando, exclusivamente, assuntos de interesse dos mun\u00edcipes com teor educativo, informativo ou de orienta\u00e7\u00e3o social, o que n\u00e3o foi atendido. <\/span><\/span><\/p>\n<p align=\"justify\"><span style=\"font-family: helvetica, arial, sans-serif;\"><span style=\"font-size: medium;\">Cabe destacar que <\/span><span style=\"font-size: medium;\">as <\/span><span style=\"font-size: medium;\">dilig\u00eancia<\/span><span style=\"font-size: medium;\">s<\/span><span style=\"font-size: medium;\"> realizada<\/span><span style=\"font-size: medium;\">s<\/span><span style=\"font-size: medium;\"> pela Promotoria de Justi\u00e7a no perfil oficial da Prefeitura de Traipu <\/span><span style=\"font-size: medium;\">(<\/span><span style=\"font-size: medium;\">Instagram<\/span><span style=\"font-size: medium;\">)<\/span><span style=\"font-size: medium;\">, <\/span><span style=\"font-size: medium;\">c<\/span><span style=\"font-size: medium;\">onstataram<\/span><span style=\"font-size: medium;\"> i<\/span><span style=\"font-size: medium;\">n\u00fameras<\/span> <span style=\"font-size: medium;\">publica\u00e7\u00f5es com <\/span><span style=\"font-size: medium;\"> c<\/span><span style=\"font-size: medium;\">aracter\u00edsticas fortes de promo\u00e7\u00e3o dos demandados<\/span><span style=\"font-size: medium;\">, <\/span><span style=\"font-size: medium;\">o que pode ser provado pelos prints.<\/span><\/span><\/p>\n<p align=\"justify\"><span style=\"font-family: helvetica, arial, sans-serif;\">\u201c<span style=\"font-size: medium;\">O Minist\u00e9rio P\u00fablico preza pela moralidade administrativa e defender\u00e1, indiscutivelmente, seja qual for a circunst\u00e2ncia, a probidade. A conduta do prefeito ao utilizar um espa\u00e7o oficial para se destacar, al\u00e9m de deixar em evid\u00eancia o seu pai que tamb\u00e9m j\u00e1 foi gestor municipal, \u00e9 totalmente reprov\u00e1vel cabendo as devidas puni\u00e7\u00f5es que a lei permite. O mais assustador \u00e9 que <\/span><span style=\"font-size: medium;\">o atual prefeito j\u00e1 respondeu pela mesma infra\u00e7\u00e3o\u201d, <\/span><span style=\"font-size: medium;\">alerta Bruno Baptista<\/span><span style=\"font-size: medium;\">.<\/span><\/span><\/p>\n<p align=\"justify\"><span style=\"font-family: helvetica, arial, sans-serif;\">\u201c<span style=\"font-size: medium;\">\u00c9<\/span><span style=\"font-size: medium;\"> inconceb\u00edvel que ambos continuem com a pr\u00e1tica, afrontando a lei e desrespeitando a popula\u00e7\u00e3o local. O prefeito, <\/span><span style=\"font-size: medium;\">em processo anterior pela pr\u00e1tica de il\u00edcito da mesma natureza<\/span><span style=\"font-size: medium;\">, ciente da ilicitude dos seus atos, assinou um <\/span><span style=\"color: #0a0a0a;\"><span style=\"font-size: medium;\">Acordo de N\u00e3o Persecu\u00e7\u00e3o C\u00edvel<\/span><\/span><span style=\"font-size: medium;\"> com o Minist\u00e9rio P\u00fablico, mas optou pela perman\u00eancia dos atos de improbidade administrativa, enquanto o seu pai que <\/span><span style=\"font-size: medium;\">possui condena\u00e7\u00f5es criminais por crimes contra a administra\u00e7\u00e3o p\u00fablica e por atos de improbidade administrativa, mesmo com os direitos pol\u00edticos suspensos, participa <\/span><span style=\"font-size: medium;\">ativamente <\/span><span style=\"font-size: medium;\">da gest\u00e3o municipal\u201d, <\/span><span style=\"font-size: medium;\">conclui o<\/span> <span style=\"font-size: medium;\">promotor.<\/span><\/span><\/p>\n<p align=\"justify\"><span style=\"font-family: helvetica, arial, sans-serif;\"><span style=\"font-size: medium;\">Bruno Bapista <\/span><span style=\"font-size: medium;\">e<\/span><span style=\"font-size: medium;\">nfatiza que,<\/span><span style=\"font-size: medium;\"> a<\/span><span style=\"font-size: medium;\">o<\/span><span style=\"font-size: medium;\"> utiliza<\/span><span style=\"font-size: medium;\">rem <\/span><span style=\"font-size: medium;\">a m\u00e1quina p\u00fablica para promo\u00e7\u00e3o pessoal, <\/span><span style=\"font-size: medium;\">pai e filho <\/span><span style=\"font-size: medium;\">insist<\/span><span style=\"font-size: medium;\">em<\/span><span style=\"font-size: medium;\"> na viola\u00e7\u00e3o das normas que tutelam a probidade na administra\u00e7\u00e3o p\u00fablica e os princ\u00edpios da legalidade, impessoalidade, moralidade e publicidade.<\/span><\/span><\/p>\n<p align=\"justify\"><span style=\"font-family: helvetica, arial, sans-serif;\"><span style=\"font-size: medium;\"><span style=\"color: #0a0a0a;\">Neste sentido, al\u00e9m do ajuizamento da presente a\u00e7\u00e3o de improbidade administrativa, foi requerida a rescis\u00e3o do Acordo de N\u00e3o Persecu\u00e7\u00e3o Civil celebrado em a\u00e7\u00e3o anterior da mesma natureza, diante do evidente descumprimento de uma de suas cl\u00e1usulas, com o prosseguimento tamb\u00e9m desta a\u00e7\u00e3o.<\/span><\/span><\/span><\/p>\n<p align=\"justify\">\n<p align=\"justify\">\n<p align=\"justify\">\n","protected":false},"excerpt":{"rendered":"<p> [&hellip;]<\/p>\n","protected":false},"author":8,"featured_media":65632,"comment_status":"open","ping_status":"open","sticky":false,"template":"","format":"standard","meta":{"om_disable_all_campaigns":false,"_monsterinsights_skip_tracking":false,"_monsterinsights_sitenote_active":false,"_monsterinsights_sitenote_note":"","_monsterinsights_sitenote_category":0,"_uf_show_specific_survey":0,"_uf_disable_surveys":false,"footnotes":""},"categories":[2],"tags":[],"class_list":["post-65631","post","type-post","status-publish","format-standard","has-post-thumbnail","hentry","category-not_mpal"],"aioseo_notices":[],"_links":{"self":[{"href":"https:\/\/www.mpal.mp.br\/index.php?rest_route=\/wp\/v2\/posts\/65631","targetHints":{"allow":["GET"]}}],"collection":[{"href":"https:\/\/www.mpal.mp.br\/index.php?rest_route=\/wp\/v2\/posts"}],"about":[{"href":"https:\/\/www.mpal.mp.br\/index.php?rest_route=\/wp\/v2\/types\/post"}],"author":[{"embeddable":true,"href":"https:\/\/www.mpal.mp.br\/index.php?rest_route=\/wp\/v2\/users\/8"}],"replies":[{"embeddable":true,"href":"https:\/\/www.mpal.mp.br\/index.php?rest_route=%2Fwp%2Fv2%2Fcomments&post=65631"}],"version-history":[{"count":1,"href":"https:\/\/www.mpal.mp.br\/index.php?rest_route=\/wp\/v2\/posts\/65631\/revisions"}],"predecessor-version":[{"id":65633,"href":"https:\/\/www.mpal.mp.br\/index.php?rest_route=\/wp\/v2\/posts\/65631\/revisions\/65633"}],"wp:featuredmedia":[{"embeddable":true,"href":"https:\/\/www.mpal.mp.br\/index.php?rest_route=\/wp\/v2\/media\/65632"}],"wp:attachment":[{"href":"https:\/\/www.mpal.mp.br\/index.php?rest_route=%2Fwp%2Fv2%2Fmedia&parent=65631"}],"wp:term":[{"taxonomy":"category","embeddable":true,"href":"https:\/\/www.mpal.mp.br\/index.php?rest_route=%2Fwp%2Fv2%2Fcategories&post=65631"},{"taxonomy":"post_tag","embeddable":true,"href":"https:\/\/www.mpal.mp.br\/index.php?rest_route=%2Fwp%2Fv2%2Ftags&post=65631"}],"curies":[{"name":"wp","href":"https:\/\/api.w.org\/{rel}","templated":true}]}}