{"id":65626,"date":"2026-01-09T13:46:08","date_gmt":"2026-01-09T16:46:08","guid":{"rendered":"https:\/\/www.mpal.mp.br\/?p=65626"},"modified":"2026-01-09T13:46:08","modified_gmt":"2026-01-09T16:46:08","slug":"mpal-se-reune-com-pmal-para-avaliar-confeccao-de-tcos-em-2025-identificar-falhas-e-discutir-melhoria-no-processo","status":"publish","type":"post","link":"https:\/\/www.mpal.mp.br\/?p=65626","title":{"rendered":"MPAL se re\u00fane com PMAL para avaliar confec\u00e7\u00e3o de TCO\u2019s em 2025, identificar falhas e discutir melhoria no processo"},"content":{"rendered":"<div class=\"fusion-fullwidth fullwidth-box fusion-builder-row-1 nonhundred-percent-fullwidth non-hundred-percent-height-scrolling\"  style='background-color: #ffffff;background-position: center center;background-repeat: no-repeat;padding-top:0px;padding-right:0px;padding-bottom:0px;padding-left:0px;'><div class=\"fusion-builder-row fusion-row \"><div  class=\"fusion-layout-column fusion_builder_column fusion_builder_column_1_1 fusion-builder-column-1 fusion-one-full fusion-column-first fusion-column-last 1_1\"  style='margin-top:0px;margin-bottom:0px;'>\n\t\t\t\t\t<div class=\"fusion-column-wrapper\" style=\"padding: 0px 0px 0px 0px;background-position:left top;background-repeat:no-repeat;-webkit-background-size:cover;-moz-background-size:cover;-o-background-size:cover;background-size:cover;\"   data-bg-url=\"\">\n\t\t\t\t\t\t<div class=\"fusion-text\"><p align=\"justify\"><span style=\"font-family: helvetica, arial, sans-serif; font-size: 12pt;\">Para avaliar os pontos positivos e negativos na lavratura do Termo Circunstanciado de Ocorr\u00eancia (TCO) pela Pol\u00edcia Militar em 2025, o Minist\u00e9rio P\u00fablico de Alagoas (MPAL), representado pela coordenadora do N\u00facleo de Controle Externo da Atividade Policial, promotora de Justi\u00e7a Karla Padilha, reuniu-se, nessa quinta-feira (8), com uma comiss\u00e3o da referida corpora\u00e7\u00e3o comandada pelo tenente-coronel Eug\u00eanio da Silva. O encontro ocorreu no pr\u00e9dio do Centro de Apoio Operacional \u00e0s Promotorias de Justi\u00e7a (Caop), no bairro Farol, Macei\u00f3.<\/span><\/p>\n<p align=\"justify\"><span style=\"font-family: helvetica, arial, sans-serif; font-size: 12pt;\">A promotora questionou sobre produ\u00e7\u00e3o, condi\u00e7\u00f5es t\u00e9cnicas, dificuldades ainda persistentes, al\u00e9m da recep\u00e7\u00e3o do documento pelas devidas autoridades.<\/span><\/p>\n<p align=\"justify\"><span style=\"font-family: helvetica, arial, sans-serif; font-size: 12pt;\">\u201cA luta para que a Pol\u00edcia Militar confeccionasse o TCO foi extensa, a corpora\u00e7\u00e3o nos convenceu da import\u00e2ncia das suas guarni\u00e7\u00f5es tamb\u00e9m assumirem essa responsabilidade j\u00e1 que a atua\u00e7\u00e3o \u00e9, exclusivamente, diante de crimes de menor potencial, alegando que, dessa forma, evitar-se-ia a desprote\u00e7\u00e3o de \u00e1reas e, consequentemente, garantir-se-ia a integridade do cidad\u00e3o. Ontem tivemos uma reuni\u00e3o bem interessante, ocasi\u00e3o em que obtivemos informa\u00e7\u00f5es sobre os TCOs elaborados por eles, al\u00e9m de discutirmos sobre o planejamento de pontos considerados indispens\u00e1veis para que se logre \u00eaxito em 2026. Em pauta colocamos identifica\u00e7\u00e3o de falhas, bem como uma reordena\u00e7\u00e3o das condutas. Para tanto, entendemos a necessidade de diagnosticar os TCOs produzidos para ser poss\u00edvel uma atua\u00e7\u00e3o com base nas evid\u00eancias. O Minist\u00e9rio P\u00fablico precisa saber se h\u00e1 equipamentos suficientes, se a Pol\u00edcia Cient\u00edfica tem atendido \u00e0s demandas com efic\u00e1cia, seja no exame de corpo de delito, seja na realiza\u00e7\u00e3o de exames periciais nas drogas e como est\u00e1 a inter-rela\u00e7\u00e3o da Pol\u00edcia Militar com a Pol\u00edcia Judici\u00e1ria no tocante \u00e0 garantia da seguran\u00e7a p\u00fablica e adequada prote\u00e7\u00e3o da popula\u00e7\u00e3o\u201d, destaca.<\/span><\/p>\n<p align=\"justify\"><span style=\"font-family: helvetica, arial, sans-serif; font-size: 12pt;\">A comiss\u00e3o da PMAL levou para a reuni\u00e3o propostas consideradas eficazes para que se tenha um saldo mais positivo em 2026, entre elas prop\u00f4s a cria\u00e7\u00e3o de um grupo de trabalho com promotores de Justi\u00e7a, magistrados, e oficiais da corpora\u00e7\u00e3o para que se torne poss\u00edvel padronizar o entendimento do que constitui &#8220;fato t\u00edpico&#8221; em situa\u00e7\u00f5es de conflito recorrentes.<\/span><\/p>\n<p align=\"justify\"><span style=\"font-family: helvetica, arial, sans-serif; font-size: 12pt;\">Os militares tamb\u00e9m consideram ser necess\u00e1rio criar um canal de comunica\u00e7\u00e3o com o \u00f3rg\u00e3o ministerial para que este sinalize as defici\u00eancias t\u00e9cnicas detectadas nas lavraturas dos TCO\u2019s e sejam feitas as devidas corre\u00e7\u00f5es antes que o judici\u00e1rio fa\u00e7a o arquivamento. <\/span><\/p>\n<p align=\"justify\"><span style=\"font-family: helvetica, arial, sans-serif; font-size: 12pt;\">No momento, a equipe comandada pelo tenente-coronel Eug\u00eanio da Silva &#8211; g<span style=\"color: #0a0a0a;\">estor estadual do TCO e chefe da 2\u00aa Se\u00e7\u00e3o do Estado-Maior Geral (respons\u00e1vel por Estat\u00edstica e Ci\u00eancia Aplicada)-,<\/span>\u00a0\u00e9 composta por quatro oficiais e cinco pra\u00e7as. <\/span><\/p>\n<\/div><style type=\"text\/css\">.fusion-gallery-1 .fusion-gallery-image {border:0px solid #f6f6f6;-webkit-border-radius:5px;-moz-border-radius:5px;border-radius:5px;}<\/style><div class=\"fusion-gallery fusion-gallery-container fusion-grid-3 fusion-columns-total-0 fusion-gallery-layout-grid fusion-gallery-1\" style=\"margin:-5px;\"><div style=\"padding:5px;\" class=\"fusion-grid-column fusion-gallery-column fusion-gallery-column-3 hover-type-none\"><div class=\"fusion-gallery-image\"><a href=\"https:\/\/www.mpal.mp.br\/wp-content\/uploads\/2026\/01\/TCO2.jpg\" rel=\"noreferrer\" data-rel=\"iLightbox[gallery_image_1]\" class=\"fusion-lightbox\" target=\"_self\"><img loading=\"lazy\" decoding=\"async\" src=\"https:\/\/www.mpal.mp.br\/wp-content\/uploads\/2026\/01\/TCO2.jpg\" width=\"1600\" height=\"900\" alt=\"\" title=\"TCO2\" aria-label=\"TCO2\" class=\"img-responsive wp-image-65629\" \/><\/a><\/div><\/div><div style=\"padding:5px;\" class=\"fusion-grid-column fusion-gallery-column fusion-gallery-column-3 hover-type-none\"><div class=\"fusion-gallery-image\"><a href=\"https:\/\/www.mpal.mp.br\/wp-content\/uploads\/2026\/01\/TCO1.jpg\" rel=\"noreferrer\" data-rel=\"iLightbox[gallery_image_1]\" class=\"fusion-lightbox\" target=\"_self\"><img loading=\"lazy\" decoding=\"async\" src=\"https:\/\/www.mpal.mp.br\/wp-content\/uploads\/2026\/01\/TCO1.jpg\" width=\"1600\" height=\"900\" alt=\"\" title=\"TCO1\" aria-label=\"TCO1\" class=\"img-responsive wp-image-65628\" \/><\/a><\/div><\/div><div style=\"padding:5px;\" class=\"fusion-grid-column fusion-gallery-column fusion-gallery-column-3 hover-type-none\"><div class=\"fusion-gallery-image\"><a href=\"https:\/\/www.mpal.mp.br\/wp-content\/uploads\/2026\/01\/TCO.jpg\" rel=\"noreferrer\" data-rel=\"iLightbox[gallery_image_1]\" class=\"fusion-lightbox\" target=\"_self\"><img loading=\"lazy\" decoding=\"async\" src=\"https:\/\/www.mpal.mp.br\/wp-content\/uploads\/2026\/01\/TCO.jpg\" width=\"1600\" height=\"900\" alt=\"\" title=\"TCO\" aria-label=\"TCO\" class=\"img-responsive wp-image-65627\" \/><\/a><\/div><\/div><div class=\"clearfix\"><\/div><\/div><div class=\"fusion-clearfix\"><\/div>\n\n\t\t\t\t\t<\/div>\n\t\t\t\t<\/div><\/div><\/div>\n","protected":false},"excerpt":{"rendered":"","protected":false},"author":8,"featured_media":65628,"comment_status":"open","ping_status":"open","sticky":false,"template":"","format":"standard","meta":{"om_disable_all_campaigns":false,"_monsterinsights_skip_tracking":false,"_monsterinsights_sitenote_active":false,"_monsterinsights_sitenote_note":"","_monsterinsights_sitenote_category":0,"_uf_show_specific_survey":0,"_uf_disable_surveys":false,"footnotes":""},"categories":[2],"tags":[],"class_list":["post-65626","post","type-post","status-publish","format-standard","has-post-thumbnail","hentry","category-not_mpal"],"aioseo_notices":[],"_links":{"self":[{"href":"https:\/\/www.mpal.mp.br\/index.php?rest_route=\/wp\/v2\/posts\/65626","targetHints":{"allow":["GET"]}}],"collection":[{"href":"https:\/\/www.mpal.mp.br\/index.php?rest_route=\/wp\/v2\/posts"}],"about":[{"href":"https:\/\/www.mpal.mp.br\/index.php?rest_route=\/wp\/v2\/types\/post"}],"author":[{"embeddable":true,"href":"https:\/\/www.mpal.mp.br\/index.php?rest_route=\/wp\/v2\/users\/8"}],"replies":[{"embeddable":true,"href":"https:\/\/www.mpal.mp.br\/index.php?rest_route=%2Fwp%2Fv2%2Fcomments&post=65626"}],"version-history":[{"count":1,"href":"https:\/\/www.mpal.mp.br\/index.php?rest_route=\/wp\/v2\/posts\/65626\/revisions"}],"predecessor-version":[{"id":65630,"href":"https:\/\/www.mpal.mp.br\/index.php?rest_route=\/wp\/v2\/posts\/65626\/revisions\/65630"}],"wp:featuredmedia":[{"embeddable":true,"href":"https:\/\/www.mpal.mp.br\/index.php?rest_route=\/wp\/v2\/media\/65628"}],"wp:attachment":[{"href":"https:\/\/www.mpal.mp.br\/index.php?rest_route=%2Fwp%2Fv2%2Fmedia&parent=65626"}],"wp:term":[{"taxonomy":"category","embeddable":true,"href":"https:\/\/www.mpal.mp.br\/index.php?rest_route=%2Fwp%2Fv2%2Fcategories&post=65626"},{"taxonomy":"post_tag","embeddable":true,"href":"https:\/\/www.mpal.mp.br\/index.php?rest_route=%2Fwp%2Fv2%2Ftags&post=65626"}],"curies":[{"name":"wp","href":"https:\/\/api.w.org\/{rel}","templated":true}]}}