{"id":65555,"date":"2026-01-07T10:20:44","date_gmt":"2026-01-07T13:20:44","guid":{"rendered":"https:\/\/www.mpal.mp.br\/?p=65555"},"modified":"2026-01-07T10:20:44","modified_gmt":"2026-01-07T13:20:44","slug":"mpal-recomenda-realizacao-de-concurso-publico-para-profissionais-de-apoio-escolar-em-arapiraca","status":"publish","type":"post","link":"https:\/\/www.mpal.mp.br\/?p=65555","title":{"rendered":"MPAL recomenda realiza\u00e7\u00e3o de concurso p\u00fablico para profissionais de apoio escolar em Arapiraca"},"content":{"rendered":"<p style=\"text-align: justify;\"><span style=\"font-family: helvetica, arial, sans-serif; font-size: 12pt;\">O Minist\u00e9rio P\u00fablico do Estado de Alagoas (MPAL), por meio das 4\u00aa, 6\u00aa e 10\u00aa Promotorias de Justi\u00e7a de Arapiraca, expediu recomenda\u00e7\u00e3o \u00e0 Prefeitura Municipal para que realize concurso p\u00fablico destinado ao provimento efetivo do cargo de profissional de apoio escolar na rede municipal de ensino.<\/span><\/p>\n<p style=\"text-align: justify;\"><span style=\"font-family: helvetica, arial, sans-serif; font-size: 12pt;\">A medida decorre da constata\u00e7\u00e3o de que o Munic\u00edpio vem realizando contrata\u00e7\u00f5es tempor\u00e1rias para a fun\u00e7\u00e3o, sem garantir a capacita\u00e7\u00e3o adequada, al\u00e9m de n\u00e3o ter inclu\u00eddo o cargo no concurso p\u00fablico recentemente realizado para a \u00e1rea da educa\u00e7\u00e3o. Segundo o MPAL, a aus\u00eancia de profissionais devidamente qualificados compromete a qualidade do ensino e viola direitos fundamentais de crian\u00e7as e adolescentes com defici\u00eancia.<\/span><\/p>\n<p style=\"text-align: justify;\"><span style=\"font-family: helvetica, arial, sans-serif; font-size: 12pt;\">Na recomenda\u00e7\u00e3o, o Minist\u00e9rio P\u00fablico destacou que o profissional de apoio escolar \u00e9 essencial para assegurar a igualdade de condi\u00e7\u00f5es de acesso e perman\u00eancia na escola, especialmente no atendimento a estudantes com defici\u00eancia, transtorno do espectro autista e outras necessidades espec\u00edficas. \u201cA atua\u00e7\u00e3o desses profissionais envolve atividades como alimenta\u00e7\u00e3o, higiene, locomo\u00e7\u00e3o e acompanhamento pedag\u00f3gico, sendo indispens\u00e1vel para a efetiva\u00e7\u00e3o de uma educa\u00e7\u00e3o inclusa\u201d, fiz um texto da peti\u00e7\u00e3o.<\/span><\/p>\n<p style=\"text-align: justify;\"><strong><span style=\"font-family: helvetica, arial, sans-serif; font-size: 12pt;\">Novo concurso<\/span><\/strong><\/p>\n<p style=\"text-align: justify;\"><span style=\"font-family: helvetica, arial, sans-serif; font-size: 12pt;\">O MPAL recomendou ainda que o Munic\u00edpio elabore lei municipal espec\u00edfica e promova concurso p\u00fablico com quantitativo compat\u00edvel com a demanda real da rede de ensino, a partir de levantamento t\u00e9cnico atualizado. E, enquanto n\u00e3o houver a nomea\u00e7\u00e3o de servidores efetivos, o \u00f3rg\u00e3o ministerial orientou a realiza\u00e7\u00e3o imediata de processo seletivo simplificado para o ano letivo de 2026, com oferta de capacita\u00e7\u00e3o adequada, conforme previsto em decretos municipais recentes.<\/span><\/p>\n<p style=\"text-align: justify;\"><span style=\"font-family: helvetica, arial, sans-serif; font-size: 12pt;\">A Prefeitura de Arapiraca tem o prazo de 10 dias corridos, a contar do recebimento da recomenda\u00e7\u00e3o, para informar se ir\u00e1 cumpri-la, devendo encaminhar documentos comprobat\u00f3rios das medidas adotadas. O MPAL alerta que o eventual descumprimento poder\u00e1 resultar na ado\u00e7\u00e3o de medidas administrativas e judiciais cab\u00edveis.<\/span><\/p>\n<p style=\"text-align: justify;\"><span style=\"font-family: helvetica, arial, sans-serif; font-size: 12pt;\">A recomenda\u00e7\u00e3o foi assinada pelos promotores de Justi\u00e7a Bruno de Souza Martins Baptista, Rog\u00e9rio Paranhos Gon\u00e7alves e Viviane Karla da Silva Farias.<\/span><\/p>\n","protected":false},"excerpt":{"rendered":"<p> [&hellip;]<\/p>\n","protected":false},"author":17,"featured_media":52606,"comment_status":"open","ping_status":"open","sticky":false,"template":"","format":"standard","meta":{"om_disable_all_campaigns":false,"_monsterinsights_skip_tracking":false,"_monsterinsights_sitenote_active":false,"_monsterinsights_sitenote_note":"","_monsterinsights_sitenote_category":0,"_uf_show_specific_survey":0,"_uf_disable_surveys":false,"footnotes":""},"categories":[2],"tags":[],"class_list":["post-65555","post","type-post","status-publish","format-standard","has-post-thumbnail","hentry","category-not_mpal"],"aioseo_notices":[],"_links":{"self":[{"href":"https:\/\/www.mpal.mp.br\/index.php?rest_route=\/wp\/v2\/posts\/65555","targetHints":{"allow":["GET"]}}],"collection":[{"href":"https:\/\/www.mpal.mp.br\/index.php?rest_route=\/wp\/v2\/posts"}],"about":[{"href":"https:\/\/www.mpal.mp.br\/index.php?rest_route=\/wp\/v2\/types\/post"}],"author":[{"embeddable":true,"href":"https:\/\/www.mpal.mp.br\/index.php?rest_route=\/wp\/v2\/users\/17"}],"replies":[{"embeddable":true,"href":"https:\/\/www.mpal.mp.br\/index.php?rest_route=%2Fwp%2Fv2%2Fcomments&post=65555"}],"version-history":[{"count":1,"href":"https:\/\/www.mpal.mp.br\/index.php?rest_route=\/wp\/v2\/posts\/65555\/revisions"}],"predecessor-version":[{"id":65556,"href":"https:\/\/www.mpal.mp.br\/index.php?rest_route=\/wp\/v2\/posts\/65555\/revisions\/65556"}],"wp:featuredmedia":[{"embeddable":true,"href":"https:\/\/www.mpal.mp.br\/index.php?rest_route=\/wp\/v2\/media\/52606"}],"wp:attachment":[{"href":"https:\/\/www.mpal.mp.br\/index.php?rest_route=%2Fwp%2Fv2%2Fmedia&parent=65555"}],"wp:term":[{"taxonomy":"category","embeddable":true,"href":"https:\/\/www.mpal.mp.br\/index.php?rest_route=%2Fwp%2Fv2%2Fcategories&post=65555"},{"taxonomy":"post_tag","embeddable":true,"href":"https:\/\/www.mpal.mp.br\/index.php?rest_route=%2Fwp%2Fv2%2Ftags&post=65555"}],"curies":[{"name":"wp","href":"https:\/\/api.w.org\/{rel}","templated":true}]}}