{"id":6550,"date":"2016-11-23T11:46:58","date_gmt":"2016-11-23T13:46:58","guid":{"rendered":"https:\/\/www.mpal.mp.br\/?p=6550"},"modified":"2022-05-26T11:48:06","modified_gmt":"2022-05-26T14:48:06","slug":"fiscalizacao-preventiva-integrada-do-rio-sao-francisco-faz-soltura-de-mais-de-400-passaros-ao-bioma-da-caatinga","status":"publish","type":"post","link":"https:\/\/www.mpal.mp.br\/?p=6550","title":{"rendered":"Fiscaliza\u00e7\u00e3o Preventiva Integrada do Rio S\u00e3o Francisco faz soltura de mais de 400 p\u00e1ssaros ao bioma da Caatinga"},"content":{"rendered":"<div class=\"content-wrapper-1\">\n<div class=\"content-wrapper-2\">\n<div id=\"mainmiddle\">\n<div id=\"mainmiddle-expand\">\n<div id=\"content\">\n<div id=\"content-shift\">\n<div class=\"floatbox\">\n<div class=\"joomla \">\n<div class=\"article\">\n<div id=\"articlepxfontsize1\">\n<p style=\"text-align: justify;\"><span style=\"font-size: 14pt;\">Nas primeiras horas desta quarta-feira (23), os cantos de centenas de p\u00e1ssaros silvestres deram mais vida \u00e0 natureza. As v\u00e1rias esp\u00e9cies de aves foram soltas no seu habitat natural, no Sert\u00e3o de Alagoas, depois de terem sido resgatadas e tratadas pela equipe de Fauna da FPI do S\u00e3o Francisco da Tr\u00edplice Divisa (FPI).<\/span><\/p>\n<p style=\"text-align: justify;\"><span style=\"font-size: 14pt;\">A soltura aconteceu numa unidade de conserva\u00e7\u00e3o \u00e0s margens do S\u00e3o Francisco. &#8220;\u00c9 lindo de se ver esses p\u00e1ssaros ganhando liberdade. E mais bonito ainda \u00e9 poder ouvi-los cantar, \u00e9 um canto de alegria&#8221;, comemorou o promotor de Justi\u00e7a Alberto Fonseca, coordenador do FPI, ao abrir a gaiola para fazer a soltura do primeiro animal.<\/span><\/p>\n<p style=\"text-align: justify;\"><span style=\"font-size: 14pt;\">A a\u00e7\u00e3o de liberta\u00e7\u00e3o dos cerca de 400 p\u00e1ssaros envolveu todos os \u00f3rg\u00e3os da equipe Fauna e durou cerca de duas horas. Eles foram devolvidos \u00e0 natureza depois de passarem pelo processo de triagem, sendo submetidos a todos os procedimentos necess\u00e1rios \u00e0 readapta\u00e7\u00e3o dos animais.<\/span><\/p>\n<p style=\"text-align: justify;\"><span style=\"font-size: 14pt;\">&#8220;N\u00f3s temos a miss\u00e3o de olhar animal por animal, j\u00e1 que a maioria deles \u00e9 mantida numa gaiola sem as devidas condi\u00e7\u00f5es veterin\u00e1ria e de higiene, com fezes espalhadas e sem alimenta\u00e7\u00e3o e \u00e1gua. Ent\u00e3o, o trabalho \u00e9 fazer a triagem, medic\u00e1-los e acompanhar a evolu\u00e7\u00e3o de cada um deles, para que, na sequ\u00eancia, possam ser reintroduzidos \u00e0 natureza&#8221;, explicou Ana Cec\u00edlia Lopes, coordenadora do grupo.<\/span><\/p>\n<p style=\"text-align: justify;\"><span style=\"font-size: 14pt;\"><strong>Fun\u00e7\u00f5es na natureza e zoonoses<\/strong><\/span><\/p>\n<p style=\"text-align: justify;\"><span style=\"font-size: 14pt;\">Marcos Ara\u00fajo, coordenador da equipe fauna, voltou a lembrar as fun\u00e7\u00f5es dos p\u00e1ssaros no meio ambiente: &#8220;\u00c9 preciso continuar insistindo neste processo de conscientiza\u00e7\u00e3o, j\u00e1 que estes animais produzem reflorestamento, fazem o controle de pragas em planta\u00e7\u00f5es e perpetuam suas esp\u00e9cies por meio da reprodu\u00e7\u00e3o&#8221;, ressaltou.<\/span><\/p>\n<p style=\"text-align: justify;\"><span style=\"font-size: 14pt;\">J\u00e1 o professor Isaac Albuquerque chamou chamou aten\u00e7\u00e3o para as doen\u00e7as que podem ser transmitidas por animais que n\u00e3o receberam os devidos cuidados veterin\u00e1rios. &#8220;Grande parte dos animais domiciliados n\u00e3o tem hist\u00f3rico de sanidade, ou seja, n\u00e3o se sabe se aquele p\u00e1ssaro pode ou n\u00e3o estar doente. Se estiver, ele colocar\u00e1 em risco a sa\u00fade de toda uma fam\u00edlia. E uma das zoonoses mais comuns \u00e9 aquela provocada pela bact\u00e9ria salmonela. A salmonelose causa diarreia, dor de cabe\u00e7a e mal estar. Normalmente, contamina o ser humano por meio das fezes e de outros res\u00edduos do animal&#8221;, alertou o m\u00e9dico veterin\u00e1rio.<\/span><\/p>\n<p style=\"text-align: justify;\"><span style=\"font-size: 14pt;\"><strong>Import\u00e2ncia das reservas<\/strong><\/span><\/p>\n<p style=\"text-align: justify;\"><span style=\"font-size: 14pt;\">O tamb\u00e9m veterin\u00e1rio Epit\u00e1cio Correia, por sua vez, refor\u00e7ou a necessidade da cria\u00e7\u00e3o de novas unidades de conserva\u00e7\u00e3o, espa\u00e7os adequados para a soltura dos animais. &#8220;Quando fazemos as abordagens para o resgate dos p\u00e1ssaros, explicamos o porqu\u00ea de eles precisarem estar soltos na natureza, conversando tamb\u00e9m com donos de propriedades rurais. A inten\u00e7\u00e3o \u00e9 que eles transformem seus im\u00f3veis em unidades de conserva\u00e7\u00e3o, para que se aumente o n\u00famero de \u00e1reas prop\u00edcias \u00e0 devolu\u00e7\u00e3o desses animais ao seu habitat natural. Infelizmente, Alagoas tem um n\u00famero muito reduzido desse tipo de bioma&#8221;, detalhou.<\/span><\/p>\n<\/div>\n<\/div>\n<\/div>\n<\/div>\n<\/div>\n<\/div>\n<\/div>\n<\/div>\n<\/div>\n<\/div>\n<div class=\"content-wrapper-b1\">\n<div class=\"content-wrapper-b2\" style=\"text-align: justify;\"><\/div>\n<\/div>\n","protected":false},"excerpt":{"rendered":"<p> [&hellip;]<\/p>\n","protected":false},"author":2,"featured_media":6551,"comment_status":"open","ping_status":"open","sticky":false,"template":"","format":"standard","meta":{"om_disable_all_campaigns":false,"_monsterinsights_skip_tracking":false,"_monsterinsights_sitenote_active":false,"_monsterinsights_sitenote_note":"","_monsterinsights_sitenote_category":0,"_uf_show_specific_survey":0,"_uf_disable_surveys":false,"footnotes":""},"categories":[38],"tags":[],"class_list":["post-6550","post","type-post","status-publish","format-standard","has-post-thumbnail","hentry","category-not_fpi"],"aioseo_notices":[],"_links":{"self":[{"href":"https:\/\/www.mpal.mp.br\/index.php?rest_route=\/wp\/v2\/posts\/6550","targetHints":{"allow":["GET"]}}],"collection":[{"href":"https:\/\/www.mpal.mp.br\/index.php?rest_route=\/wp\/v2\/posts"}],"about":[{"href":"https:\/\/www.mpal.mp.br\/index.php?rest_route=\/wp\/v2\/types\/post"}],"author":[{"embeddable":true,"href":"https:\/\/www.mpal.mp.br\/index.php?rest_route=\/wp\/v2\/users\/2"}],"replies":[{"embeddable":true,"href":"https:\/\/www.mpal.mp.br\/index.php?rest_route=%2Fwp%2Fv2%2Fcomments&post=6550"}],"version-history":[{"count":1,"href":"https:\/\/www.mpal.mp.br\/index.php?rest_route=\/wp\/v2\/posts\/6550\/revisions"}],"predecessor-version":[{"id":6552,"href":"https:\/\/www.mpal.mp.br\/index.php?rest_route=\/wp\/v2\/posts\/6550\/revisions\/6552"}],"wp:featuredmedia":[{"embeddable":true,"href":"https:\/\/www.mpal.mp.br\/index.php?rest_route=\/wp\/v2\/media\/6551"}],"wp:attachment":[{"href":"https:\/\/www.mpal.mp.br\/index.php?rest_route=%2Fwp%2Fv2%2Fmedia&parent=6550"}],"wp:term":[{"taxonomy":"category","embeddable":true,"href":"https:\/\/www.mpal.mp.br\/index.php?rest_route=%2Fwp%2Fv2%2Fcategories&post=6550"},{"taxonomy":"post_tag","embeddable":true,"href":"https:\/\/www.mpal.mp.br\/index.php?rest_route=%2Fwp%2Fv2%2Ftags&post=6550"}],"curies":[{"name":"wp","href":"https:\/\/api.w.org\/{rel}","templated":true}]}}