{"id":6544,"date":"2016-11-22T11:42:08","date_gmt":"2016-11-22T13:42:08","guid":{"rendered":"https:\/\/www.mpal.mp.br\/?p=6544"},"modified":"2022-05-26T11:42:30","modified_gmt":"2022-05-26T14:42:30","slug":"fpi-do-sao-francisco-flagra-cemiterio-de-placentas-eta-desperdica-agua-onde-moradores-passam-sede","status":"publish","type":"post","link":"https:\/\/www.mpal.mp.br\/?p=6544","title":{"rendered":"FPI do S\u00e3o Francisco flagra cemit\u00e9rio de placentas; ETA desperdi\u00e7a \u00e1gua onde moradores passam sede"},"content":{"rendered":"<p style=\"text-align: justify;\"><span style=\"font-size: 14pt;\">Restos de placentas enterrados nos fundos de uma unidade de sa\u00fade, seringas sujas de sangue misturadas ao lixo comum, pr\u00e9dio p\u00fablico funcionando sem o devido licenciamento ambiental. Essas foram apenas algumas das irregularidades encontradas pela FPI do S\u00e3o Francisco da Tr\u00edplice Divisa, num centro de sa\u00fade, localizado no munic\u00edpio de Delmiro Gouveia, Sert\u00e3o de Alagoas. Numa esta\u00e7\u00e3o de tratamento, \u00e1gua \u00e9 desperdi\u00e7ada enquanto os moradores vivem dias de sede. V\u00e1rias institui\u00e7\u00f5es, no uso de suas atribui\u00e7\u00f5es, aplicaram as san\u00e7\u00f5es devidas a fim de que os danos sejam reparados.<\/span><\/p>\n<p style=\"text-align: justify;\"><span style=\"font-size: 14pt;\">A fiscaliza\u00e7\u00e3o aconteceu inicialmente na Unidade Mista Antenor Serpa, no Centro de Delmiro Gouveia. Administrada pelo Estado, ela n\u00e3o faz o recolhimento do lixo hospitalar da forma adequada e, por conta disso, as parturientes, ap\u00f3s darem a luz, t\u00eam seus restos de placentas acondicionados em sacos que, por sua vez, s\u00e3o colocados dentro de buracos, no terreno que fica por tr\u00e1s do im\u00f3vel.<\/span><\/p>\n<p style=\"text-align: justify;\"><span style=\"font-size: 14pt;\">Funcion\u00e1rios da unidade confirmaram que o cemit\u00e9rio de placentas j\u00e1 existe h\u00e1 mais de quatro d\u00e9cadas e que esse tipo de situa\u00e7\u00e3o ocorre porque o recolhimento do lixo hospitalar n\u00e3o acontece com a frequ\u00eancia correta por parte da empresa contratada.<\/span><\/p>\n<p style=\"text-align: justify;\"><span style=\"font-size: 14pt;\">E tem mais irregularidades. O material utilizado em procedimentos cir\u00fargicos e curativos tamb\u00e9m n\u00e3o \u00e9 separado da maneira adequada. Parte do lixo hospitalar \u00e9 misturado ao lixo comum, o que coloca em risco a sa\u00fade dos pr\u00f3prios funcion\u00e1rios, de pacientes e dos trabalhadores respons\u00e1veis por fazer o recolhimento dos res\u00edduos s\u00f3lidos.<\/span><\/p>\n<p style=\"text-align: justify;\"><span style=\"font-size: 14pt;\">Flagramos muitas infra\u00e7\u00f5es graves, numa delas, o lixo contaminado que deveria ser armazenado e recolhido por empresa especializada para posterior incinera\u00e7\u00e3o, estava sendo descartado juntamente com o lixo comum e tinha com o destino final o lix\u00e3o da cidade. L\u00e1, os catadores certamente j\u00e1 devem ter se machucado com esse tipo de material&#8221;, explicou o tenente Wenderson Viana, do Batalh\u00e3o de Pol\u00edcia Ambiental.<\/span><\/p>\n<p style=\"text-align: justify;\"><span style=\"font-size: 14pt;\"><strong>Mais inconformidades<\/strong><\/span><\/p>\n<p style=\"text-align: justify;\"><span style=\"font-size: 14pt;\">A FPI identificou ainda falta de licen\u00e7a ambiental de opera\u00e7\u00e3o e do plano de gerenciamento de res\u00edduos de servi\u00e7o de sa\u00fade e aus\u00eancia de projeto contra inc\u00eandio e p\u00e2nico, de registro de desratiza\u00e7\u00e3o e dedetiza\u00e7\u00e3o e da Anota\u00e7\u00e3o de Responsabilidade T\u00e9cnica (ART), documento que permite a coleta, o transporte e a destina\u00e7\u00e3o dos res\u00edduos s\u00f3lidos de limpeza urbana.<\/span><\/p>\n<p style=\"text-align: justify;\"><span style=\"font-size: 14pt;\">O IMA lavrou algumas autua\u00e7\u00f5es, a exemplo de multa pela falta de licen\u00e7a ambiental, no valor de R$ 257 mil, estipulando ainda prazo para retirada e destina\u00e7\u00e3o adequada do material contaminado. O CREA e a Vigil\u00e2ncia Sanit\u00e1ria tamb\u00e9m lavraram autos para o problemas relacionados.<\/span><\/p>\n<p style=\"text-align: justify;\"><span style=\"font-size: 14pt;\"><strong>Desperd\u00edcio de \u00e1gua<\/strong><\/span><\/p>\n<p style=\"text-align: justify;\"><span style=\"font-size: 14pt;\">A equipe de \u00e1gua e saneamento b\u00e1sico j\u00e1 conseguiu fiscalizar 11 alvos, desses, seis foram de capta\u00e7\u00e3o e abastecimento.<\/span><\/p>\n<p style=\"text-align: justify;\"><span style=\"font-size: 14pt;\">Na esta\u00e7\u00e3o de tratamento de \u00e1gua (ETA) de Delmiro Gouveia houve o flagrante de um grande vazamento. Os reservat\u00f3rios tinham in\u00fameras fissuras, causando a perda de uma enorme quantidade de \u00e1gua.<\/span><\/p>\n<p style=\"text-align: justify;\"><span style=\"font-size: 14pt;\">No sistema de filtra\u00e7\u00e3o da mesma ETA tamb\u00e9m foram detectados vazamentos e desrespeito a legisla\u00e7\u00e3o quanto aos cuidados com os rejeitos da lavagem dos filtros. Lan\u00e7ados diretamente no solo de forma inadequada, eles poderiam estar sendo aproveitados para algum tipo de atividade.<\/span><\/p>\n<p style=\"text-align: justify;\"><span style=\"font-size: 14pt;\">A equipe tamb\u00e9m detectou que a capta\u00e7\u00e3o de \u00e1gua na barragem de Xing\u00f3 est\u00e1 preocupante pelo baixo n\u00edvel e constatou o crescimento exagerado de macr\u00f3fitas (plantas) e o aparecimento de mexilh\u00f5es e algas nas tubula\u00e7\u00f5es, o que pode levar bact\u00e9rias \u00e0 \u00e1gua destinada ao consumo humano, ocasionando, por exemplo, diarreias, desidrata\u00e7\u00e3o, c\u00f3licas, verminoses e v\u00f4mito.<\/span><\/p>\n<p style=\"text-align: justify;\"><span style=\"font-size: 14pt;\">&#8220;Lamentavelmente, n\u00f3s nos deparamos com situa\u00e7\u00f5es j\u00e1 conhecidas, mas que continuam nos indignando. A principal \u00e9 o desperd\u00edcio de \u00e1gua tratada numa regi\u00e3o t\u00e3o castigada pela seca e com escassos recursos financeiros&#8221;, disse Elisabeth Rocha, da Secretaria de Estado da Sa\u00fade.<\/span><\/p>\n<p style=\"text-align: justify;\"><span style=\"font-size: 14pt;\">Em Alagoas, a FPI do S\u00e3o Francisco da Tr\u00edplice Divisa tem a coordena\u00e7\u00e3o do Minist\u00e9rio P\u00fablico Estadual de Alagoas e conta com o envolvimento de 22 institui\u00e7\u00f5es e entidades e quase 160 profissionais.<\/span><\/p>\n","protected":false},"excerpt":{"rendered":"<p> [&hellip;]<\/p>\n","protected":false},"author":2,"featured_media":6545,"comment_status":"open","ping_status":"open","sticky":false,"template":"","format":"standard","meta":{"om_disable_all_campaigns":false,"_monsterinsights_skip_tracking":false,"_monsterinsights_sitenote_active":false,"_monsterinsights_sitenote_note":"","_monsterinsights_sitenote_category":0,"_uf_show_specific_survey":0,"_uf_disable_surveys":false,"footnotes":""},"categories":[38],"tags":[],"class_list":["post-6544","post","type-post","status-publish","format-standard","has-post-thumbnail","hentry","category-not_fpi"],"aioseo_notices":[],"_links":{"self":[{"href":"https:\/\/www.mpal.mp.br\/index.php?rest_route=\/wp\/v2\/posts\/6544","targetHints":{"allow":["GET"]}}],"collection":[{"href":"https:\/\/www.mpal.mp.br\/index.php?rest_route=\/wp\/v2\/posts"}],"about":[{"href":"https:\/\/www.mpal.mp.br\/index.php?rest_route=\/wp\/v2\/types\/post"}],"author":[{"embeddable":true,"href":"https:\/\/www.mpal.mp.br\/index.php?rest_route=\/wp\/v2\/users\/2"}],"replies":[{"embeddable":true,"href":"https:\/\/www.mpal.mp.br\/index.php?rest_route=%2Fwp%2Fv2%2Fcomments&post=6544"}],"version-history":[{"count":1,"href":"https:\/\/www.mpal.mp.br\/index.php?rest_route=\/wp\/v2\/posts\/6544\/revisions"}],"predecessor-version":[{"id":6546,"href":"https:\/\/www.mpal.mp.br\/index.php?rest_route=\/wp\/v2\/posts\/6544\/revisions\/6546"}],"wp:featuredmedia":[{"embeddable":true,"href":"https:\/\/www.mpal.mp.br\/index.php?rest_route=\/wp\/v2\/media\/6545"}],"wp:attachment":[{"href":"https:\/\/www.mpal.mp.br\/index.php?rest_route=%2Fwp%2Fv2%2Fmedia&parent=6544"}],"wp:term":[{"taxonomy":"category","embeddable":true,"href":"https:\/\/www.mpal.mp.br\/index.php?rest_route=%2Fwp%2Fv2%2Fcategories&post=6544"},{"taxonomy":"post_tag","embeddable":true,"href":"https:\/\/www.mpal.mp.br\/index.php?rest_route=%2Fwp%2Fv2%2Ftags&post=6544"}],"curies":[{"name":"wp","href":"https:\/\/api.w.org\/{rel}","templated":true}]}}