{"id":6541,"date":"2016-11-21T11:40:42","date_gmt":"2016-11-21T13:40:42","guid":{"rendered":"https:\/\/www.mpal.mp.br\/?p=6541"},"modified":"2022-05-26T11:41:01","modified_gmt":"2022-05-26T14:41:01","slug":"fpi-multa-em-r-258-mil-a-prefeitura-de-delmiro-gouveia-por-manter-lixao-na-cidade","status":"publish","type":"post","link":"https:\/\/www.mpal.mp.br\/?p=6541","title":{"rendered":"FPI multa em R$ 258 mil a Prefeitura de Delmiro Gouveia por manter lix\u00e3o na cidade"},"content":{"rendered":"<p style=\"text-align: justify;\"><span style=\"font-size: 14pt;\">Maria Jos\u00e9 Pereira vive h\u00e1 12 anos dentro do lix\u00e3o de Delmiro Gouveia, munic\u00edpio localizado no Sert\u00e3o de Alagoas. L\u00e1, ela passa pelo menos 10 horas, de segunda a sexta-feira. \u00c9 entre o mal cheiro do lix\u00e3o e as moscas que a catadora faz duas refei\u00e7\u00f5es por dia. Essa mesma realidade de dona Maria \u00e9 compartilhada por dezenas de outros catadores de lixo, todas as semanas, naquela cidade. E os problemas n\u00e3o param por a\u00ed. Os trabalhadores n\u00e3o recebem qualquer tipo de equipamento de prote\u00e7\u00e3o individual (EPI) e j\u00e1 sofreram v\u00e1rios acidentes. O Poder Executivo foi multado em R$ 258 mil reais pelo descarte irregular de res\u00edduos s\u00f3lidos.<\/span><\/p>\n<p style=\"text-align: justify;\"><span style=\"font-size: 14pt;\">Dona Maria Jos\u00e9 Pereira, ao lado de pelo menos mais 10 fam\u00edlias, vive da cata\u00e7\u00e3o de lixo desde 2004. Como l\u00e1 sempre foi o seu local de trabalho, ela at\u00e9 fundou uma associa\u00e7\u00e3o, a Ascadel, que re\u00fane os demais catadores. A Prefeitura de Delmiro Gouveia h\u00e1 cinco anos \u00e9 procurada para ajud\u00e1-los, mas essa colabora\u00e7\u00e3o s\u00f3 chegou recentemente, quando a cidade vivia o processo eleitoral. &#8220;Uns candidatos vieram aqui, doaram umas luvas e m\u00e1scaras, e prometeram dar apoio \u00e0 Ascadeal se ganhassem. Um deles venceu, bora agora esperar, n\u00e9? O nosso sonho \u00e9 que eles construam um galp\u00e3o para que, al\u00e9m de podermos descansar na sombra depois do almo\u00e7o, tenhamos um local adequado para fazer a separa\u00e7\u00e3o do lixo que pode ser reciclado. A gente faz isso num sol causticante&#8221;, disse a senhora de 55 anos.<\/span><\/p>\n<p style=\"text-align: justify;\"><span style=\"font-size: 14pt;\">&#8220;N\u00f3s tamb\u00e9m quer\u00edamos uma prensa e uma balan\u00e7a, mas o Munic\u00edpio nunca nos deu. Muita vezes somos roubados porque a gente n\u00e3o tem a no\u00e7\u00e3o exata do peso do material que serve para reciclagem&#8221;, contou ela, afirmando ainda que nenhum dos catadores tem condi\u00e7\u00f5es de comprar seus pr\u00f3prios EPIs. &#8220;Ou a gente come, ou a gente se protege&#8221;, respondeu categoricamente.<\/span><\/p>\n<p style=\"text-align: justify;\"><span style=\"font-size: 14pt;\"><strong>Multas<\/strong><\/span><\/p>\n<p style=\"text-align: justify;\"><span style=\"font-size: 14pt;\">E em sua primeira fiscaliza\u00e7\u00e3o na manh\u00e3 desta segunda-feira (21), a FPI do S\u00e3o Francisco da Tr\u00edplice Divisa j\u00e1 fez uma autua\u00e7\u00e3o. Por meio do Instituto do Meio Ambiente (IMA), foi aplicada uma multa de R$ 258 mil conta a Prefeitura de Delmiro Gouveia por manter um lix\u00e3o na cidade, o que j\u00e1 est\u00e1 proibido desde agosto do ano passado, por lei federal.<\/span><\/p>\n<p style=\"text-align: justify;\"><span style=\"font-size: 14pt;\">De acordo com analistas ambientais do Instituto Brasileiro do Meio Ambiente e dos Recursos Naturais Renov\u00e1veis (Ibama), al\u00e9m da falta de licen\u00e7a ambiental, o lix\u00e3o apresentou agravantes que contribu\u00edram para a san\u00e7\u00e3o, a exemplo do descarte ilegal de lixo hospitalar, processo de combust\u00e3o &#8211; cujo g\u00e1s carb\u00f4nico eliminado na queima acarreta s\u00e9rios riscos \u00e0 sa\u00fade humana -, al\u00e9m do ac\u00famulo de pneus e outros materiais n\u00e3o biodegrad\u00e1veis, o que tamb\u00e9m \u00e9 proibido pela lei que rege a destina\u00e7\u00e3o dos res\u00edduos s\u00f3lidos.<\/span><\/p>\n<p style=\"text-align: justify;\"><span style=\"font-size: 14pt;\">O Conselho Regional de Engenharia e Agronomia (CREA\/AL) tamb\u00e9m aplicou multa. O valor de R$ 1.179 mil foi motivado pela falta de Anota\u00e7\u00e3o de Responsabilidade T\u00e9cnica (ARP), documento que permite a coleta, o transporte e a destina\u00e7\u00e3o dos res\u00edduos s\u00f3lidos de limpeza urbana.<\/span><\/p>\n<p style=\"text-align: justify;\"><span style=\"font-size: 14pt;\">J\u00e1 o Departamento Nacional de Prote\u00e7\u00e3o Mineral (DNPM) multou o Munic\u00edpio em R$ 11 mil pela extra\u00e7\u00e3o irregular de areia.<\/span><\/p>\n","protected":false},"excerpt":{"rendered":"<p> [&hellip;]<\/p>\n","protected":false},"author":2,"featured_media":6542,"comment_status":"open","ping_status":"open","sticky":false,"template":"","format":"standard","meta":{"om_disable_all_campaigns":false,"_monsterinsights_skip_tracking":false,"_monsterinsights_sitenote_active":false,"_monsterinsights_sitenote_note":"","_monsterinsights_sitenote_category":0,"_uf_show_specific_survey":0,"_uf_disable_surveys":false,"footnotes":""},"categories":[38],"tags":[],"class_list":["post-6541","post","type-post","status-publish","format-standard","has-post-thumbnail","hentry","category-not_fpi"],"aioseo_notices":[],"_links":{"self":[{"href":"https:\/\/www.mpal.mp.br\/index.php?rest_route=\/wp\/v2\/posts\/6541","targetHints":{"allow":["GET"]}}],"collection":[{"href":"https:\/\/www.mpal.mp.br\/index.php?rest_route=\/wp\/v2\/posts"}],"about":[{"href":"https:\/\/www.mpal.mp.br\/index.php?rest_route=\/wp\/v2\/types\/post"}],"author":[{"embeddable":true,"href":"https:\/\/www.mpal.mp.br\/index.php?rest_route=\/wp\/v2\/users\/2"}],"replies":[{"embeddable":true,"href":"https:\/\/www.mpal.mp.br\/index.php?rest_route=%2Fwp%2Fv2%2Fcomments&post=6541"}],"version-history":[{"count":1,"href":"https:\/\/www.mpal.mp.br\/index.php?rest_route=\/wp\/v2\/posts\/6541\/revisions"}],"predecessor-version":[{"id":6543,"href":"https:\/\/www.mpal.mp.br\/index.php?rest_route=\/wp\/v2\/posts\/6541\/revisions\/6543"}],"wp:featuredmedia":[{"embeddable":true,"href":"https:\/\/www.mpal.mp.br\/index.php?rest_route=\/wp\/v2\/media\/6542"}],"wp:attachment":[{"href":"https:\/\/www.mpal.mp.br\/index.php?rest_route=%2Fwp%2Fv2%2Fmedia&parent=6541"}],"wp:term":[{"taxonomy":"category","embeddable":true,"href":"https:\/\/www.mpal.mp.br\/index.php?rest_route=%2Fwp%2Fv2%2Fcategories&post=6541"},{"taxonomy":"post_tag","embeddable":true,"href":"https:\/\/www.mpal.mp.br\/index.php?rest_route=%2Fwp%2Fv2%2Ftags&post=6541"}],"curies":[{"name":"wp","href":"https:\/\/api.w.org\/{rel}","templated":true}]}}