{"id":65359,"date":"2025-12-19T13:16:12","date_gmt":"2025-12-19T16:16:12","guid":{"rendered":"https:\/\/www.mpal.mp.br\/?p=65359"},"modified":"2025-12-19T13:16:12","modified_gmt":"2025-12-19T16:16:12","slug":"mpal-mpf-e-dpu-ajuizam-acao-para-obrigar-estado-a-implementar-fundo-estadual-de-combate-ao-cancer","status":"publish","type":"post","link":"https:\/\/www.mpal.mp.br\/?p=65359","title":{"rendered":"MPAL, MPF e DPU aju\u00edzam a\u00e7\u00e3o para obrigar Estado a implementar Fundo Estadual de Combate ao C\u00e2ncer"},"content":{"rendered":"<p style=\"text-align: justify;\" align=\"justify\"><span style=\"font-family: helvetica, arial, sans-serif; font-size: 12pt;\">O Minist\u00e9rio P\u00fablico do Estado de Alagoas (MPAL), o Minist\u00e9rio P\u00fablico Federal (MPF) e a Defensoria P\u00fablica da Uni\u00e3o (DPU) ajuizaram a\u00e7\u00e3o civil p\u00fablica (ACP) para que o Estado de Alagoas implemente, de forma efetiva, o Fundo Estadual de Combate ao C\u00e2ncer (FECC), criado por lei em 2021, mas que, passados mais de quatro anos, permanece sem funcionamento regular. A a\u00e7\u00e3o tem como objetivo assegurar recursos est\u00e1veis e permanentes para o fortalecimento da rede p\u00fablica de aten\u00e7\u00e3o oncol\u00f3gica, garantindo diagn\u00f3stico precoce, tratamento adequado e continuidade da assist\u00eancia aos pacientes com c\u00e2ncer atendidos pelo Sistema \u00danico de Sa\u00fade (SUS) em Alagoas.<\/span><\/p>\n<p style=\"text-align: justify;\" align=\"justify\"><span style=\"font-family: helvetica, arial, sans-serif; font-size: 12pt;\">Segundo apontam as institui\u00e7\u00f5es autoras, apesar da exist\u00eancia de legisla\u00e7\u00e3o espec\u00edfica \u2014 a Lei Estadual n\u00ba 8.396\/2021, regulamentada pelo Decreto n\u00ba 82.900\/2022 \u2014, o Estado deixou de adotar provid\u00eancias essenciais para a operacionaliza\u00e7\u00e3o do fundo, como a efetiva capta\u00e7\u00e3o dos recursos previstos em lei, a constitui\u00e7\u00e3o formal do Conselho Consultivo e Deliberativo e a defini\u00e7\u00e3o de um plano transparente de aplica\u00e7\u00e3o dos valores arrecadados.<\/span><\/p>\n<h3 class=\"western\" style=\"text-align: justify;\" align=\"justify\"><span style=\"font-family: helvetica, arial, sans-serif; font-size: 12pt;\">Atua\u00e7\u00e3o extrajudicial e omiss\u00e3o estatal<\/span><\/h3>\n<p style=\"text-align: justify;\" align=\"justify\"><span style=\"font-family: helvetica, arial, sans-serif; font-size: 12pt;\">Antes do ajuizamento da a\u00e7\u00e3o, MPAL, MPF e DPU empreenderam extensa atua\u00e7\u00e3o extrajudicial, com expedi\u00e7\u00e3o de recomenda\u00e7\u00f5es, requisi\u00e7\u00f5es de informa\u00e7\u00f5es e realiza\u00e7\u00e3o de diversas reuni\u00f5es interinstitucionais com gestores estaduais e municipais da sa\u00fade. Ao longo desse per\u00edodo, foram identificados atrasos sistem\u00e1ticos em repasses financeiros, aus\u00eancia de respostas formais do Estado e informa\u00e7\u00f5es contradit\u00f3rias acerca da exist\u00eancia e da disponibilidade de recursos do Fundo.<\/span><\/p>\n<p style=\"text-align: justify;\" align=\"justify\"><span style=\"font-family: helvetica, arial, sans-serif; font-size: 12pt;\">Durante as apura\u00e7\u00f5es, tamb\u00e9m foram constatados problemas estruturais na rede oncol\u00f3gica estadual, como insufici\u00eancia de leitos cl\u00ednicos e de UTI, demanda reprimida de pacientes, contratos desatualizados com hospitais habilitados e risco concreto de descontinuidade dos servi\u00e7os de tratamento do c\u00e2ncer.<\/span><\/p>\n<p style=\"text-align: justify;\" align=\"justify\"><span style=\"font-family: helvetica, arial, sans-serif; font-size: 12pt;\">Mesmo ap\u00f3s compromissos assumidos pelo pr\u00f3prio Estado em reuni\u00f5es oficiais, incluindo a promessa de utiliza\u00e7\u00e3o de recursos do Fundo para fortalecer a assist\u00eancia oncol\u00f3gica, verificou-se que a arrecada\u00e7\u00e3o n\u00e3o havia sequer sido iniciada, frustrando expectativas e agravando a situa\u00e7\u00e3o dos pacientes.<\/span><\/p>\n<h3 class=\"western\" style=\"text-align: justify;\" align=\"justify\"><span style=\"font-family: helvetica, arial, sans-serif; font-size: 12pt;\">Descumprimento da lei e preju\u00edzo \u00e0 popula\u00e7\u00e3o<\/span><\/h3>\n<p style=\"text-align: justify;\" align=\"justify\"><span style=\"font-family: helvetica, arial, sans-serif; font-size: 12pt;\">De acordo com a ACP, o Fundo Estadual de Combate ao C\u00e2ncer deveria ser alimentado, entre outras fontes, por percentuais da arrecada\u00e7\u00e3o do ICMS incidente sobre cigarros, bebidas alco\u00f3licas e agrot\u00f3xicos, al\u00e9m de dota\u00e7\u00f5es or\u00e7ament\u00e1rias pr\u00f3prias. Esses recursos t\u00eam destina\u00e7\u00e3o legal espec\u00edfica e obrigat\u00f3ria, voltada exclusivamente \u00e0 preven\u00e7\u00e3o, diagn\u00f3stico e tratamento do c\u00e2ncer.<\/span><\/p>\n<p style=\"text-align: justify;\" align=\"justify\"><span style=\"font-family: helvetica, arial, sans-serif; font-size: 12pt;\">Para a promotora de Justi\u00e7a do Minist\u00e9rio P\u00fablico do Estado de Alagoas Micheline Ten\u00f3rio, as procuradoras da Rep\u00fablica Roberta Lima Barbosa Bonfim e J\u00falia Wanderley Vale Cadete e pelo defensor p\u00fablico federal Diego Bruno Martins Alves, do MPAL, MPF e DPU respectivamente, a \u201comiss\u00e3o estatal configura descumprimento da legisla\u00e7\u00e3o e compromete o direito fundamental \u00e0 sa\u00fade, especialmente de uma popula\u00e7\u00e3o altamente vulner\u00e1vel, que depende do SUS para acesso a tratamentos complexos e cont\u00ednuos\u201d.<\/span><\/p>\n<p style=\"text-align: justify;\" align=\"justify\"><span style=\"font-family: helvetica, arial, sans-serif; font-size: 12pt;\">Na a\u00e7\u00e3o, as institui\u00e7\u00f5es requerem, entre outras medidas, que o Estado seja obrigado a instituir e fazer funcionar plenamente o Fundo Estadual de Combate ao C\u00e2ncer, com a imediata capta\u00e7\u00e3o dos recursos devidos, inclusive retroativos, a regulariza\u00e7\u00e3o do Conselho gestor e a apresenta\u00e7\u00e3o de um plano de aplica\u00e7\u00e3o compat\u00edvel com a finalidade legal do FECC.<\/span><\/p>\n","protected":false},"excerpt":{"rendered":"<p> [&hellip;]<\/p>\n","protected":false},"author":17,"featured_media":35339,"comment_status":"open","ping_status":"open","sticky":false,"template":"","format":"standard","meta":{"om_disable_all_campaigns":false,"_monsterinsights_skip_tracking":false,"_monsterinsights_sitenote_active":false,"_monsterinsights_sitenote_note":"","_monsterinsights_sitenote_category":0,"_uf_show_specific_survey":0,"_uf_disable_surveys":false,"footnotes":""},"categories":[2],"tags":[],"class_list":["post-65359","post","type-post","status-publish","format-standard","has-post-thumbnail","hentry","category-not_mpal"],"aioseo_notices":[],"_links":{"self":[{"href":"https:\/\/www.mpal.mp.br\/index.php?rest_route=\/wp\/v2\/posts\/65359","targetHints":{"allow":["GET"]}}],"collection":[{"href":"https:\/\/www.mpal.mp.br\/index.php?rest_route=\/wp\/v2\/posts"}],"about":[{"href":"https:\/\/www.mpal.mp.br\/index.php?rest_route=\/wp\/v2\/types\/post"}],"author":[{"embeddable":true,"href":"https:\/\/www.mpal.mp.br\/index.php?rest_route=\/wp\/v2\/users\/17"}],"replies":[{"embeddable":true,"href":"https:\/\/www.mpal.mp.br\/index.php?rest_route=%2Fwp%2Fv2%2Fcomments&post=65359"}],"version-history":[{"count":1,"href":"https:\/\/www.mpal.mp.br\/index.php?rest_route=\/wp\/v2\/posts\/65359\/revisions"}],"predecessor-version":[{"id":65360,"href":"https:\/\/www.mpal.mp.br\/index.php?rest_route=\/wp\/v2\/posts\/65359\/revisions\/65360"}],"wp:featuredmedia":[{"embeddable":true,"href":"https:\/\/www.mpal.mp.br\/index.php?rest_route=\/wp\/v2\/media\/35339"}],"wp:attachment":[{"href":"https:\/\/www.mpal.mp.br\/index.php?rest_route=%2Fwp%2Fv2%2Fmedia&parent=65359"}],"wp:term":[{"taxonomy":"category","embeddable":true,"href":"https:\/\/www.mpal.mp.br\/index.php?rest_route=%2Fwp%2Fv2%2Fcategories&post=65359"},{"taxonomy":"post_tag","embeddable":true,"href":"https:\/\/www.mpal.mp.br\/index.php?rest_route=%2Fwp%2Fv2%2Ftags&post=65359"}],"curies":[{"name":"wp","href":"https:\/\/api.w.org\/{rel}","templated":true}]}}