{"id":65351,"date":"2025-12-19T11:04:17","date_gmt":"2025-12-19T14:04:17","guid":{"rendered":"https:\/\/www.mpal.mp.br\/?p=65351"},"modified":"2025-12-19T11:04:17","modified_gmt":"2025-12-19T14:04:17","slug":"mpal-firma-novo-tac-para-garantir-funcionamento-adequado-de-casa-de-acolhimento-em-delmiro","status":"publish","type":"post","link":"https:\/\/www.mpal.mp.br\/?p=65351","title":{"rendered":"MPAL firma novo TAC para garantir funcionamento adequado de Casa de Acolhimento em Delmiro"},"content":{"rendered":"<div class=\"fusion-fullwidth fullwidth-box fusion-builder-row-1 nonhundred-percent-fullwidth non-hundred-percent-height-scrolling\"  style='background-color: #ffffff;background-position: center center;background-repeat: no-repeat;padding-top:0px;padding-right:0px;padding-bottom:0px;padding-left:0px;'><div class=\"fusion-builder-row fusion-row \"><div  class=\"fusion-layout-column fusion_builder_column fusion_builder_column_1_1 fusion-builder-column-1 fusion-one-full fusion-column-first fusion-column-last 1_1\"  style='margin-top:0px;margin-bottom:0px;'>\n\t\t\t\t\t<div class=\"fusion-column-wrapper\" style=\"padding: 0px 0px 0px 0px;background-position:left top;background-repeat:no-repeat;-webkit-background-size:cover;-moz-background-size:cover;-o-background-size:cover;background-size:cover;\"   data-bg-url=\"\">\n\t\t\t\t\t\t<div class=\"fusion-text\"><p align=\"justify\"><span style=\"font-family: helvetica, arial, sans-serif;\">O compromisso vai al\u00e9m do repasse de recursos, torna-se necess\u00e1rio acompanhar, olhar de perto, e se certificar de que os direitos das crian\u00e7as e adolescentes est\u00e3o sendo garantidos, sem ignorar as leis e dentro da proposta acordada. Em defesa desse p\u00fablico, assistido na Casa de Acolhimento Monsenhor Fernando S. Vieira, inaugurada em 2023, o Minist\u00e9rio P\u00fablico de Alagoas (MPAL), constatando falhas, promoveu audi\u00eancia p\u00fablica com gestores e esta culminou em um novo Termo de Ajustamento de Conduta (TAC) assinado pelos prefeitos de \u00c1gua Branca, Canapi, Delmiro Gouveia, Inhapi, Mata Grande, Olho D\u2019Agua do Casado, Pariconha e Piranhas.<\/span><\/p>\n<p align=\"justify\"><span style=\"font-family: helvetica, arial, sans-serif;\">Os mencionados munic\u00edpios, assumiram, desde o in\u00edcio, a responsabilidade pela administra\u00e7\u00e3o da Casa de Acolhimento e devem promover assist\u00eancia de qualidade, fazendo investimentos que supram todas as necessidades dos acolhidos, principalmente boa alimenta\u00e7\u00e3o e intera\u00e7\u00e3o com profissionais capacitados.<\/span><\/p>\n<p align=\"justify\"><span style=\"font-family: helvetica, arial, sans-serif;\">\u201cFizemos um ajuste ao termo de ajustamento anterior para a adequa\u00e7\u00e3o de valores. Desde a sua institui\u00e7\u00e3o o Minist\u00e9rio P\u00fablico acompanha e foi visto que havia a necessidade de cobrar mudan\u00e7as, entre elas, por exemplo, \u00e0 quest\u00e3o pedag\u00f3gica. Na verdade, de forma geral, o disponibilizado pelos oito munic\u00edpios n\u00e3o est\u00e1 conseguindo atender \u00e0s demandas da Casa, por isso enxergamos se fazer essencial convocar os prefeitos para um novo di\u00e1logo, conscientizando-os do aumento de obriga\u00e7\u00f5es. O espa\u00e7o precisa ser mantido, mas promovendo dignidade, n\u00e3o basta somente abrir a porta e colocar as crian\u00e7as, \u00e9 um trabalho s\u00e9rio e que exige sensibilidade e compromisso\u201d, destaca o promotor de Justi\u00e7a de Delmiro Gouveia, D\u00eanis Guimar\u00e3es.<\/span><\/p>\n<p align=\"justify\"><span style=\"font-family: helvetica, arial, sans-serif;\">Vale Ressaltar que, conforme o Estatuto da Crian\u00e7a e do Adolescente (ECA) que a Casa de Acolhimento \u00e9 um abrigo provis\u00f3rio e excepcional, onde crian\u00e7as ficam sob medida protetiva, at\u00e9 ocorrer o retorno \u00e0 fam\u00edlia, ou, n\u00e3o havendo mais essa possibilidade, encontrarem fam\u00edlias substitutas.<\/span><\/p>\n<p align=\"justify\"><span style=\"font-family: helvetica, arial, sans-serif;\">Para a garantia do bom funcionamento da mencionada Casa de Acolhimento do Alto Sert\u00e3o, atuam, al\u00e9m do promotor D\u00eanis Guimar\u00e3es, os promotores de Justi\u00e7a Frederico Monteiro e Paulo Henrique Prado, com suporte do Centro de Apoio Operacional \u00e0s Promotorias de Justi\u00e7a, sob dire\u00e7\u00e3o do promotor de Justi\u00e7a Jos\u00e9 Ant\u00f4nio Malta Marques.<\/span><\/p>\n<\/div><style type=\"text\/css\">.fusion-gallery-1 .fusion-gallery-image {border:0px solid #f6f6f6;-webkit-border-radius:5px;-moz-border-radius:5px;border-radius:5px;}<\/style><div class=\"fusion-gallery fusion-gallery-container fusion-grid-3 fusion-columns-total-0 fusion-gallery-layout-grid fusion-gallery-1\" style=\"margin:-5px;\"><div style=\"padding:5px;\" class=\"fusion-grid-column fusion-gallery-column fusion-gallery-column-3 hover-type-none\"><div class=\"fusion-gallery-image\"><a href=\"https:\/\/www.mpal.mp.br\/wp-content\/uploads\/2025\/12\/dr-denis7.jpg\" rel=\"noreferrer\" data-rel=\"iLightbox[gallery_image_1]\" class=\"fusion-lightbox\" target=\"_self\"><img loading=\"lazy\" decoding=\"async\" src=\"https:\/\/www.mpal.mp.br\/wp-content\/uploads\/2025\/12\/dr-denis7.jpg\" width=\"960\" height=\"1280\" alt=\"\" title=\"dr denis7\" aria-label=\"dr denis7\" class=\"img-responsive wp-image-65356\" \/><\/a><\/div><\/div><div style=\"padding:5px;\" class=\"fusion-grid-column fusion-gallery-column fusion-gallery-column-3 hover-type-none\"><div class=\"fusion-gallery-image\"><a href=\"https:\/\/www.mpal.mp.br\/wp-content\/uploads\/2025\/12\/dr-denis4.jpg\" rel=\"noreferrer\" data-rel=\"iLightbox[gallery_image_1]\" class=\"fusion-lightbox\" target=\"_self\"><img loading=\"lazy\" decoding=\"async\" src=\"https:\/\/www.mpal.mp.br\/wp-content\/uploads\/2025\/12\/dr-denis4.jpg\" width=\"1224\" height=\"1600\" alt=\"\" title=\"dr denis4\" aria-label=\"dr denis4\" class=\"img-responsive wp-image-65354\" \/><\/a><\/div><\/div><div style=\"padding:5px;\" class=\"fusion-grid-column fusion-gallery-column fusion-gallery-column-3 hover-type-none\"><div class=\"fusion-gallery-image\"><a href=\"https:\/\/www.mpal.mp.br\/wp-content\/uploads\/2025\/12\/dr-denis-3.jpg\" rel=\"noreferrer\" data-rel=\"iLightbox[gallery_image_1]\" class=\"fusion-lightbox\" target=\"_self\"><img loading=\"lazy\" decoding=\"async\" src=\"https:\/\/www.mpal.mp.br\/wp-content\/uploads\/2025\/12\/dr-denis-3.jpg\" width=\"1280\" height=\"720\" alt=\"\" title=\"dr denis 3\" aria-label=\"dr denis 3\" class=\"img-responsive wp-image-65353\" \/><\/a><\/div><\/div><div class=\"clearfix\"><\/div><div style=\"padding:5px;\" class=\"fusion-grid-column fusion-gallery-column fusion-gallery-column-3 hover-type-none\"><div class=\"fusion-gallery-image\"><a href=\"https:\/\/www.mpal.mp.br\/wp-content\/uploads\/2025\/12\/dr-denis-2.jpg\" rel=\"noreferrer\" data-rel=\"iLightbox[gallery_image_1]\" class=\"fusion-lightbox\" target=\"_self\"><img loading=\"lazy\" decoding=\"async\" src=\"https:\/\/www.mpal.mp.br\/wp-content\/uploads\/2025\/12\/dr-denis-2.jpg\" width=\"1280\" height=\"720\" alt=\"\" title=\"dr denis 2\" aria-label=\"dr denis 2\" class=\"img-responsive wp-image-65352\" \/><\/a><\/div><\/div><div style=\"padding:5px;\" class=\"fusion-grid-column fusion-gallery-column fusion-gallery-column-3 hover-type-none\"><div class=\"fusion-gallery-image\"><a href=\"https:\/\/www.mpal.mp.br\/wp-content\/uploads\/2025\/12\/dr-denis8.jpg\" rel=\"noreferrer\" data-rel=\"iLightbox[gallery_image_1]\" class=\"fusion-lightbox\" target=\"_self\"><img loading=\"lazy\" decoding=\"async\" src=\"https:\/\/www.mpal.mp.br\/wp-content\/uploads\/2025\/12\/dr-denis8.jpg\" width=\"1280\" height=\"960\" alt=\"\" title=\"dr denis8\" aria-label=\"dr denis8\" class=\"img-responsive wp-image-65357\" \/><\/a><\/div><\/div><\/div><div class=\"fusion-clearfix\"><\/div>\n\n\t\t\t\t\t<\/div>\n\t\t\t\t<\/div><\/div><\/div>\n","protected":false},"excerpt":{"rendered":"","protected":false},"author":8,"featured_media":65352,"comment_status":"open","ping_status":"open","sticky":false,"template":"","format":"standard","meta":{"om_disable_all_campaigns":false,"_monsterinsights_skip_tracking":false,"_monsterinsights_sitenote_active":false,"_monsterinsights_sitenote_note":"","_monsterinsights_sitenote_category":0,"_uf_show_specific_survey":0,"_uf_disable_surveys":false,"footnotes":""},"categories":[2],"tags":[],"class_list":["post-65351","post","type-post","status-publish","format-standard","has-post-thumbnail","hentry","category-not_mpal"],"aioseo_notices":[],"_links":{"self":[{"href":"https:\/\/www.mpal.mp.br\/index.php?rest_route=\/wp\/v2\/posts\/65351","targetHints":{"allow":["GET"]}}],"collection":[{"href":"https:\/\/www.mpal.mp.br\/index.php?rest_route=\/wp\/v2\/posts"}],"about":[{"href":"https:\/\/www.mpal.mp.br\/index.php?rest_route=\/wp\/v2\/types\/post"}],"author":[{"embeddable":true,"href":"https:\/\/www.mpal.mp.br\/index.php?rest_route=\/wp\/v2\/users\/8"}],"replies":[{"embeddable":true,"href":"https:\/\/www.mpal.mp.br\/index.php?rest_route=%2Fwp%2Fv2%2Fcomments&post=65351"}],"version-history":[{"count":1,"href":"https:\/\/www.mpal.mp.br\/index.php?rest_route=\/wp\/v2\/posts\/65351\/revisions"}],"predecessor-version":[{"id":65358,"href":"https:\/\/www.mpal.mp.br\/index.php?rest_route=\/wp\/v2\/posts\/65351\/revisions\/65358"}],"wp:featuredmedia":[{"embeddable":true,"href":"https:\/\/www.mpal.mp.br\/index.php?rest_route=\/wp\/v2\/media\/65352"}],"wp:attachment":[{"href":"https:\/\/www.mpal.mp.br\/index.php?rest_route=%2Fwp%2Fv2%2Fmedia&parent=65351"}],"wp:term":[{"taxonomy":"category","embeddable":true,"href":"https:\/\/www.mpal.mp.br\/index.php?rest_route=%2Fwp%2Fv2%2Fcategories&post=65351"},{"taxonomy":"post_tag","embeddable":true,"href":"https:\/\/www.mpal.mp.br\/index.php?rest_route=%2Fwp%2Fv2%2Ftags&post=65351"}],"curies":[{"name":"wp","href":"https:\/\/api.w.org\/{rel}","templated":true}]}}