{"id":65345,"date":"2025-12-19T08:48:49","date_gmt":"2025-12-19T11:48:49","guid":{"rendered":"https:\/\/www.mpal.mp.br\/?p=65345"},"modified":"2025-12-19T09:40:22","modified_gmt":"2025-12-19T12:40:22","slug":"apos-pedido-encaminhado-pelo-mpal-kel-ferreti-tem-nova-prisao-decretada","status":"publish","type":"post","link":"https:\/\/www.mpal.mp.br\/?p=65345","title":{"rendered":"Ap\u00f3s pedido encaminhado pelo MPAL, Kel Ferreti tem nova pris\u00e3o decretada"},"content":{"rendered":"<div class=\"fusion-fullwidth fullwidth-box fusion-builder-row-1 nonhundred-percent-fullwidth non-hundred-percent-height-scrolling\"  style='background-color: #ffffff;background-position: center center;background-repeat: no-repeat;padding-top:0px;padding-right:0px;padding-bottom:0px;padding-left:0px;'><div class=\"fusion-builder-row fusion-row \"><div  class=\"fusion-layout-column fusion_builder_column fusion_builder_column_1_1 fusion-builder-column-1 fusion-one-full fusion-column-first fusion-column-last 1_1\"  style='margin-top:0px;margin-bottom:0px;'>\n\t\t\t\t\t<div class=\"fusion-column-wrapper\" style=\"padding: 0px 0px 0px 0px;background-position:left top;background-repeat:no-repeat;-webkit-background-size:cover;-moz-background-size:cover;-o-background-size:cover;background-size:cover;\"   data-bg-url=\"\">\n\t\t\t\t\t\t<div class=\"fusion-text\"><p style=\"text-align: justify;\"><span style=\"font-size: 12pt; font-family: helvetica, arial, sans-serif;\">Quando o corpo de uma mulher \u00e9 violentado, o crime n\u00e3o se encerra no momento da agress\u00e3o: ele se prolonga no medo, nas marcas f\u00edsicas e emocionais e na permanente sensa\u00e7\u00e3o de inseguran\u00e7a da v\u00edtima. \u00c9 diante dessa realidade que o sistema de Justi\u00e7a imp\u00f5e limites rigorosos \u00e0 liberdade de quem comete crimes dessa gravidade. No caso do r\u00e9u Kleverton Pinheiro de Oliveira, mais conhecido como Kel Ferreti, condenado por estupro, o Minist\u00e9rio P\u00fablico do Estado de Alagoas (MPAL) recorreu ao Judici\u00e1rio ao constatar que, mesmo beneficiado com a possibilidade de responder em liberdade mediante medidas cautelares, at\u00e9 o julgamento final de seus eventuais recursos, ele as descumpriu reiteradamente, demonstrando desrespeito \u00e0s determina\u00e7\u00f5es judiciais e \u00e0 pr\u00f3pria gravidade da viola\u00e7\u00e3o praticada. Em raz\u00e3o disso, o MPAL requereu e teve o pedido de pris\u00e3o acatado contra o r\u00e9u.<\/span><\/p>\n<p style=\"text-align: justify;\"><span style=\"font-size: 12pt; font-family: helvetica, arial, sans-serif;\">Kel Ferreti foi condenado pelo crime de estupro e teve a pris\u00e3o preventiva revogada por decis\u00e3o de segundo grau, que autorizou o direito de recorrer em liberdade, desde que cumprisse rigorosamente uma s\u00e9rie de restri\u00e7\u00f5es, entre elas o uso de tornozeleira eletr\u00f4nica com raio de abrang\u00eancia zero, a proibi\u00e7\u00e3o de se ausentar da comarca sem autoriza\u00e7\u00e3o judicial e a obriga\u00e7\u00e3o de manter endere\u00e7o atualizado nos autos.<\/span><\/p>\n<p style=\"text-align: justify;\"><span style=\"font-size: 12pt; font-family: helvetica, arial, sans-serif;\">No entanto, conforme demonstrado pelo Minist\u00e9rio P\u00fablico, em peti\u00e7\u00e3o encaminhada ao Judici\u00e1rio ainda em outubro passado, surgiram provas de que o r\u00e9u vinha violando as determina\u00e7\u00f5es judiciais.<\/span><\/p>\n<p style=\"text-align: justify;\"><span style=\"font-size: 12pt; font-family: helvetica, arial, sans-serif;\">Publica\u00e7\u00f5es frequentes em redes sociais apontaram deslocamentos incompat\u00edveis com o monitoramento eletr\u00f4nico imposto, al\u00e9m de informa\u00e7\u00f5es sobre o acionamento do bot\u00e3o do p\u00e2nico pela v\u00edtima em pelo menos tr\u00eas ocasi\u00f5es.<\/span><\/p>\n<p style=\"text-align: justify;\"><span style=\"font-size: 12pt; font-family: helvetica, arial, sans-serif;\">Outro ponto destacado pelo MPAL foi a constata\u00e7\u00e3o de que o r\u00e9u n\u00e3o residia mais no endere\u00e7o informado nos autos, sem qualquer comunica\u00e7\u00e3o pr\u00e9via ao Judici\u00e1rio, o que configura descumprimento direto das condi\u00e7\u00f5es estabelecidas quando lhe foi concedido o direito de recorrer em liberdade.<\/span><\/p>\n<p style=\"text-align: justify;\"><span style=\"font-size: 12pt; font-family: helvetica, arial, sans-serif;\">Diante da gravidade e da reitera\u00e7\u00e3o das viola\u00e7\u00f5es, o Minist\u00e9rio P\u00fablico sustentou que \u201cas medidas cautelares diversas da pris\u00e3o se mostraram insuficientes para garantir a ordem p\u00fablica e a aplica\u00e7\u00e3o da lei penal, requerendo a decreta\u00e7\u00e3o de nova pris\u00e3o, nos termos do artigo 282, \u00a74\u00ba, do C\u00f3digo de Processo Penal\u201d.<\/span><\/p>\n<p style=\"text-align: justify;\"><span style=\"font-size: 12pt; font-family: helvetica, arial, sans-serif;\">O pedido foi acolhido pelo Judici\u00e1rio nessa quinta-feira (18), em decis\u00e3o da C\u00e2mara Criminal, que reconheceu o descumprimento das medidas impostas, conforme relat\u00f3rio t\u00e9cnico da Secretaria Estadual de Ressocializa\u00e7\u00e3o &#8211; SERIS, e determinou o restabelecimento da pris\u00e3o do r\u00e9u.<\/span><\/p>\n<p style=\"text-align: justify;\"><span style=\"font-size: 12pt; font-family: helvetica, arial, sans-serif;\">\u201cO estupro \u00e9 um crime que violenta o corpo da mulher, atinge sua dignidade mais profunda e deixa marcas que n\u00e3o se apagam com o tempo. Quando o Estado, mesmo diante dessa gravidade, concede ao r\u00e9u a possibilidade de responder em liberdade, essa concess\u00e3o vem acompanhada de regras claras e inegoci\u00e1veis. O descumprimento dessas medidas demonstra desprezo pela Justi\u00e7a, pela v\u00edtima e pela pr\u00f3pria condi\u00e7\u00e3o que lhe foi concedida. Nessas situa\u00e7\u00f5es, \u00e9 dever do Minist\u00e9rio P\u00fablico atuar com firmeza para que a resposta penal seja efetiva, garantindo que o autor do crime seja responsabilizado e, se necess\u00e1rio, tenha sua pris\u00e3o novamente decretada para a prote\u00e7\u00e3o da sociedade e o respeito \u00e0s decis\u00f5es judiciais\u201d, afirmou o promotor de Justi\u00e7a Jos\u00e9 Carlos Castro.<\/span><\/p>\n<p><span style=\"font-family: helvetica, arial, sans-serif;\">Foto: Reprodu\u00e7\u00e3o\/Instagram<\/span><\/p>\n<\/div><div class=\"fusion-clearfix\"><\/div>\n\n\t\t\t\t\t<\/div>\n\t\t\t\t<\/div><\/div><\/div>\n","protected":false},"excerpt":{"rendered":"","protected":false},"author":17,"featured_media":65348,"comment_status":"open","ping_status":"open","sticky":false,"template":"","format":"standard","meta":{"om_disable_all_campaigns":false,"_monsterinsights_skip_tracking":false,"_monsterinsights_sitenote_active":false,"_monsterinsights_sitenote_note":"","_monsterinsights_sitenote_category":0,"_uf_show_specific_survey":0,"_uf_disable_surveys":false,"footnotes":""},"categories":[2],"tags":[],"class_list":["post-65345","post","type-post","status-publish","format-standard","has-post-thumbnail","hentry","category-not_mpal"],"aioseo_notices":[],"_links":{"self":[{"href":"https:\/\/www.mpal.mp.br\/index.php?rest_route=\/wp\/v2\/posts\/65345","targetHints":{"allow":["GET"]}}],"collection":[{"href":"https:\/\/www.mpal.mp.br\/index.php?rest_route=\/wp\/v2\/posts"}],"about":[{"href":"https:\/\/www.mpal.mp.br\/index.php?rest_route=\/wp\/v2\/types\/post"}],"author":[{"embeddable":true,"href":"https:\/\/www.mpal.mp.br\/index.php?rest_route=\/wp\/v2\/users\/17"}],"replies":[{"embeddable":true,"href":"https:\/\/www.mpal.mp.br\/index.php?rest_route=%2Fwp%2Fv2%2Fcomments&post=65345"}],"version-history":[{"count":3,"href":"https:\/\/www.mpal.mp.br\/index.php?rest_route=\/wp\/v2\/posts\/65345\/revisions"}],"predecessor-version":[{"id":65350,"href":"https:\/\/www.mpal.mp.br\/index.php?rest_route=\/wp\/v2\/posts\/65345\/revisions\/65350"}],"wp:featuredmedia":[{"embeddable":true,"href":"https:\/\/www.mpal.mp.br\/index.php?rest_route=\/wp\/v2\/media\/65348"}],"wp:attachment":[{"href":"https:\/\/www.mpal.mp.br\/index.php?rest_route=%2Fwp%2Fv2%2Fmedia&parent=65345"}],"wp:term":[{"taxonomy":"category","embeddable":true,"href":"https:\/\/www.mpal.mp.br\/index.php?rest_route=%2Fwp%2Fv2%2Fcategories&post=65345"},{"taxonomy":"post_tag","embeddable":true,"href":"https:\/\/www.mpal.mp.br\/index.php?rest_route=%2Fwp%2Fv2%2Ftags&post=65345"}],"curies":[{"name":"wp","href":"https:\/\/api.w.org\/{rel}","templated":true}]}}