{"id":65336,"date":"2025-12-18T13:30:28","date_gmt":"2025-12-18T16:30:28","guid":{"rendered":"https:\/\/www.mpal.mp.br\/?p=65336"},"modified":"2025-12-18T13:56:55","modified_gmt":"2025-12-18T16:56:55","slug":"coral-cantos-legis-emociona-publico-em-apresentacao-especial-de-natal-no-mpal","status":"publish","type":"post","link":"https:\/\/www.mpal.mp.br\/?p=65336","title":{"rendered":"Coral Cantus Legis emociona p\u00fablico em apresenta\u00e7\u00e3o especial de Natal no Minist\u00e9rio P\u00fablico"},"content":{"rendered":"<div class=\"fusion-fullwidth fullwidth-box fusion-builder-row-1 nonhundred-percent-fullwidth non-hundred-percent-height-scrolling\"  style='background-color: #ffffff;background-position: center center;background-repeat: no-repeat;padding-top:0px;padding-right:0px;padding-bottom:0px;padding-left:0px;'><div class=\"fusion-builder-row fusion-row \"><div  class=\"fusion-layout-column fusion_builder_column fusion_builder_column_1_1 fusion-builder-column-1 fusion-one-full fusion-column-first fusion-column-last 1_1\"  style='margin-top:0px;margin-bottom:0px;'>\n\t\t\t\t\t<div class=\"fusion-column-wrapper\" style=\"padding: 0px 0px 0px 0px;background-position:left top;background-repeat:no-repeat;-webkit-background-size:cover;-moz-background-size:cover;-o-background-size:cover;background-size:cover;\"   data-bg-url=\"\">\n\t\t\t\t\t\t<div class=\"fusion-text\"><p align=\"justify\"><span style=\"font-size: 12pt; font-family: helvetica, arial, sans-serif;\">Entre corredores acostumados \u00e0 rotina institucional, a m\u00fasica abriu espa\u00e7o para o afeto, a escuta e a emo\u00e7\u00e3o. No pr\u00e9dio-sede do Minist\u00e9rio P\u00fablico do Estado de Alagoas (MPAL), vozes se uniram para transformar o ambiente em um cen\u00e1rio de celebra\u00e7\u00e3o e sensibilidade, marcando a proximidade do Natal com um gesto coletivo de cuidado e homenagem.<\/span><\/p>\n<p align=\"justify\"><span style=\"font-size: 12pt; font-family: helvetica, arial, sans-serif;\">Foi nese clima que o coral do MPAL Cantus Legis se apresentou para membros, servidores e colaboradores oferecendo um momento de pausa, reflex\u00e3o e conex\u00e3o. A apresenta\u00e7\u00e3o, preparada especialmente para a data, foi recebida com aten\u00e7\u00e3o, emo\u00e7\u00e3o vis\u00edvel e longos aplausos do p\u00fablico presente.<\/span><\/p>\n<p align=\"justify\"><span style=\"font-size: 12pt; font-family: helvetica, arial, sans-serif;\">Sob a reg\u00eancia do maestro Werbeht Pimentel, o coral interpretou um repert\u00f3rio que uniu espiritualidade, esperan\u00e7a e celebra\u00e7\u00e3o. As can\u00e7\u00f5es \u201cPe\u00e7a Felicidade\u201d, \u201cWe Wish You a Merry Christmas\u201d, \u201cAdeste Fidelis\u201d e \u201cCantate Domino\u201d conduziram o p\u00fablico a um clima de reflex\u00e3o e confraterniza\u00e7\u00e3o, sendo cada m\u00fasica recebida com entusiasmo entre as pessoas presentes.<\/span><\/p>\n<p align=\"justify\"><span style=\"font-size: 12pt; font-family: helvetica, arial, sans-serif;\"><strong>1 ano de Cantus Legis<\/strong><\/span><\/p>\n<p align=\"justify\"><span style=\"font-size: 12pt; font-family: helvetica, arial, sans-serif;\">Criado em 12 de dezembro do ano passado, o Cantus Legis \u00e9 composto por 20 integrantes, entre procuradores e promotores de Justi\u00e7a, servidores e estagi\u00e1rios do Minist\u00e9rio P\u00fablico. O procurador-geral de Justi\u00e7a em exerc\u00edcio, Walber Valente de Lima, que integra o coro, falou sobre a sua import\u00e2ncia: O Cantus Legis fortalece os v\u00ednculos humanos e institucionais, especialmente em per\u00edodos simb\u00f3licos como o Natal, para al\u00e9m de ser uma iniciativa que refor\u00e7a o compromisso institucional com a\u00e7\u00f5es que valorizam a integra\u00e7\u00e3o, a sensibilidade e o bem-estar no ambiente de trabalho\u201d,<\/span><\/p>\n<p align=\"justify\"><span style=\"font-size: 12pt; font-family: helvetica, arial, sans-serif;\">Presente ao evento, a procuradora de Justi\u00e7a Sandra Malta ressaltou o significado do coral para a institui\u00e7\u00e3o. \u201cO Cantus Legis vai al\u00e9m da m\u00fasica. Ele representa cuidado, acolhimento e promo\u00e7\u00e3o da sa\u00fade emocional de todos que fazem parte do Minist\u00e9rio P\u00fablico e, justamente por isso, ele integra a <\/span><span style=\"font-family: helvetica, arial, sans-serif;\">Comiss\u00e3o de Preven\u00e7\u00e3o a Situa\u00e7\u00f5es de Risco \u00e0 Sa\u00fade Mental do MPA. F<\/span><span style=\"font-family: helvetica, arial, sans-serif; font-size: 12pt;\">oi uma apresenta\u00e7\u00e3o sens\u00edvel, que tocou a todos n\u00f3s\u201d, afirmou ela, que preside a referente comiss\u00e3o.\u00a0<\/span><\/p>\n<\/div><style type=\"text\/css\">.fusion-gallery-1 .fusion-gallery-image {border:0px solid #f6f6f6;-webkit-border-radius:5px;-moz-border-radius:5px;border-radius:5px;}<\/style><div class=\"fusion-gallery fusion-gallery-container fusion-grid-3 fusion-columns-total-0 fusion-gallery-layout-grid fusion-gallery-1\" style=\"margin:-5px;\"><div style=\"padding:5px;\" class=\"fusion-grid-column fusion-gallery-column fusion-gallery-column-3 hover-type-none\"><div class=\"fusion-gallery-image\"><a href=\"https:\/\/www.mpal.mp.br\/wp-content\/uploads\/2025\/12\/IMG-20251218-WA0026.jpg\" rel=\"noreferrer\" data-rel=\"iLightbox[gallery_image_1]\" class=\"fusion-lightbox\" target=\"_self\"><img loading=\"lazy\" decoding=\"async\" src=\"https:\/\/www.mpal.mp.br\/wp-content\/uploads\/2025\/12\/IMG-20251218-WA0026.jpg\" width=\"1600\" height=\"1066\" alt=\"\" title=\"IMG-20251218-WA0026\" aria-label=\"IMG-20251218-WA0026\" class=\"img-responsive wp-image-65335\" \/><\/a><\/div><\/div><div style=\"padding:5px;\" class=\"fusion-grid-column fusion-gallery-column fusion-gallery-column-3 hover-type-none\"><div class=\"fusion-gallery-image\"><a href=\"https:\/\/www.mpal.mp.br\/wp-content\/uploads\/2025\/12\/6N6A0893.jpg\" rel=\"noreferrer\" data-rel=\"iLightbox[gallery_image_1]\" class=\"fusion-lightbox\" target=\"_self\"><img loading=\"lazy\" decoding=\"async\" src=\"https:\/\/www.mpal.mp.br\/wp-content\/uploads\/2025\/12\/6N6A0893.jpg\" width=\"2400\" height=\"1600\" alt=\"\" title=\"6N6A0893\" aria-label=\"6N6A0893\" class=\"img-responsive wp-image-65334\" \/><\/a><\/div><\/div><div style=\"padding:5px;\" class=\"fusion-grid-column fusion-gallery-column fusion-gallery-column-3 hover-type-none\"><div class=\"fusion-gallery-image\"><a href=\"https:\/\/www.mpal.mp.br\/wp-content\/uploads\/2025\/12\/6N6A0878.jpg\" rel=\"noreferrer\" data-rel=\"iLightbox[gallery_image_1]\" class=\"fusion-lightbox\" target=\"_self\"><img loading=\"lazy\" decoding=\"async\" src=\"https:\/\/www.mpal.mp.br\/wp-content\/uploads\/2025\/12\/6N6A0878.jpg\" width=\"2400\" height=\"1600\" alt=\"\" title=\"6N6A0878\" aria-label=\"6N6A0878\" class=\"img-responsive wp-image-65333\" \/><\/a><\/div><\/div><div class=\"clearfix\"><\/div><div style=\"padding:5px;\" class=\"fusion-grid-column fusion-gallery-column fusion-gallery-column-3 hover-type-none\"><div class=\"fusion-gallery-image\"><a href=\"https:\/\/www.mpal.mp.br\/wp-content\/uploads\/2025\/12\/6N6A0875.jpg\" rel=\"noreferrer\" data-rel=\"iLightbox[gallery_image_1]\" class=\"fusion-lightbox\" target=\"_self\"><img loading=\"lazy\" decoding=\"async\" src=\"https:\/\/www.mpal.mp.br\/wp-content\/uploads\/2025\/12\/6N6A0875.jpg\" width=\"2400\" height=\"1600\" alt=\"\" title=\"6N6A0875\" aria-label=\"6N6A0875\" class=\"img-responsive wp-image-65332\" \/><\/a><\/div><\/div><div style=\"padding:5px;\" class=\"fusion-grid-column fusion-gallery-column fusion-gallery-column-3 hover-type-none\"><div class=\"fusion-gallery-image\"><a href=\"https:\/\/www.mpal.mp.br\/wp-content\/uploads\/2025\/12\/6N6A0867-1.jpg\" rel=\"noreferrer\" data-rel=\"iLightbox[gallery_image_1]\" class=\"fusion-lightbox\" target=\"_self\"><img loading=\"lazy\" decoding=\"async\" src=\"https:\/\/www.mpal.mp.br\/wp-content\/uploads\/2025\/12\/6N6A0867-1.jpg\" width=\"2400\" height=\"1600\" alt=\"\" title=\"6N6A0867 (1)\" aria-label=\"6N6A0867 (1)\" class=\"img-responsive wp-image-65331\" \/><\/a><\/div><\/div><div style=\"padding:5px;\" class=\"fusion-grid-column fusion-gallery-column fusion-gallery-column-3 hover-type-none\"><div class=\"fusion-gallery-image\"><a href=\"https:\/\/www.mpal.mp.br\/wp-content\/uploads\/2025\/12\/6N6A08431.jpg\" rel=\"noreferrer\" data-rel=\"iLightbox[gallery_image_1]\" class=\"fusion-lightbox\" target=\"_self\"><img loading=\"lazy\" decoding=\"async\" src=\"https:\/\/www.mpal.mp.br\/wp-content\/uploads\/2025\/12\/6N6A08431.jpg\" width=\"2400\" height=\"1600\" alt=\"\" title=\"6N6A0843(1)\" aria-label=\"6N6A0843(1)\" class=\"img-responsive wp-image-65330\" \/><\/a><\/div><\/div><div class=\"clearfix\"><\/div><div style=\"padding:5px;\" class=\"fusion-grid-column fusion-gallery-column fusion-gallery-column-3 hover-type-none\"><div class=\"fusion-gallery-image\"><a href=\"https:\/\/www.mpal.mp.br\/wp-content\/uploads\/2025\/12\/6N6A0921-31.jpg\" rel=\"noreferrer\" data-rel=\"iLightbox[gallery_image_1]\" class=\"fusion-lightbox\" target=\"_self\"><img loading=\"lazy\" decoding=\"async\" src=\"https:\/\/www.mpal.mp.br\/wp-content\/uploads\/2025\/12\/6N6A0921-31.jpg\" width=\"2400\" height=\"1600\" alt=\"\" title=\"6N6A0921 (3)(1)\" aria-label=\"6N6A0921 (3)(1)\" class=\"img-responsive wp-image-65329\" \/><\/a><\/div><\/div><div style=\"padding:5px;\" class=\"fusion-grid-column fusion-gallery-column fusion-gallery-column-3 hover-type-none\"><div class=\"fusion-gallery-image\"><a href=\"https:\/\/www.mpal.mp.br\/wp-content\/uploads\/2025\/12\/6N6A0928-11.jpg\" rel=\"noreferrer\" data-rel=\"iLightbox[gallery_image_1]\" class=\"fusion-lightbox\" target=\"_self\"><img loading=\"lazy\" decoding=\"async\" src=\"https:\/\/www.mpal.mp.br\/wp-content\/uploads\/2025\/12\/6N6A0928-11.jpg\" width=\"2400\" height=\"1600\" alt=\"\" title=\"6N6A0928 (1)(1)\" aria-label=\"6N6A0928 (1)(1)\" class=\"img-responsive wp-image-65328\" \/><\/a><\/div><\/div><div style=\"padding:5px;\" class=\"fusion-grid-column fusion-gallery-column fusion-gallery-column-3 hover-type-none\"><div class=\"fusion-gallery-image\"><a href=\"https:\/\/www.mpal.mp.br\/wp-content\/uploads\/2025\/12\/6N6A09401.jpg\" rel=\"noreferrer\" data-rel=\"iLightbox[gallery_image_1]\" class=\"fusion-lightbox\" target=\"_self\"><img loading=\"lazy\" decoding=\"async\" src=\"https:\/\/www.mpal.mp.br\/wp-content\/uploads\/2025\/12\/6N6A09401.jpg\" width=\"2400\" height=\"1600\" alt=\"\" title=\"6N6A0940(1)\" aria-label=\"6N6A0940(1)\" class=\"img-responsive wp-image-65327\" \/><\/a><\/div><\/div><div class=\"clearfix\"><\/div><div style=\"padding:5px;\" class=\"fusion-grid-column fusion-gallery-column fusion-gallery-column-3 hover-type-none\"><div class=\"fusion-gallery-image\"><a href=\"https:\/\/www.mpal.mp.br\/wp-content\/uploads\/2025\/12\/6N6A0954-31.jpg\" rel=\"noreferrer\" data-rel=\"iLightbox[gallery_image_1]\" class=\"fusion-lightbox\" target=\"_self\"><img loading=\"lazy\" decoding=\"async\" src=\"https:\/\/www.mpal.mp.br\/wp-content\/uploads\/2025\/12\/6N6A0954-31.jpg\" width=\"2400\" height=\"1600\" alt=\"\" title=\"6N6A0954 (3)(1)\" aria-label=\"6N6A0954 (3)(1)\" class=\"img-responsive wp-image-65326\" \/><\/a><\/div><\/div><\/div><div class=\"fusion-clearfix\"><\/div>\n\n\t\t\t\t\t<\/div>\n\t\t\t\t<\/div><\/div><\/div>\n","protected":false},"excerpt":{"rendered":"","protected":false},"author":17,"featured_media":65330,"comment_status":"open","ping_status":"open","sticky":false,"template":"","format":"standard","meta":{"om_disable_all_campaigns":false,"_monsterinsights_skip_tracking":false,"_monsterinsights_sitenote_active":false,"_monsterinsights_sitenote_note":"","_monsterinsights_sitenote_category":0,"_uf_show_specific_survey":0,"_uf_disable_surveys":false,"footnotes":""},"categories":[2],"tags":[],"class_list":["post-65336","post","type-post","status-publish","format-standard","has-post-thumbnail","hentry","category-not_mpal"],"aioseo_notices":[],"_links":{"self":[{"href":"https:\/\/www.mpal.mp.br\/index.php?rest_route=\/wp\/v2\/posts\/65336","targetHints":{"allow":["GET"]}}],"collection":[{"href":"https:\/\/www.mpal.mp.br\/index.php?rest_route=\/wp\/v2\/posts"}],"about":[{"href":"https:\/\/www.mpal.mp.br\/index.php?rest_route=\/wp\/v2\/types\/post"}],"author":[{"embeddable":true,"href":"https:\/\/www.mpal.mp.br\/index.php?rest_route=\/wp\/v2\/users\/17"}],"replies":[{"embeddable":true,"href":"https:\/\/www.mpal.mp.br\/index.php?rest_route=%2Fwp%2Fv2%2Fcomments&post=65336"}],"version-history":[{"count":6,"href":"https:\/\/www.mpal.mp.br\/index.php?rest_route=\/wp\/v2\/posts\/65336\/revisions"}],"predecessor-version":[{"id":65342,"href":"https:\/\/www.mpal.mp.br\/index.php?rest_route=\/wp\/v2\/posts\/65336\/revisions\/65342"}],"wp:featuredmedia":[{"embeddable":true,"href":"https:\/\/www.mpal.mp.br\/index.php?rest_route=\/wp\/v2\/media\/65330"}],"wp:attachment":[{"href":"https:\/\/www.mpal.mp.br\/index.php?rest_route=%2Fwp%2Fv2%2Fmedia&parent=65336"}],"wp:term":[{"taxonomy":"category","embeddable":true,"href":"https:\/\/www.mpal.mp.br\/index.php?rest_route=%2Fwp%2Fv2%2Fcategories&post=65336"},{"taxonomy":"post_tag","embeddable":true,"href":"https:\/\/www.mpal.mp.br\/index.php?rest_route=%2Fwp%2Fv2%2Ftags&post=65336"}],"curies":[{"name":"wp","href":"https:\/\/api.w.org\/{rel}","templated":true}]}}