{"id":65323,"date":"2025-12-18T09:13:38","date_gmt":"2025-12-18T12:13:38","guid":{"rendered":"https:\/\/www.mpal.mp.br\/?p=65323"},"modified":"2025-12-18T09:13:38","modified_gmt":"2025-12-18T12:13:38","slug":"mp-recomenda-ampliacao-do-efetivo-da-guarda-municipal-de-arapiraca-para-o-minimo-legal","status":"publish","type":"post","link":"https:\/\/www.mpal.mp.br\/?p=65323","title":{"rendered":"MP recomenda amplia\u00e7\u00e3o do efetivo da Guarda Municipal de Arapiraca para o m\u00ednimo legal"},"content":{"rendered":"<p align=\"justify\"><span style=\"font-size: 12pt; font-family: helvetica, arial, sans-serif;\">O Minist\u00e9rio P\u00fablico do Estado de Alagoas (MPAL expediu recomenda\u00e7\u00e3o ao Munic\u00edpio de Arapiraca para que adote provid\u00eancias urgentes com o objetivo de adequar o efetivo da Guarda Civil Municipal ao quantitativo m\u00ednimo previsto em lei. A medida foi tomada no \u00e2mbito do inqu\u00e9rito civil n\u00ba 06.2025.00000449-0, instaurado para apurar poss\u00edvel insufici\u00eancia no n\u00famero de guardas municipais diante das exig\u00eancias legais e da realidade populacional da cidade.<\/span><\/p>\n<p align=\"justify\"><span style=\"font-size: 12pt; font-family: helvetica, arial, sans-serif;\">A recomenda\u00e7\u00e3o foi expedida pelas 9\u00aa e 10\u00aa Promotorias de Justi\u00e7a de Arapiraca, em atua\u00e7\u00e3o conjunta com o N\u00facleo de Controle Externo da Atividade Policial do MPAL. O documento destaca que, conforme o Estatuto Geral das Guardas Municipais (Lei n\u00ba 13.022\/2014), munic\u00edpios com popula\u00e7\u00e3o entre 50 mil e 500 mil habitantes devem manter efetivo m\u00ednimo correspondente a 0,3% da popula\u00e7\u00e3o, respeitado o piso de 200 guardas. De acordo com dados do Censo 2022 do IBGE, Arapiraca possui mais de 234 mil habitantes, o que torna obrigat\u00f3ria a manuten\u00e7\u00e3o de, no m\u00ednimo, 200 guardas civis municipais.<\/span><\/p>\n<p align=\"justify\"><span style=\"font-size: 12pt; font-family: helvetica, arial, sans-serif;\">No texto, o MPAL tamb\u00e9m chama aten\u00e7\u00e3o para o concurso p\u00fablico regido pelo Edital n\u00ba 01\/2025, que ofertou apenas 48 vagas para o cargo de Guarda Civil Municipal \u2013 3\u00aa Classe. Embora mais de 100 candidatos tenham sido considerados aptos nas etapas j\u00e1 realizadas, o n\u00famero de vagas previsto no certame \u00e9 insuficiente para suprir o efetivo m\u00ednimo exigido em lei, o que motivou a atua\u00e7\u00e3o ministerial<\/span><\/p>\n<p align=\"justify\"><span style=\"font-size: 12pt; font-family: helvetica, arial, sans-serif;\">A recomenda\u00e7\u00e3o orienta o prefeito de Arapiraca a promover, ap\u00f3s a conclus\u00e3o das etapas do concurso, a imediata nomea\u00e7\u00e3o e posse dos candidatos aprovados, at\u00e9 que seja alcan\u00e7ado o quantitativo m\u00ednimo legal, respeitada a ordem de classifica\u00e7\u00e3o e a disponibilidade or\u00e7ament\u00e1ria, conforme entendimento consolidado do Supremo Tribunal Federal no Tema 784.<\/span><\/p>\n<p align=\"justify\"><span style=\"font-size: 12pt; font-family: helvetica, arial, sans-serif;\">Para o promotor de Justi\u00e7a Bruno Baptista, titular da <span style=\"color: #337ab7;\">10\u00aa Promotoria de Justi\u00e7a de Arapiraca <\/span><span style=\"color: #337ab7;\">(<\/span><span style=\"color: #337ab7;\">Defesa da <\/span><span style=\"color: #337ab7;\">P<\/span><span style=\"color: #337ab7;\">robidade <\/span><span style=\"color: #337ab7;\">A<\/span><span style=\"color: #337ab7;\">dministrativa<\/span><span style=\"color: #337ab7;\">),<\/span> a medida busca garantir legalidade e efici\u00eancia na pol\u00edtica de seguran\u00e7a p\u00fablica municipal. \u201cUma vez criada a Guarda Municipal, o munic\u00edpio tem o dever jur\u00eddico de estrutur\u00e1-la de acordo com os par\u00e2metros constitucionais e legais. O dimensionamento adequado do efetivo \u00e9 essencial para assegurar um servi\u00e7o p\u00fablico eficiente e respeitoso aos direitos fundamentais da popula\u00e7\u00e3o\u201d, destacou ele.<\/span><\/p>\n<p align=\"justify\"><span style=\"font-size: 12pt; font-family: helvetica, arial, sans-serif;\">O Minist\u00e9rio P\u00fablico fixou o prazo de 15 dias para que o Munic\u00edpio informe se acatar\u00e1 a recomenda\u00e7\u00e3o e quais provid\u00eancias ser\u00e3o adotadas. Em caso de descumprimento ou aus\u00eancia de justificativa legal, o MPAL poder\u00e1 adotar outras medidas extrajudiciais ou judiciais cab\u00edveis, com o objetivo de assegurar o cumprimento da legisla\u00e7\u00e3o e a melhoria dos servi\u00e7os de seguran\u00e7a p\u00fablica em Arapiraca.<\/span><\/p>\n","protected":false},"excerpt":{"rendered":"<p> [&hellip;]<\/p>\n","protected":false},"author":17,"featured_media":21991,"comment_status":"open","ping_status":"open","sticky":false,"template":"","format":"standard","meta":{"om_disable_all_campaigns":false,"_monsterinsights_skip_tracking":false,"_monsterinsights_sitenote_active":false,"_monsterinsights_sitenote_note":"","_monsterinsights_sitenote_category":0,"_uf_show_specific_survey":0,"_uf_disable_surveys":false,"footnotes":""},"categories":[2],"tags":[],"class_list":["post-65323","post","type-post","status-publish","format-standard","has-post-thumbnail","hentry","category-not_mpal"],"aioseo_notices":[],"_links":{"self":[{"href":"https:\/\/www.mpal.mp.br\/index.php?rest_route=\/wp\/v2\/posts\/65323","targetHints":{"allow":["GET"]}}],"collection":[{"href":"https:\/\/www.mpal.mp.br\/index.php?rest_route=\/wp\/v2\/posts"}],"about":[{"href":"https:\/\/www.mpal.mp.br\/index.php?rest_route=\/wp\/v2\/types\/post"}],"author":[{"embeddable":true,"href":"https:\/\/www.mpal.mp.br\/index.php?rest_route=\/wp\/v2\/users\/17"}],"replies":[{"embeddable":true,"href":"https:\/\/www.mpal.mp.br\/index.php?rest_route=%2Fwp%2Fv2%2Fcomments&post=65323"}],"version-history":[{"count":1,"href":"https:\/\/www.mpal.mp.br\/index.php?rest_route=\/wp\/v2\/posts\/65323\/revisions"}],"predecessor-version":[{"id":65324,"href":"https:\/\/www.mpal.mp.br\/index.php?rest_route=\/wp\/v2\/posts\/65323\/revisions\/65324"}],"wp:featuredmedia":[{"embeddable":true,"href":"https:\/\/www.mpal.mp.br\/index.php?rest_route=\/wp\/v2\/media\/21991"}],"wp:attachment":[{"href":"https:\/\/www.mpal.mp.br\/index.php?rest_route=%2Fwp%2Fv2%2Fmedia&parent=65323"}],"wp:term":[{"taxonomy":"category","embeddable":true,"href":"https:\/\/www.mpal.mp.br\/index.php?rest_route=%2Fwp%2Fv2%2Fcategories&post=65323"},{"taxonomy":"post_tag","embeddable":true,"href":"https:\/\/www.mpal.mp.br\/index.php?rest_route=%2Fwp%2Fv2%2Ftags&post=65323"}],"curies":[{"name":"wp","href":"https:\/\/api.w.org\/{rel}","templated":true}]}}