{"id":65321,"date":"2025-12-17T18:08:22","date_gmt":"2025-12-17T21:08:22","guid":{"rendered":"https:\/\/www.mpal.mp.br\/?p=65321"},"modified":"2025-12-17T18:08:22","modified_gmt":"2025-12-17T21:08:22","slug":"mpal-consegue-condenacao-de-reu-acusado-de-matar-decapitar-abrir-o-torax-e-arrancar-o-coracao-da-vitima-em-rio-largo","status":"publish","type":"post","link":"https:\/\/www.mpal.mp.br\/?p=65321","title":{"rendered":"MPAL consegue condena\u00e7\u00e3o de r\u00e9u acusado de matar, decapitar, abrir o t\u00f3rax e arrancar o cora\u00e7\u00e3o da v\u00edtima em Rio Largo"},"content":{"rendered":"<p style=\"text-align: justify;\" align=\"justify\"><span style=\"font-family: helvetica, arial, sans-serif;\"><span style=\"font-size: medium;\">A sustenta\u00e7\u00e3o feita pelo Minist\u00e9rio P\u00fablico do Estado de Alagoas (MPAL) no Tribunal do J\u00fari resultou na condena\u00e7\u00e3o, nesta quarta-feira (17), do r\u00e9u Cleiton J\u00fanior Bezerra da Silva, mais conhecido como \u201cJuninho\u201d, a 29 anos, 3 meses e 10 dias de reclus\u00e3o. Ele era um dos cinco acusados pela morte da jovem Mylca Simeia da Concei\u00e7\u00e3o, de apenas 18 anos, que teve sua vida interrompida de maneira violenta na madrugada do dia 29 de janeiro de 2019, na cidade de Rio Largo.<\/span><\/span><\/p>\n<p style=\"text-align: justify;\" align=\"justify\"><span style=\"font-family: helvetica, arial, sans-serif;\"><span style=\"font-size: medium;\">No j\u00fari desta quarta-feira, que foi realizado em Macei\u00f3 devido ao desaforamento, o MPAL foi representado pela promotora de Justi\u00e7a Adilza Freitas, que conseguiu o reconhecimento, pelo Conselho de Senten\u00e7a, das seguintes qualificadoras: motivo torpe, meio cruel e recurso que dificultou a defesa da v\u00edtima, al\u00e9m de crime conexo de corrup\u00e7\u00e3o de menores, visto que dois adolescentes participaram do assassinato.<\/span><\/span><\/p>\n<p style=\"text-align: justify;\" align=\"justify\"><span style=\"font-family: helvetica, arial, sans-serif;\">\u201c<span style=\"font-size: medium;\">Foi um julgamento entre a civiliza\u00e7\u00e3o e a barb\u00e1rie. Das 10 na\u00e7\u00f5es mais desenvolvidas do mundo, o Brasil \u00e9 a \u00fanica que n\u00e3o tem pris\u00e3o perp\u00e9tua, o que deveria existir para esse tipo de crime de homic\u00eddio com crueldade\u201d, enfatizou a promotora de Justi\u00e7a.<\/span><\/span><\/p>\n<p style=\"text-align: justify;\" align=\"justify\"><span style=\"font-family: helvetica, arial, sans-serif;\"><span style=\"font-size: medium;\">De acordo com o processo, no dia do crime, a jovem foi capturada, arrastada pelos cabelos por cerca de 100 metros e levada at\u00e9 um matagal perto do Conjunto Demorisvaldo, localidade conhecida como \u201cCasas Novas\u201d, em Rio Largo. Parte do cabelo e do couro cabeludo da v\u00edtima ficaram pelo caminho, em um rastro de crueldade.<\/span><\/span><\/p>\n<p style=\"text-align: justify;\" align=\"justify\"><span style=\"font-family: helvetica, arial, sans-serif;\"><span style=\"font-size: medium;\">Os cinco denunciados, entre eles Cleiton J\u00fanior Bezerra da Silva, com apoio de dois adolescentes, desferiram diversos golpes de faca e de falc\u00e3o em Mylca Semeia da Concei\u00e7\u00e3o, al\u00e9m de terem jogado contra ela um paralelep\u00edpedo, causando-lhe intenso sofrimento f\u00edsico at\u00e9 conseguirem mat\u00e1-la.<\/span><\/span><\/p>\n<p style=\"text-align: justify;\" align=\"justify\"><span style=\"font-family: helvetica, arial, sans-serif;\"><span style=\"font-size: medium;\">Em seguida, ela foi decapitada, abriram a caixa tor\u00e1cica e retiraram o cora\u00e7\u00e3o. A cabe\u00e7a foi deixada em cima de uma estaca em um terreno no conjunto Barnab\u00e9 Oiticica. O cad\u00e1ver foi jogado em um barranco de dif\u00edcil acesso.<\/span><\/span><\/p>\n<p style=\"text-align: justify;\" align=\"justify\"><span style=\"font-family: helvetica, arial, sans-serif;\"><span style=\"font-size: medium;\">Ainda segundo o que consta nos autos, o homic\u00eddio foi motivado por desaven\u00e7as dentro da fac\u00e7\u00e3o da qual denunciados e v\u00edtima faziam parte. Na senten\u00e7a, o juiz de Direito Geraldo Cavalcante Amorim, presidente do 3\u00ba Tribunal do J\u00fari, escreveu: \u201cDiante da moldura f\u00e1tica extra\u00edda dos autos, percebe-se que, aqui, a vida imitou a arte do absurdo, por se ter criado um verdadeiro cen\u00e1rio de um filme de terror, de fazer inveja a consagrados produtores deste g\u00eanero de filmes, dentre tantos, Quentin Tarantino\u201d.<\/span><\/span><\/p>\n","protected":false},"excerpt":{"rendered":"<p> [&hellip;]<\/p>\n","protected":false},"author":24,"featured_media":34072,"comment_status":"open","ping_status":"open","sticky":false,"template":"","format":"standard","meta":{"om_disable_all_campaigns":false,"_monsterinsights_skip_tracking":false,"_monsterinsights_sitenote_active":false,"_monsterinsights_sitenote_note":"","_monsterinsights_sitenote_category":0,"_uf_show_specific_survey":0,"_uf_disable_surveys":false,"footnotes":""},"categories":[2],"tags":[],"class_list":["post-65321","post","type-post","status-publish","format-standard","has-post-thumbnail","hentry","category-not_mpal"],"aioseo_notices":[],"_links":{"self":[{"href":"https:\/\/www.mpal.mp.br\/index.php?rest_route=\/wp\/v2\/posts\/65321","targetHints":{"allow":["GET"]}}],"collection":[{"href":"https:\/\/www.mpal.mp.br\/index.php?rest_route=\/wp\/v2\/posts"}],"about":[{"href":"https:\/\/www.mpal.mp.br\/index.php?rest_route=\/wp\/v2\/types\/post"}],"author":[{"embeddable":true,"href":"https:\/\/www.mpal.mp.br\/index.php?rest_route=\/wp\/v2\/users\/24"}],"replies":[{"embeddable":true,"href":"https:\/\/www.mpal.mp.br\/index.php?rest_route=%2Fwp%2Fv2%2Fcomments&post=65321"}],"version-history":[{"count":1,"href":"https:\/\/www.mpal.mp.br\/index.php?rest_route=\/wp\/v2\/posts\/65321\/revisions"}],"predecessor-version":[{"id":65322,"href":"https:\/\/www.mpal.mp.br\/index.php?rest_route=\/wp\/v2\/posts\/65321\/revisions\/65322"}],"wp:featuredmedia":[{"embeddable":true,"href":"https:\/\/www.mpal.mp.br\/index.php?rest_route=\/wp\/v2\/media\/34072"}],"wp:attachment":[{"href":"https:\/\/www.mpal.mp.br\/index.php?rest_route=%2Fwp%2Fv2%2Fmedia&parent=65321"}],"wp:term":[{"taxonomy":"category","embeddable":true,"href":"https:\/\/www.mpal.mp.br\/index.php?rest_route=%2Fwp%2Fv2%2Fcategories&post=65321"},{"taxonomy":"post_tag","embeddable":true,"href":"https:\/\/www.mpal.mp.br\/index.php?rest_route=%2Fwp%2Fv2%2Ftags&post=65321"}],"curies":[{"name":"wp","href":"https:\/\/api.w.org\/{rel}","templated":true}]}}