{"id":6532,"date":"2016-11-08T11:33:03","date_gmt":"2016-11-08T13:33:03","guid":{"rendered":"https:\/\/www.mpal.mp.br\/?p=6532"},"modified":"2022-05-26T11:37:26","modified_gmt":"2022-05-26T14:37:26","slug":"dicom-do-mpe-al-vence-premio-braskem-de-jornalismo-por-cobertura-da-fpi-do-sao-francisco","status":"publish","type":"post","link":"https:\/\/www.mpal.mp.br\/?p=6532","title":{"rendered":"Dicom do MPE\/AL vence Pr\u00eamio Braskem de Jornalismo por cobertura da FPI do S\u00e3o Francisco"},"content":{"rendered":"<p style=\"text-align: justify;\"><span style=\"font-size: 14pt;\">Pelo trabalho de cobertura da Fiscaliza\u00e7\u00e3o Preventiva Integrada da Bacia Hidrogr\u00e1fica do Rio S\u00e3o Francisco (FPI do S\u00e3o Francisco), a Diretoria de Comunica\u00e7\u00e3o Social (Dicom) do Minist\u00e9rio P\u00fablico do Estado recebeu o Pr\u00eamio Braskem de Jornalismo de 2016, na categoria Assessoria de Imprensa. Finalista da premia\u00e7\u00e3o nos \u00faltimos quatro anos, os servidores p\u00fablicos do \u00f3rg\u00e3o ministerial sagraram-se vencedores na 27\u00aa edi\u00e7\u00e3o do evento, que ocorreu no dia 5 de novembro, em Macei\u00f3.<\/span><\/p>\n<p style=\"text-align: justify;\"><span style=\"font-size: 14pt;\">Sob a dire\u00e7\u00e3o da jornalista Janaina Ribeiro, a equipe formada pelo analista de Comunica\u00e7\u00e3o Social Rafael Barreto, os rep\u00f3rteres fotogr\u00e1ficos Anderson Macena e Claudemir Mota e a cerimonialista Cristina Mendes inscreveu o case \u201cCobertura da Fiscaliza\u00e7\u00e3o Preventiva Integrada, um projeto ambiental em defesa do Rio S\u00e3o Francisco\u201d no pr\u00eamio. Em destaque, o trabalho jornal\u00edstico multimidi\u00e1tico das 4\u00aa e 5\u00aa etapas do programa, que envolveu s\u00edtio institucional, hotsite, redes sociais e disponibiliza\u00e7\u00e3o de conte\u00fado em tempo real para a imprensa.<\/span><\/p>\n<p style=\"text-align: justify;\"><span style=\"font-size: 14pt;\">\u201cEsse pr\u00eamio n\u00e3o \u00e9 apenas da Comunica\u00e7\u00e3o Social do Minist\u00e9rio P\u00fablico. Ele \u00e9 tamb\u00e9m de cada um dos promotores e t\u00e9cnicos que fazem parte dessa for\u00e7a-tarefa, \u00e9 das 22 institui\u00e7\u00f5es que comp\u00f5em a Fiscaliza\u00e7\u00e3o. Durante a FPI, normalmente a gente acorda entre quatro a cinco da manh\u00e3 e volta pra descansar sempre depois das sete, oito da noite. Ao mesmo tempo em que \u00e9 cansativo, \u00e9 tamb\u00e9m gratificante porque a gente sabe que esse \u00e9 um trabalho que tem o objetivo de salvar o Rio S\u00e3o Francisco e melhorar a qualidade de vida do povo ribeirinho. Portanto, enquanto durar a FPI, a nossa Diretoria estar\u00e1 pronta pra ajudar, afinal, pra defender o Velho Chico, somos todos carrancas&#8221;, disse Janaina Ribeiro.<\/span><\/p>\n<p style=\"text-align: justify;\"><span style=\"font-size: 14pt;\">O procurador-geral de Justi\u00e7a, S\u00e9rgio Juc\u00e1, tamb\u00e9m comemorou o sucesso da equipe na premia\u00e7\u00e3o: \u201cExercendo a chefia do Minist\u00e9rio P\u00fablico, confesso o meu orgulho e de todos os promotores e procuradores de Justi\u00e7a com esse valioso pr\u00eamio, que reconhece a compet\u00eancia e a efici\u00eancia da Diretoria de Comunica\u00e7\u00e3o Social da Procuradoria Geral de Justi\u00e7a. Parabenizo, assim, a querida equipe por mais essa conquista. S\u00e3o profissionais que, inegavelmente, brilham na divulga\u00e7\u00e3o das a\u00e7\u00f5es do Minist\u00e9rio P\u00fablico na defesa dos interesses da sociedade\u201d.<\/span><\/p>\n<p style=\"text-align: justify;\"><span style=\"font-size: 14pt;\">A entrega da 27\u00aa edi\u00e7\u00e3o do Pr\u00eamio Braskem de Jornalismo foi uma promo\u00e7\u00e3o do Sindicato dos Jornalistas de Alagoas em parceria com a empresa qu\u00edmica e petroqu\u00edmica Braskem. Al\u00e9m da Assessoria de Imprensa, houve premia\u00e7\u00e3o para profissionais do Jornalismo nas categorias Reportagem Especial; Jornalismo impresso\/Texto; Jornalismo impresso\/Imagem (Fotografia); Design Gr\u00e1fico\/Diagrama\u00e7\u00e3o; Informa\u00e7\u00e3o Econ\u00f4mica\/Pol\u00edtica; Informa\u00e7\u00e3o Cultural\/Tur\u00edstica; Informa\u00e7\u00e3o Esportiva; Reportagem de TV; Reportagem Cinematogr\u00e1fica; Web jornalismo; Radiojornalismo; Assessoria de Imprensa; e Pr\u00eamio Jornalista Freitas Neto (Estudante).<\/span><\/p>\n<p style=\"text-align: justify;\"><span style=\"font-size: 14pt;\"><strong>Mais pr\u00eamios<\/strong><\/span><\/p>\n<p style=\"text-align: justify;\"><span style=\"font-size: 14pt;\">Em junho, a Diretoria de Comunica\u00e7\u00e3o Social (Dicom) da institui\u00e7\u00e3o foi premiada com dois trabalhos e conquistou 1\u00ba e 2\u00ba lugares em duas disputas diferentes, uma estadual e outra nacional. Em ambas as premia\u00e7\u00f5es, as comiss\u00f5es julgadoras tamb\u00e9m avaliaram a cobertura jornal\u00edstica feita durante a Fiscaliza\u00e7\u00e3o Preventiva Integrada do Rio S\u00e3o Francisco (FPI).<\/span><\/p>\n<p style=\"text-align: justify;\"><span style=\"font-size: 14pt;\">O trof\u00e9u de 1\u00ba lugar foi conquistado no Pr\u00eamio Oct\u00e1vio Brand\u00e3o de Jornalismo Ambiental 2016, na categoria &#8216;Jornalismo Impresso\/Imagem&#8217;, com uma fotografia tirada durante a 4\u00aa etapa da FPI do Rio S\u00e3o Francisco, ocorrida em novembro do ano passado. O registro fotogr\u00e1fico, que foi publicado na edi\u00e7\u00e3o n\u00ba 143 do jornal O Dia, mostra um Galo-de-Campina ganhando liberdade ap\u00f3s ser libertado do cativeiro. O p\u00e1ssaro silvestre, natural do bioma da Caatinga, foi reintroduzido ao seu habitat depois de receber os cuidados veterin\u00e1rios da equipe fauna, respons\u00e1vel por cuidar dos animais resgatados durante os trabalhos de campo da FPI.<\/span><\/p>\n<p style=\"text-align: justify;\"><span style=\"font-size: 14pt;\">Com o case \u201cFPI do S\u00e3o Francisco: hotsite e redes sociais do MPE\/AL levam \u00e0s reda\u00e7\u00f5es atua\u00e7\u00e3o em defesa do Velho Chico\u201d, a Dicom obteve a 2\u00aa coloca\u00e7\u00e3o na 14\u00aa edi\u00e7\u00e3o do Pr\u00eamio Nacional de Comunica\u00e7\u00e3o e Justi\u00e7a, promovido pelo F\u00f3rum Nacional de Comunica\u00e7\u00e3o e Justi\u00e7a (FNCJ). A entidade re\u00fane os assessores de comunica\u00e7\u00e3o de todas as institui\u00e7\u00f5es ligadas ao Sistema da Justi\u00e7a, a exemplo de MPEs, MPFs, TJs, DPEs, TRTs, TREs, TRFs, DPU, AGU, PGR, CNJ, CNMP, STJ, STF, TSE, TST e entidades de classe dos profissionais que comp\u00f5em esses \u00f3rg\u00e3os.<\/span><\/p>\n<p style=\"text-align: justify;\"><span style=\"font-size: 14pt;\">A cobertura da FPI do S\u00e3o Francisco tamb\u00e9m rendeu \u00e0 Dicom o o Pr\u00eamio Braskem de Sa\u00fade e Seguran\u00e7a no Trabalho (SST de Jornalismo), na categoria Assessoria de Imprensa, em 2015. Na sequ\u00eancia, ainda no ano passado, a Diretoria de Comunica\u00e7\u00e3o Social do Minist\u00e9rio P\u00fablico Estadual de Alagoas conquistou a 13\u00aa edi\u00e7\u00e3o do Pr\u00eamio Nacional de Comunica\u00e7\u00e3o e Justi\u00e7a. O case avaliado como a melhor estrat\u00e9gia de comunica\u00e7\u00e3o com a imprensa foi o &#8216;WhatsApp: ferramenta que aperfei\u00e7oou e deu mais rapidez \u00e0 comunica\u00e7\u00e3o entre o MPE e a m\u00eddia alagoana&#8217;.<\/span><\/p>\n<p style=\"text-align: justify;\"><span style=\"font-size: 14pt;\"><strong>A cobertura<\/strong><\/span><\/p>\n<p style=\"text-align: justify;\"><span style=\"font-size: 14pt;\">O Minist\u00e9rio P\u00fablico Estadual de Alagoas resolveu, de maneira in\u00e9dita no Estado, formar uma for\u00e7a-tarefa para proteger o Rio S\u00e3o Francisco e a popula\u00e7\u00e3o ribeirinha que vive \u00e0s margens dele. Para executar o programa, uniu 22 institui\u00e7\u00f5es estaduais e federais e, durante 30 dias, sempre nos meses de novembro e maio, percorre v\u00e1rios munic\u00edpios. Diante da grandeza do trabalho, foi lan\u00e7ada \u00e0 Dicom o desafio de fazer a cobertura jornal\u00edstica das a\u00e7\u00f5es da FPI do S\u00e3o Francisco.<\/span><\/p>\n<p style=\"text-align: justify;\"><span style=\"font-size: 14pt;\">\u201cEm 2014, as duas primeiras etapas serviram de base para que pud\u00e9ssemos conhecer de perto o projeto e entender como a Comunica\u00e7\u00e3o poderia agir. Em 2015, al\u00e9m dos releases e e-mails com o resultado das opera\u00e7\u00f5es, ampliamos a cobertura. Constru\u00edmos um hotsite e toda a produ\u00e7\u00e3o de conte\u00fado passou a ser compartilhada com a imprensa n\u00e3o mais somente pelas mat\u00e9rias, mas tamb\u00e9m atrav\u00e9s de registros fotogr\u00e1ficos, v\u00eddeos, \u00e1udios com entrevistas dos coordenadores dos grupos e textos postados no pr\u00f3prio hotsite e nas redes sociais do Minist\u00e9rio P\u00fablico\u201d, explica a diretora de Comunica\u00e7\u00e3o Social, Janaina Ribeiro.<\/span><\/p>\n<p style=\"text-align: justify;\"><span style=\"font-size: 14pt;\">O objetivo foi levar a FPI \u00e0s reda\u00e7\u00f5es e \u00e0 popula\u00e7\u00e3o. Por meio da produ\u00e7\u00e3o de textos, imagens, \u00e1udios e v\u00eddeos, mostramos que a Fiscaliza\u00e7\u00e3o colaborava com o processo de recupera\u00e7\u00e3o da bacia hidrogr\u00e1fica do S\u00e3o Francisco, inibindo a degrada\u00e7\u00e3o ambiental provocada pelo poder p\u00fablico e pela iniciativa privada e denunciava irregularidades em esgotamento sanit\u00e1rio, abastecimento de \u00e1gua, lix\u00f5es, extra\u00e7\u00e3o irregular de min\u00e9rios, abate clandestino de animais, desmatamento \u00e0s margens do rio e pesca predat\u00f3ria.<\/span><\/p>\n<p style=\"text-align: justify;\"><span style=\"font-size: 14pt;\">O hotsite, por exemplo, serviu como guia da imprensa e da sociedade sobre os trabalhos desenvolvidos pelo programa. Ao navegar pelo s\u00edtio, o usu\u00e1rio encontra informa\u00e7\u00f5es referentes \u00e0 sua origem, composi\u00e7\u00e3o, alvos da fiscaliza\u00e7\u00e3o, relat\u00f3rios, not\u00edcias, v\u00eddeos e fotos. Esses tr\u00eas \u00faltimos produzidos exclusivamente pela Dicom do MPE\/AL.<\/span><\/p>\n<p style=\"text-align: justify;\"><span style=\"font-size: 14pt;\">J\u00e1 as redes sociais se configuraram como a forma mais r\u00e1pida do conte\u00fado chegar aos ve\u00edculos de comunica\u00e7\u00e3o. Mesmo diante da dificuldade de sinal de telefone e de Internet 4G, todas as informa\u00e7\u00f5es eram compartilhadas t\u00e3o logo a tecnologia permitia. E a\u00ed, um grande volume de fotografias, v\u00eddeos e releases eram postados, especialmente no grupo da Dicom do MPE\/AL no Whatsapp &#8211; que conta com mais de 250 jornalista do estado inteiro -, Facebook e Instagram.<\/span><\/p>\n<p style=\"text-align: justify;\"><span style=\"font-size: 14pt;\">Em maio \u00faltimo, um v\u00eddeo compartilhado na fanpage do Minist\u00e9rio P\u00fablico mostrando a reintrodu\u00e7\u00e3o de mais de 800 p\u00e1ssaros ao habitat da Caatinga viralizou, foi visto por mais de oito milh\u00f5es de pessoas, conquistou quase 176 mil compartilhamentos e teve 8,5 mil coment\u00e1rios. A m\u00eddia nacional repercutiu e os coment\u00e1rios vieram de v\u00e1rias partes do mundo.<\/span><\/p>\n<p style=\"text-align: justify;\"><span style=\"font-size: 14pt;\">O trabalho de relacionamento com a m\u00eddia resultou numa ampla cobertura di\u00e1ria dos impressos, das r\u00e1dios, TVs e sites, de forma a mostrar ao povo as mazelas ambientais e de sa\u00fade nos munic\u00edpios do Velho Chico, ao mesmo tempo em que tamb\u00e9m intimidou quem estava \u00e0 margem da lei. A imprensa foi ainda convencida a acompanhar in loco a FPI, al\u00e9m de ter cedido espa\u00e7os em est\u00fadios para entrevistas.<\/span><\/p>\n<p style=\"text-align: justify;\"><span style=\"font-size: 14pt;\">\u201cEnt\u00e3o, a Dicom conseguiu alcan\u00e7ar seu objetivo a partir da cobertura multim\u00eddia montada. Imprensa e sociedade entenderam e respeitaram a FPI, que mostrou que, durante as a\u00e7\u00f5es de fiscaliza\u00e7\u00e3o, \u00e0 medida que s\u00e3o diagnosticados os danos ambientais, s\u00e3o adotadas, de pronto, san\u00e7\u00f5es administrativas para a respectiva agress\u00e3o. Al\u00e9m disso, mostramos tamb\u00e9m que as informa\u00e7\u00f5es e as constata\u00e7\u00f5es de cada problema servir\u00e3o de base para a responsabiliza\u00e7\u00e3o civil e criminal dos infratores ambientais\u201d, comemorou Janaina Ribeiro.<\/span><\/p>\n","protected":false},"excerpt":{"rendered":"<p> [&hellip;]<\/p>\n","protected":false},"author":2,"featured_media":6533,"comment_status":"open","ping_status":"open","sticky":false,"template":"","format":"standard","meta":{"om_disable_all_campaigns":false,"_monsterinsights_skip_tracking":false,"_monsterinsights_sitenote_active":false,"_monsterinsights_sitenote_note":"","_monsterinsights_sitenote_category":0,"_uf_show_specific_survey":0,"_uf_disable_surveys":false,"footnotes":""},"categories":[38],"tags":[],"class_list":["post-6532","post","type-post","status-publish","format-standard","has-post-thumbnail","hentry","category-not_fpi"],"aioseo_notices":[],"_links":{"self":[{"href":"https:\/\/www.mpal.mp.br\/index.php?rest_route=\/wp\/v2\/posts\/6532","targetHints":{"allow":["GET"]}}],"collection":[{"href":"https:\/\/www.mpal.mp.br\/index.php?rest_route=\/wp\/v2\/posts"}],"about":[{"href":"https:\/\/www.mpal.mp.br\/index.php?rest_route=\/wp\/v2\/types\/post"}],"author":[{"embeddable":true,"href":"https:\/\/www.mpal.mp.br\/index.php?rest_route=\/wp\/v2\/users\/2"}],"replies":[{"embeddable":true,"href":"https:\/\/www.mpal.mp.br\/index.php?rest_route=%2Fwp%2Fv2%2Fcomments&post=6532"}],"version-history":[{"count":1,"href":"https:\/\/www.mpal.mp.br\/index.php?rest_route=\/wp\/v2\/posts\/6532\/revisions"}],"predecessor-version":[{"id":6534,"href":"https:\/\/www.mpal.mp.br\/index.php?rest_route=\/wp\/v2\/posts\/6532\/revisions\/6534"}],"wp:featuredmedia":[{"embeddable":true,"href":"https:\/\/www.mpal.mp.br\/index.php?rest_route=\/wp\/v2\/media\/6533"}],"wp:attachment":[{"href":"https:\/\/www.mpal.mp.br\/index.php?rest_route=%2Fwp%2Fv2%2Fmedia&parent=6532"}],"wp:term":[{"taxonomy":"category","embeddable":true,"href":"https:\/\/www.mpal.mp.br\/index.php?rest_route=%2Fwp%2Fv2%2Fcategories&post=6532"},{"taxonomy":"post_tag","embeddable":true,"href":"https:\/\/www.mpal.mp.br\/index.php?rest_route=%2Fwp%2Fv2%2Ftags&post=6532"}],"curies":[{"name":"wp","href":"https:\/\/api.w.org\/{rel}","templated":true}]}}