{"id":65318,"date":"2025-12-17T16:19:56","date_gmt":"2025-12-17T19:19:56","guid":{"rendered":"https:\/\/www.mpal.mp.br\/?p=65318"},"modified":"2025-12-17T16:19:56","modified_gmt":"2025-12-17T19:19:56","slug":"corregedoria-geral-do-mpal-se-reune-com-parlamentar-e-concessionarias-para-tratar-de-falhas-no-abastecimento-de-agua-no-sertao","status":"publish","type":"post","link":"https:\/\/www.mpal.mp.br\/?p=65318","title":{"rendered":"Corregedoria-Geral do MPAL se re\u00fane com parlamentar e concession\u00e1rias para tratar de falhas no abastecimento de \u00e1gua no Sert\u00e3o"},"content":{"rendered":"<div class=\"fusion-fullwidth fullwidth-box fusion-builder-row-1 nonhundred-percent-fullwidth non-hundred-percent-height-scrolling\"  style='background-color: #ffffff;background-position: center center;background-repeat: no-repeat;padding-top:0px;padding-right:0px;padding-bottom:0px;padding-left:0px;'><div class=\"fusion-builder-row fusion-row \"><div  class=\"fusion-layout-column fusion_builder_column fusion_builder_column_1_1 fusion-builder-column-1 fusion-one-full fusion-column-first fusion-column-last 1_1\"  style='margin-top:0px;margin-bottom:0px;'>\n\t\t\t\t\t<div class=\"fusion-column-wrapper\" style=\"padding: 0px 0px 0px 0px;background-position:left top;background-repeat:no-repeat;-webkit-background-size:cover;-moz-background-size:cover;-o-background-size:cover;background-size:cover;\"   data-bg-url=\"\">\n\t\t\t\t\t\t<div class=\"fusion-text\"><p style=\"text-align: justify;\"><span style=\"font-family: helvetica, arial, sans-serif;\">O Minist\u00e9rio P\u00fablico de Alagoas (MPAL), representado pelo corregedor-geral, Eduardo Tavares, pelo chefe de gabinete, promotor de Justi\u00e7a Humberto Bulh\u00f5es, e pelo assessor especial da Procuradoria-Geral de Justi\u00e7a, promotor de Justi\u00e7a Edezilto Andrade, recepcionou, nesta quarta-feira (17), na Sala dos Colegiados, no pr\u00e9dio-sede, bairro Po\u00e7o, em Macei\u00f3, o deputado estadual Jos\u00e9 Wanderley, al\u00e9m de uma comiss\u00e3o formada pelo presidente da Companhia de Saneamento de Alagoas (Casal) e por integrantes da Companhia Nacional de Saneamento (Conasa) e da concession\u00e1ria \u00c1guas do Sert\u00e3o para discutir problemas que t\u00eam afetado o abastecimento em cidades sertanejas.<\/span><\/p>\n<p style=\"text-align: justify;\"><span style=\"font-family: helvetica, arial, sans-serif;\">A reuni\u00e3o foi presidida pelo corregedor-geral que, diante de relatos advindos de ambas as partes \u2013 consumidor e empresas fornecedoras -, englobando a presta\u00e7\u00e3o de servi\u00e7os sem qualidade, mas, tamb\u00e9m, o furto de \u00e1gua, cogitou a possibilidade de cria\u00e7\u00e3o de uma for\u00e7a-tarefa para o combate \u00e0s ilicitudes e, como consequ\u00eancia, o resguardo dos direitos dos consumidores.<\/span><\/p>\n<p style=\"text-align: justify;\"><span style=\"font-family: helvetica, arial, sans-serif;\">\u201cO deputado Jos\u00e9 Wanderlei acionou o Minist\u00e9rio P\u00fablico preocupado com essa quest\u00e3o de falta de \u00e1gua que assola o sertanejo. A \u00e1gua n\u00e3o chega l\u00e1 na ponta, n\u00e3o se consegue abastecer diariamente cerca de 40 cidades e quando chega \u00e9 com muita dificuldade. E o pior, recebemos a informa\u00e7\u00e3o de que tem \u00e1gua sendo furtada mas, tamb\u00e9m, que existe cobran\u00e7a por um produto que n\u00e3o chegou, o que \u00e9 muito s\u00e9rio. As empresas prometeram dar uma aten\u00e7\u00e3o especial no controle do envio dessas \u00e1guas para as cidades que est\u00e3o sofrendo com o desabastecimento. E n\u00f3s, com a forma\u00e7\u00e3o desse grupo de trabalho, tomaremos as medidas necess\u00e1rias. O importante \u00e9 que tenhamos essa demanda resolvida, afinal de contas, a \u00e1gua \u00e9 um bem sagrado, n\u00e3o sobrevivemos sem ele. O sert\u00e3o j\u00e1 sofre com o sol, nessa \u00e9poca o solo racha, a \u00e1gua vai embora e devemos estar atentos\u201d, ressalta o corregedor-geral.<\/span><\/p>\n<p style=\"text-align: justify;\"><span style=\"font-family: helvetica, arial, sans-serif;\">O deputado Jos\u00e9 Wanderley havia procurado o \u00f3rg\u00e3o, demonstrando preocupa\u00e7\u00e3o com o abastecimento de \u00e1gua das cidades sertanejas e, nesta ter\u00e7a-feira, a reuni\u00e3o se realizou.<\/span><\/p>\n<p style=\"text-align: justify;\"><span style=\"font-family: helvetica, arial, sans-serif;\">\u201cNos reunimos com o Minist\u00e9rio P\u00fablico, a \u00c1guas do Sert\u00e3o, que atende 40 munic\u00edpios do semi\u00e1rido, e a Casal, para tratar da falta do desabastecimento l\u00e1 na regi\u00e3o. E foram discutidos alguns problemas cr\u00f4nicos, agora agudizados, de roubo de \u00e1gua, e tamb\u00e9m algumas defici\u00eancias da empresa que precisam ser corrigidas. E ficou pactuado aqui com os representantes ministeriais a cria\u00e7\u00e3o de uma for\u00e7a-tarefa para combater o que estiver fora da lei, permitindo que seja levado para o sertanejo o bem mais precioso, que \u00e9 a \u00e1gua. A reclama\u00e7\u00e3o que trouxemos veio de v\u00e1rios cidad\u00e3os comuns, dos prefeitos que est\u00e3o muito preocupados e acreditamos que o Minist\u00e9rio P\u00fablico vai se dedicar para esclarecer e punir quem rouba \u00e1gua, pois isso \u00e9 um crime inomin\u00e1vel para o sertanejo\u201d, afirma o parlamentar.<\/span><\/p>\n<p style=\"text-align: justify;\"><span style=\"font-family: helvetica, arial, sans-serif;\">J\u00e1 o assessor especial, promotor de Justi\u00e7a Edelzito Andrade, observou a possibilidade de existir uma organiza\u00e7\u00e3o criminosa na regi\u00e3o, com expertise em desvio de \u00e1gua.<\/span><\/p>\n<p style=\"text-align: justify;\"><span style=\"font-family: helvetica, arial, sans-serif;\">\u201cDiante das circunst\u00e2ncias, o Minist\u00e9rio P\u00fablico pode, atrav\u00e9s do GAECO, que \u00e9 o nosso grupo de combate \u00e0s organiza\u00e7\u00f5es criminosas, iniciar uma investiga\u00e7\u00e3o aprofundada e chegar aos autores de tais crimes\u201d, destacou o promotor de Justi\u00e7a.<\/span><\/p>\n<\/div><style type=\"text\/css\">.fusion-gallery-1 .fusion-gallery-image {border:0px solid #f6f6f6;-webkit-border-radius:5px;-moz-border-radius:5px;border-radius:5px;}<\/style><div class=\"fusion-gallery fusion-gallery-container fusion-grid-3 fusion-columns-total-0 fusion-gallery-layout-grid fusion-gallery-1\" style=\"margin:-5px;\"><div style=\"padding:5px;\" class=\"fusion-grid-column fusion-gallery-column fusion-gallery-column-3 hover-type-none\"><div class=\"fusion-gallery-image\"><a href=\"https:\/\/www.mpal.mp.br\/wp-content\/uploads\/2025\/12\/6N6A0813-1.jpg\" rel=\"noreferrer\" data-rel=\"iLightbox[gallery_image_1]\" class=\"fusion-lightbox\" target=\"_self\"><img loading=\"lazy\" decoding=\"async\" src=\"https:\/\/www.mpal.mp.br\/wp-content\/uploads\/2025\/12\/6N6A0813-1.jpg\" width=\"2400\" height=\"1600\" alt=\"\" title=\"6N6A0813 (1)\" aria-label=\"6N6A0813 (1)\" class=\"img-responsive wp-image-65316\" \/><\/a><\/div><\/div><div style=\"padding:5px;\" class=\"fusion-grid-column fusion-gallery-column fusion-gallery-column-3 hover-type-none\"><div class=\"fusion-gallery-image\"><a href=\"https:\/\/www.mpal.mp.br\/wp-content\/uploads\/2025\/12\/6N6A0773-1.jpg\" rel=\"noreferrer\" data-rel=\"iLightbox[gallery_image_1]\" class=\"fusion-lightbox\" target=\"_self\"><img loading=\"lazy\" decoding=\"async\" src=\"https:\/\/www.mpal.mp.br\/wp-content\/uploads\/2025\/12\/6N6A0773-1.jpg\" width=\"2400\" height=\"1600\" alt=\"\" title=\"6N6A0773 (1)\" aria-label=\"6N6A0773 (1)\" class=\"img-responsive wp-image-65313\" \/><\/a><\/div><\/div><div style=\"padding:5px;\" class=\"fusion-grid-column fusion-gallery-column fusion-gallery-column-3 hover-type-none\"><div class=\"fusion-gallery-image\"><a href=\"https:\/\/www.mpal.mp.br\/wp-content\/uploads\/2025\/12\/6N6A0766-1.jpg\" rel=\"noreferrer\" data-rel=\"iLightbox[gallery_image_1]\" class=\"fusion-lightbox\" target=\"_self\"><img loading=\"lazy\" decoding=\"async\" src=\"https:\/\/www.mpal.mp.br\/wp-content\/uploads\/2025\/12\/6N6A0766-1.jpg\" width=\"2400\" height=\"1600\" alt=\"\" title=\"6N6A0766 (1)\" aria-label=\"6N6A0766 (1)\" class=\"img-responsive wp-image-65312\" \/><\/a><\/div><\/div><div class=\"clearfix\"><\/div><div style=\"padding:5px;\" class=\"fusion-grid-column fusion-gallery-column fusion-gallery-column-3 hover-type-none\"><div class=\"fusion-gallery-image\"><a href=\"https:\/\/www.mpal.mp.br\/wp-content\/uploads\/2025\/12\/6N6A0742-1.jpg\" rel=\"noreferrer\" data-rel=\"iLightbox[gallery_image_1]\" class=\"fusion-lightbox\" target=\"_self\"><img loading=\"lazy\" decoding=\"async\" src=\"https:\/\/www.mpal.mp.br\/wp-content\/uploads\/2025\/12\/6N6A0742-1.jpg\" width=\"2400\" height=\"1600\" alt=\"\" title=\"6N6A0742 (1)\" aria-label=\"6N6A0742 (1)\" class=\"img-responsive wp-image-65310\" \/><\/a><\/div><\/div><div style=\"padding:5px;\" class=\"fusion-grid-column fusion-gallery-column fusion-gallery-column-3 hover-type-none\"><div class=\"fusion-gallery-image\"><a href=\"https:\/\/www.mpal.mp.br\/wp-content\/uploads\/2025\/12\/6N6A0780-1.jpg\" rel=\"noreferrer\" data-rel=\"iLightbox[gallery_image_1]\" class=\"fusion-lightbox\" target=\"_self\"><img loading=\"lazy\" decoding=\"async\" src=\"https:\/\/www.mpal.mp.br\/wp-content\/uploads\/2025\/12\/6N6A0780-1.jpg\" width=\"2400\" height=\"1600\" alt=\"\" title=\"6N6A0780 (1)\" aria-label=\"6N6A0780 (1)\" class=\"img-responsive wp-image-65317\" \/><\/a><\/div><\/div><\/div><div class=\"fusion-clearfix\"><\/div>\n\n\t\t\t\t\t<\/div>\n\t\t\t\t<\/div><\/div><\/div>\n","protected":false},"excerpt":{"rendered":"","protected":false},"author":8,"featured_media":65309,"comment_status":"open","ping_status":"open","sticky":false,"template":"","format":"standard","meta":{"om_disable_all_campaigns":false,"_monsterinsights_skip_tracking":false,"_monsterinsights_sitenote_active":false,"_monsterinsights_sitenote_note":"","_monsterinsights_sitenote_category":0,"_uf_show_specific_survey":0,"_uf_disable_surveys":false,"footnotes":""},"categories":[2],"tags":[],"class_list":["post-65318","post","type-post","status-publish","format-standard","has-post-thumbnail","hentry","category-not_mpal"],"aioseo_notices":[],"_links":{"self":[{"href":"https:\/\/www.mpal.mp.br\/index.php?rest_route=\/wp\/v2\/posts\/65318","targetHints":{"allow":["GET"]}}],"collection":[{"href":"https:\/\/www.mpal.mp.br\/index.php?rest_route=\/wp\/v2\/posts"}],"about":[{"href":"https:\/\/www.mpal.mp.br\/index.php?rest_route=\/wp\/v2\/types\/post"}],"author":[{"embeddable":true,"href":"https:\/\/www.mpal.mp.br\/index.php?rest_route=\/wp\/v2\/users\/8"}],"replies":[{"embeddable":true,"href":"https:\/\/www.mpal.mp.br\/index.php?rest_route=%2Fwp%2Fv2%2Fcomments&post=65318"}],"version-history":[{"count":2,"href":"https:\/\/www.mpal.mp.br\/index.php?rest_route=\/wp\/v2\/posts\/65318\/revisions"}],"predecessor-version":[{"id":65320,"href":"https:\/\/www.mpal.mp.br\/index.php?rest_route=\/wp\/v2\/posts\/65318\/revisions\/65320"}],"wp:featuredmedia":[{"embeddable":true,"href":"https:\/\/www.mpal.mp.br\/index.php?rest_route=\/wp\/v2\/media\/65309"}],"wp:attachment":[{"href":"https:\/\/www.mpal.mp.br\/index.php?rest_route=%2Fwp%2Fv2%2Fmedia&parent=65318"}],"wp:term":[{"taxonomy":"category","embeddable":true,"href":"https:\/\/www.mpal.mp.br\/index.php?rest_route=%2Fwp%2Fv2%2Fcategories&post=65318"},{"taxonomy":"post_tag","embeddable":true,"href":"https:\/\/www.mpal.mp.br\/index.php?rest_route=%2Fwp%2Fv2%2Ftags&post=65318"}],"curies":[{"name":"wp","href":"https:\/\/api.w.org\/{rel}","templated":true}]}}