{"id":65305,"date":"2025-12-17T11:29:58","date_gmt":"2025-12-17T14:29:58","guid":{"rendered":"https:\/\/www.mpal.mp.br\/?p=65305"},"modified":"2025-12-17T11:31:56","modified_gmt":"2025-12-17T14:31:56","slug":"caso-ana-beatriz-ministerio-publico-manteve-pedido-de-prisao-e-pedira-condenacao-da-mae-por-tres-qualificadoras","status":"publish","type":"post","link":"https:\/\/www.mpal.mp.br\/?p=65305","title":{"rendered":"Caso Ana Beatriz: Minist\u00e9rio P\u00fablico manteve pedido de pris\u00e3o e pedir\u00e1 condena\u00e7\u00e3o da m\u00e3e por tr\u00eas qualificadoras"},"content":{"rendered":"<p align=\"justify\"><span style=\"font-family: helvetica, arial, sans-serif;\">Nessa ter\u00e7a-feira (16), Alagoas parou sob a expectativa do resultado da primeira audi\u00eancia de instru\u00e7\u00e3o do caso Ana Beatriz, a rec\u00e9m-nascida morta pela pr\u00f3pria m\u00e3e. O Minist\u00e9rio P\u00fablico de Alagoas (MPAL), reafirmou o posicionamento pedindo a manuten\u00e7\u00e3o da pris\u00e3o da autora, o que foi deferido pelo magistrado. A mulher, a pedido da defesa, ser\u00e1 submetida a exame de sanidade mental e, ap\u00f3s, a promotora de Justi\u00e7a Francisca Paula, far\u00e1 as alega\u00e7\u00f5es finais.<\/span><\/p>\n<p align=\"justify\"><span style=\"font-family: helvetica, arial, sans-serif;\">O crime, ocorrido em abril de 2025, na cidade de Novo Lino, foi de repercuss\u00e3o nacional e o desfecho estarreceu a sociedade, quando a genitora, acabou confessando a barb\u00e1rie. <\/span><\/p>\n<p align=\"justify\"><span style=\"font-family: helvetica, arial, sans-serif;\">\u201cA pedido do Minist\u00e9rio P\u00fablico a mulher continuou presa, obviamente a defesa pediu pela liberdade e o Minist\u00e9rio P\u00fablico opinou pela manuten\u00e7\u00e3o da pris\u00e3o. Os advogados pediram para ser instaurado um incidente de sanidade mental, o juiz deferiu o pedido mas ela vai ser\u00e1 submetida a esse procedimento. E ap\u00f3s, faremos as alega\u00e7\u00f5es finais, onde pedirei a sua condena\u00e7\u00e3o\u201d, explica a promotora.<\/span><\/p>\n<p align=\"justify\"><span style=\"font-family: helvetica, arial, sans-serif;\">Francisca Paula adiantou que, nas alega\u00e7\u00f5es finais, continuar\u00e1 com o pedido de condena\u00e7\u00e3o pelos crimes de homic\u00eddio qualificado, oculta\u00e7\u00e3o de cad\u00e1ver e comunica\u00e7\u00e3o falsa de crime. Vale ressaltar que o<span style=\"color: #0a0a0a;\"><span style=\"font-size: medium;\"> incidente de sanidade mental \u00e9 <\/span><\/span><span style=\"color: #0a0a0a;\"><span style=\"font-size: medium;\">assegurado pelo artigo.149- e 154 do C\u00f3digo de Processo Penal permitindo avalia\u00e7\u00e3o da sa\u00fade mental de um acusado para ver se ele tinha condi\u00e7\u00f5es de entender o crime cometido na \u00e9poca dos fatos. E o seu resultado \u00e9 determinante para manuten\u00e7\u00e3o da carceragem ou aplica\u00e7\u00e3o de medidas de seguran\u00e7a que seria interna\u00e7\u00e3o para tratamento.<\/span><\/span><\/span><\/p>\n<p align=\"justify\"><strong><span style=\"font-family: helvetica, arial, sans-serif;\"><span style=\"color: #0a0a0a;\"><span style=\"font-size: medium;\">O caso<\/span><\/span><\/span><\/strong><\/p>\n<p align=\"justify\"><span style=\"font-family: helvetica, arial, sans-serif;\"><span style=\"color: #0a0a0a;\"><span style=\"font-size: medium;\">Em abril deste ano, a <\/span><\/span><span style=\"color: #0a0a0a;\"><span style=\"font-size: medium;\">m\u00e3e <\/span><\/span><span style=\"color: #0a0a0a;\"><span style=\"font-size: medium;\">da pequena Ana Beatriz simulou um sequestro para encobrir o crime cometido, informando<\/span><\/span><span style=\"color: #0a0a0a;\"><span style=\"font-size: medium;\"> \u00e0 pol\u00edcia que <\/span><\/span><span style=\"color: #0a0a0a;\"><span style=\"font-size: medium;\">homens <\/span><\/span><span style=\"color: #0a0a0a;\"><span style=\"font-size: medium;\">armad<\/span><\/span><span style=\"color: #0a0a0a;\"><span style=\"font-size: medium;\">o<\/span><\/span><span style=\"color: #0a0a0a;\"><span style=\"font-size: medium;\">s <\/span><\/span><span style=\"color: #0a0a0a;\"><span style=\"font-size: medium;\">teriam<\/span><\/span><span style=\"color: #0a0a0a;\"><span style=\"font-size: medium;\"> sequestrado a crian\u00e7a de <\/span><\/span><span style=\"color: #0a0a0a;\"><span style=\"font-size: medium;\">apenas <\/span><\/span><span style=\"color: #0a0a0a;\"><span style=\"font-size: medium;\">15 dias <\/span><\/span><span style=\"color: #0a0a0a;\"><span style=\"font-size: medium;\">de vida. Uma grande mobiliza\u00e7\u00e3o foi feita, unindo for\u00e7as de seguran\u00e7a estadual e federal, culminando, inclusive, na pris\u00e3o indevida de um homem em Pernambuco, pois o seu ve\u00edculo era id\u00eantico ao detalhado por ela.<\/span><\/span><\/span><\/p>\n<p align=\"justify\"><span style=\"font-family: helvetica, arial, sans-serif;\"><span style=\"color: #0a0a0a;\"><span style=\"font-size: medium;\">O pai da menina, que morava em S\u00e3o Paulo para trabalhar, largou o trabalho para acompanhar o caso e chegou a acreditar na vers\u00e3o da companheira, por\u00e9m, diante das v\u00e1rias vers\u00f5es apresentadas pela r\u00e9, as pol\u00edcias desconfiaram e <\/span><\/span><span style=\"color: #0a0a0a;\"><span style=\"font-size: medium;\">ela acabou confessando ter asfixiado a beb\u00ea com um travesseiro.<\/span><\/span><\/span><\/p>\n<p align=\"justify\"><span style=\"font-family: helvetica, arial, sans-serif;\"><span style=\"color: #0a0a0a;\"><span style=\"font-size: medium;\">O corpo da menina foi encontrado dentro do arm\u00e1rio em um saco pl\u00e1stico. <\/span><\/span><\/span><\/p>\n<p align=\"justify\"><span style=\"color: #0a0a0a; font-family: helvetica, arial, sans-serif;\"> <span style=\"font-size: medium;\">Ela escondeu o corpo da crian\u00e7a dentro de um pote com sab\u00e3o em p\u00f3, em um arm\u00e1rio no quintal da resid\u00eancia.\u00a0<\/span><\/span><\/p>\n<p align=\"justify\">Imagem: Arquivo pessoal\/internet<\/p>\n","protected":false},"excerpt":{"rendered":"<p> [&hellip;]<\/p>\n","protected":false},"author":8,"featured_media":65306,"comment_status":"open","ping_status":"open","sticky":false,"template":"","format":"standard","meta":{"om_disable_all_campaigns":false,"_monsterinsights_skip_tracking":false,"_monsterinsights_sitenote_active":false,"_monsterinsights_sitenote_note":"","_monsterinsights_sitenote_category":0,"_uf_show_specific_survey":0,"_uf_disable_surveys":false,"footnotes":""},"categories":[2],"tags":[],"class_list":["post-65305","post","type-post","status-publish","format-standard","has-post-thumbnail","hentry","category-not_mpal"],"aioseo_notices":[],"_links":{"self":[{"href":"https:\/\/www.mpal.mp.br\/index.php?rest_route=\/wp\/v2\/posts\/65305","targetHints":{"allow":["GET"]}}],"collection":[{"href":"https:\/\/www.mpal.mp.br\/index.php?rest_route=\/wp\/v2\/posts"}],"about":[{"href":"https:\/\/www.mpal.mp.br\/index.php?rest_route=\/wp\/v2\/types\/post"}],"author":[{"embeddable":true,"href":"https:\/\/www.mpal.mp.br\/index.php?rest_route=\/wp\/v2\/users\/8"}],"replies":[{"embeddable":true,"href":"https:\/\/www.mpal.mp.br\/index.php?rest_route=%2Fwp%2Fv2%2Fcomments&post=65305"}],"version-history":[{"count":2,"href":"https:\/\/www.mpal.mp.br\/index.php?rest_route=\/wp\/v2\/posts\/65305\/revisions"}],"predecessor-version":[{"id":65308,"href":"https:\/\/www.mpal.mp.br\/index.php?rest_route=\/wp\/v2\/posts\/65305\/revisions\/65308"}],"wp:featuredmedia":[{"embeddable":true,"href":"https:\/\/www.mpal.mp.br\/index.php?rest_route=\/wp\/v2\/media\/65306"}],"wp:attachment":[{"href":"https:\/\/www.mpal.mp.br\/index.php?rest_route=%2Fwp%2Fv2%2Fmedia&parent=65305"}],"wp:term":[{"taxonomy":"category","embeddable":true,"href":"https:\/\/www.mpal.mp.br\/index.php?rest_route=%2Fwp%2Fv2%2Fcategories&post=65305"},{"taxonomy":"post_tag","embeddable":true,"href":"https:\/\/www.mpal.mp.br\/index.php?rest_route=%2Fwp%2Fv2%2Ftags&post=65305"}],"curies":[{"name":"wp","href":"https:\/\/api.w.org\/{rel}","templated":true}]}}