{"id":6530,"date":"2016-10-10T11:31:33","date_gmt":"2016-10-10T14:31:33","guid":{"rendered":"https:\/\/www.mpal.mp.br\/?p=6530"},"modified":"2022-05-26T11:32:30","modified_gmt":"2022-05-26T14:32:30","slug":"mpe-al-define-medidas-para-fazenda-compensar-danos-ambientais-em-area-de-preservacao-permanente","status":"publish","type":"post","link":"https:\/\/www.mpal.mp.br\/?p=6530","title":{"rendered":"MPE\/AL define medidas para fazenda compensar danos ambientais em \u00e1rea de preserva\u00e7\u00e3o permanente"},"content":{"rendered":"<p style=\"text-align: justify;\"><span style=\"font-size: 14pt;\">Como forma de garantir a compensa\u00e7\u00e3o ambiental por danos causados a \u00e1rea de preserva\u00e7\u00e3o permanente (APP), a 5\u00aa Promotoria de Justi\u00e7a da Capital firmou um termo de compromisso de ajustamento de conduta (TAC) com a Fazenda Nossa Senhora das Gra\u00e7as. O N\u00facleo de Defesa do Meio Ambiente do 1\u00ba Centro de Apoio Operacional do Minist\u00e9rio P\u00fablico do Estado de Alagoas apoiou a ado\u00e7\u00e3o da medida de responsabiliza\u00e7\u00e3o civil.<\/span><\/p>\n<p style=\"text-align: justify;\"><span style=\"font-size: 14pt;\">O propriet\u00e1rio da fazenda localizada no Povoado de Fleixeiras, zona rural do Munic\u00edpio de Igreja Nova, responde pelo represamento de \u00e1gua pr\u00f3ximo de uma nascente sem licen\u00e7a ambiental. Al\u00e9m da barragem, o fazendeiro construiu viveiros de peixes para pr\u00e1tica de piscicultura, tamb\u00e9m sem autoriza\u00e7\u00e3o dos \u00f3rg\u00e3os competentes.<\/span><\/p>\n<p style=\"text-align: justify;\"><span style=\"font-size: 14pt;\">O Batalh\u00e3o de Pol\u00edcia Ambiental (BPA) noticiou as irregularidades da fazenda, que foram confirmadas pelo Instituto do Meio Ambiente do Estado de Alagoas (IMA). O Minist\u00e9rio P\u00fablico Estadual instaurou inqu\u00e9rito civil p\u00fablico para apurar as den\u00fancias em agosto e realizou duas audi\u00eancias, que contaram com a participa\u00e7\u00e3o da parte investigada, do IMA e da Secretaria de Estado do Meio Ambiente e dos Recursos H\u00eddricos.<\/span><\/p>\n<p style=\"text-align: justify;\"><span style=\"font-size: 14pt;\">Como resultado das reuni\u00f5es, firmou-se o TAC em rela\u00e7\u00e3o \u00e0 responsabiliza\u00e7\u00e3o civil pelos danos ambientais. No \u00e2mbito criminal, houve atua\u00e7\u00e3o do \u00f3rg\u00e3o ministerial, que com a suspens\u00e3o condicional do processo j\u00e1 conseguiu garantir o reflorestamento da \u00e1rea.<\/span><\/p>\n<p style=\"text-align: justify;\"><span style=\"font-size: 14pt;\">O reflorestamento ser\u00e1 feito pela Companhia Hidro El\u00e9trica do S\u00e3o Francisco (Chesf), mediante termo de ades\u00e3o e compromisso de projeto para recomposi\u00e7\u00e3o da mata ciliar.<\/span><\/p>\n<p style=\"text-align: justify;\"><span style=\"font-size: 14pt;\"><strong>Responsabiliza\u00e7\u00e3o<\/strong><\/span><\/p>\n<p style=\"text-align: justify;\"><span style=\"font-size: 14pt;\">Apesar da garantia de recupera\u00e7\u00e3o e mitiga\u00e7\u00e3o do dano ambiental com o reflorestamento da \u00e1rea degradada e desobstru\u00e7\u00e3o do leito do rio, os promotores de Justi\u00e7a Lav\u00ednia Fragoso e Alberto Fonseca consideram as medidas insuficientes para encerrar a responsabilidade civil do causador do dano.<\/span><\/p>\n<p style=\"text-align: justify;\"><span style=\"font-size: 14pt;\">\u201cAssim resta a compensa\u00e7\u00e3o ambiental, numa perspectiva conglobante, levando em considera\u00e7\u00e3o, inclusive, o dano moral coletivo e o dano ambiental intercorrente, a ser efetivada com a doa\u00e7\u00e3o de equipamentos para utiliza\u00e7\u00e3o na Fiscaliza\u00e7\u00e3o Preventiva Integrada do S\u00e3o Francisco em Alagoas\u201d, explicam os representantes do Minist\u00e9rio P\u00fablico Estadual.<\/span><\/p>\n<p style=\"text-align: justify;\"><span style=\"font-size: 14pt;\">Os promotores de Justi\u00e7a ressaltam o fato do curso d&#8217;\u00e1gua interrompido fazer parte da Bacia Hidrogr\u00e1fica do Rio S\u00e3o Francisco, o que motivou o direcionamento do TAC para o fortalecimento da FPI do S\u00e3o Francisco.<\/span><\/p>\n<p style=\"text-align: justify;\"><span style=\"font-size: 14pt;\">A 5\u00aa Promotoria de Justi\u00e7a da Capital tem atribui\u00e7\u00f5es em todas as bacias hidrogr\u00e1ficas de Alagoas, \u00a0exceto em rios federais.<\/span><\/p>\n","protected":false},"excerpt":{"rendered":"<p> [&hellip;]<\/p>\n","protected":false},"author":2,"featured_media":4016,"comment_status":"open","ping_status":"open","sticky":false,"template":"","format":"standard","meta":{"om_disable_all_campaigns":false,"_monsterinsights_skip_tracking":false,"_monsterinsights_sitenote_active":false,"_monsterinsights_sitenote_note":"","_monsterinsights_sitenote_category":0,"_uf_show_specific_survey":0,"_uf_disable_surveys":false,"footnotes":""},"categories":[38],"tags":[],"class_list":["post-6530","post","type-post","status-publish","format-standard","has-post-thumbnail","hentry","category-not_fpi"],"aioseo_notices":[],"_links":{"self":[{"href":"https:\/\/www.mpal.mp.br\/index.php?rest_route=\/wp\/v2\/posts\/6530","targetHints":{"allow":["GET"]}}],"collection":[{"href":"https:\/\/www.mpal.mp.br\/index.php?rest_route=\/wp\/v2\/posts"}],"about":[{"href":"https:\/\/www.mpal.mp.br\/index.php?rest_route=\/wp\/v2\/types\/post"}],"author":[{"embeddable":true,"href":"https:\/\/www.mpal.mp.br\/index.php?rest_route=\/wp\/v2\/users\/2"}],"replies":[{"embeddable":true,"href":"https:\/\/www.mpal.mp.br\/index.php?rest_route=%2Fwp%2Fv2%2Fcomments&post=6530"}],"version-history":[{"count":1,"href":"https:\/\/www.mpal.mp.br\/index.php?rest_route=\/wp\/v2\/posts\/6530\/revisions"}],"predecessor-version":[{"id":6531,"href":"https:\/\/www.mpal.mp.br\/index.php?rest_route=\/wp\/v2\/posts\/6530\/revisions\/6531"}],"wp:featuredmedia":[{"embeddable":true,"href":"https:\/\/www.mpal.mp.br\/index.php?rest_route=\/wp\/v2\/media\/4016"}],"wp:attachment":[{"href":"https:\/\/www.mpal.mp.br\/index.php?rest_route=%2Fwp%2Fv2%2Fmedia&parent=6530"}],"wp:term":[{"taxonomy":"category","embeddable":true,"href":"https:\/\/www.mpal.mp.br\/index.php?rest_route=%2Fwp%2Fv2%2Fcategories&post=6530"},{"taxonomy":"post_tag","embeddable":true,"href":"https:\/\/www.mpal.mp.br\/index.php?rest_route=%2Fwp%2Fv2%2Ftags&post=6530"}],"curies":[{"name":"wp","href":"https:\/\/api.w.org\/{rel}","templated":true}]}}