{"id":6508,"date":"2016-12-03T11:20:53","date_gmt":"2016-12-03T13:20:53","guid":{"rendered":"https:\/\/www.mpal.mp.br\/?p=6508"},"modified":"2022-05-26T11:21:37","modified_gmt":"2022-05-26T14:21:37","slug":"em-dialogo-com-a-sociedade-fpi-do-sao-francisco-apresenta-resultados-de-13-dias-de-operacao-e-escuta-sertanejos","status":"publish","type":"post","link":"https:\/\/www.mpal.mp.br\/?p=6508","title":{"rendered":"Em di\u00e1logo com a sociedade, FPI do S\u00e3o Francisco apresenta resultados de 13 dias de opera\u00e7\u00e3o e escuta sertanejos"},"content":{"rendered":"<p style=\"text-align: justify;\"><span style=\"font-size: 14pt;\">T\u00e9cnicos, gestores p\u00fablicos, agentes econ\u00f4micos, estudantes e comunidades sertanejas participaram da audi\u00eancia p\u00fablica promovida, nesta sexta-feira (2) pela 6\u00aa etapa Fiscaliza\u00e7\u00e3o Preventiva Integrada da Bacia Hidrogr\u00e1fica do Rio S\u00e3o Francisco, no campus do Instituto Federal de Alagoas em Piranhas. Na atual edi\u00e7\u00e3o, a for\u00e7a-tarefa ganhou o status de Tr\u00edplice Divisa, com a atua\u00e7\u00e3o conjunta dos estados de Alagoas, Sergipe e Bahia.<\/span><\/p>\n<p style=\"text-align: justify;\"><span style=\"font-size: 14pt;\">Na ocasi\u00e3o, os representantes dos \u00f3rg\u00e3os p\u00fablicos estaduais e federais apresentaram os resultados de 13 dias de trabalho e escutaram o que a popula\u00e7\u00e3o tinha a dizer sobre a FPI do S\u00e3o Francisco.<\/span><\/p>\n<p style=\"text-align: justify;\"><span style=\"font-size: 14pt;\">Coordenadora da Fiscaliza\u00e7\u00e3o, que contou com a presen\u00e7a de 153 t\u00e9cnicos de 23 institui\u00e7\u00f5es integradas, Lav\u00ednia Fragoso destacou a passagem da FPI do S\u00e3o Francisco em praticamente metade do Estado de Alagoas. Isso porque a Bacia Hidrogr\u00e1fica do &#8220;Velho Chico&#8221; passa por 50 dos 102 munic\u00edpios.<\/span><\/p>\n<p style=\"text-align: justify;\"><span style=\"font-size: 14pt;\">&#8220;Tivemos a satisfa\u00e7\u00e3o de contar nesta etapa com a participa\u00e7\u00e3o da Bahia e de Sergipe, esta realizando pela primeira a FPI no seu estado. Contamos tamb\u00e9m com a presen\u00e7a de t\u00e9cnicos e membros do Minist\u00e9rio P\u00fablico de Minas Gerais, que deve realizar em 2017 uma FPI por l\u00e1. N\u00f3s ainda inovamos com a cria\u00e7\u00e3o de uma nova equipe, a de patrim\u00f4nio cultural e comunidades tradicionais, com foco em ind\u00edgenas e quilombolas&#8221;, disse a promotora.<\/span><\/p>\n<p style=\"text-align: justify;\"><span style=\"font-size: 14pt;\">O vice-presidente do Comit\u00ea da Bacia Hidrogr\u00e1fica do Rio S\u00e3o Francisco, Maciel Oliveira, afirmou que a FPI \u00e9 formada por \u00f3rg\u00e3os que defendem as causas do &#8220;Velho Chico&#8221; e de sua popula\u00e7\u00e3o ribeirinha.<\/span><\/p>\n<p style=\"text-align: justify;\"><span style=\"font-size: 14pt;\">&#8220;Ao contr\u00e1rio do que alguns pensam, a FPI n\u00e3o \u00e9 s\u00f3 penalidades. Pelo contr\u00e1rio, temos uma etapa orientadora onde mostramos caminhos para que os empres\u00e1rios e as prefeituras se adequem \u00e0s normas ambientais e consigam trabalhar sem poluir o meio ambiente. Temos exemplos de empres\u00e1rios que foram fiscalizados, multados, orientados e que agora nos chamam para as inaugura\u00e7\u00f5es de suas novas f\u00e1bricas, desta vez totalmente adequadas e reformadas&#8221;, afirmou o gestor, que v\u00ea na FPI, um um novo instrumento de gest\u00e3o das pol\u00edticas p\u00fablicas e dos recursos h\u00eddricos e do meio ambiente.<\/span><\/p>\n<p style=\"text-align: justify;\"><span style=\"font-size: 14pt;\">Estiveram presentes na audi\u00eancia p\u00fablica prefeitos, vereadores, secret\u00e1rios municipais, procuradores, servidores e empres\u00e1rios de Delmiro Gouveia, Piranhas, Olho d&#8217;\u00c1gua do Casado, Pariconha, Inhapi, \u00c1gua Branca e Mata Grande. O deputado estadual Ign\u00e1cio Loyola representou a Assembleia Legislativa do Estado de Alagoas.<\/span><\/p>\n<p style=\"text-align: justify;\"><span style=\"font-size: 14pt;\"><strong>Minera\u00e7\u00e3o e res\u00edduos s\u00f3lidos<\/strong><\/span><\/p>\n<p style=\"text-align: justify;\"><span style=\"font-size: 14pt;\">O coordenador da equipe Minera\u00e7\u00e3o e Res\u00edduos S\u00f3lidos, Rafael \u00c9lvis, narrou a fiscaliza\u00e7\u00e3o do transporte e descarte de lixo no meio ambiente. Seu grupo tamb\u00e9m atuou no combate \u00e0 extra\u00e7\u00e3o mineral, principalmente de areia. Ao todo, os agentes p\u00fablicos passaram por nove lix\u00f5es, 18 pontos de extra\u00e7\u00e3o mineral, cinco garagens de Prefeituras e uma f\u00e1brica de reciclagem.<\/span><\/p>\n<p style=\"text-align: justify;\"><span style=\"font-size: 14pt;\">&#8220;Desde 2010, a Lei n. 12.305 j\u00e1 falava da import\u00e2ncia do aterro sanit\u00e1rio. O prazo para os munic\u00edpios se adaptarem a ela j\u00e1 esgotou, foi prorrogado, at\u00e9 acabar novamente em 2014, mas a situa\u00e7\u00e3o segue muito prec\u00e1ria. H\u00e1 pessoas morando em lix\u00e3o h\u00e1 11 anos, dividindo espa\u00e7o com agrot\u00f3xicos e material descartado por centros de sa\u00fade&#8221;, lamentou.<\/span><\/p>\n<p style=\"text-align: justify;\"><span style=\"font-size: 14pt;\"><strong>Educa\u00e7\u00e3o ambiental<\/strong><\/span><\/p>\n<p style=\"text-align: justify;\"><span style=\"font-size: 14pt;\">A equipe de Educa\u00e7\u00e3o Ambiental trabalhou com 2.820 alunos, em nove munic\u00edpios visitados. Utilizando como did\u00e1tica pinturas interpretativas, apresenta\u00e7\u00e3o de trabalho, palestras e gincanas, a ideia foi sensibilizar as crian\u00e7as para as quest\u00f5es ambientais envolvendo o bioma da caatinga.<\/span><\/p>\n<p style=\"text-align: justify;\"><span style=\"font-size: 14pt;\">&#8220;Trabalhamos com conceitos de preven\u00e7\u00e3o, utilizando uma linguagem que atingisse o mais variado p\u00fablico. Junto aos alunos identificamos os problemas e apontamos solu\u00e7\u00f5es, como por exemplo a maneira certa de buscar as potencialidades da caatinga sem desmatar ou destruir o meio ambiente. O que desejamos \u00e9 que estes alunos sejam multiplicadores e cheguem em suas casas repassando estes conceitos&#8221;, explicou Rennyse Cruz, em nome da equipe.<\/span><\/p>\n<p style=\"text-align: justify;\"><span style=\"font-size: 14pt;\"><strong>Produtos de origem animal e produtos perigosos<\/strong><\/span><\/p>\n<p style=\"text-align: justify;\"><span style=\"font-size: 14pt;\">Com a inten\u00e7\u00e3o de detectar irregularidades na fabrica\u00e7\u00e3o de alimentos e crimes contra o meio ambiente, Gilson Tojal participou da equipe de Produtos de Origem Animal e Produtos Perigosos. &#8220;A finalidade do nosso trabalho era resguardar o equil\u00edbrio ambiental da Bacia Hidrogr\u00e1fica do Rio S\u00e3o Francisco e a sa\u00fade da popula\u00e7\u00e3o alagoana&#8221;, disse ele, que recomendou aos agentes econ\u00f4micos a consulta junto aos \u00f3rg\u00e3os de fiscaliza\u00e7\u00e3o sobre licenciamentos e autoriza\u00e7\u00f5es.<\/span><\/p>\n<p style=\"text-align: justify;\"><span style=\"font-size: 14pt;\">Entre os problemas identificados pela equipe, encontram-se estabelecimentos clandestinos de fabrica\u00e7\u00e3o de derivados do leite e da carne; p\u00e9ssimas condi\u00e7\u00f5es higi\u00eanicas e sanit\u00e1rias; aus\u00eancia de respons\u00e1veis t\u00e9cnicos nos locais fiscalizados, aus\u00eancia de licen\u00e7a ambiental; maus tratos aos animais; e comercializa\u00e7\u00e3o de agrot\u00f3xicos sem autoriza\u00e7\u00e3o das entidades competentes.<\/span><\/p>\n<p style=\"text-align: justify;\"><span style=\"font-size: 14pt;\"><strong>Saneamento b\u00e1sico<\/strong><\/span><\/p>\n<p style=\"text-align: justify;\"><span style=\"font-size: 14pt;\">Em nenhum dos munic\u00edpios visitados pela FPI do S\u00e3o Francisco foi encontrado saneamento b\u00e1sico, ou mesmo um sistema de tratamento de \u00e1gua em conformidade com as normas reguladoras. A constata\u00e7\u00e3o foi feita pela equipe de Saneamento da fiscaliza\u00e7\u00e3o, que ainda flagrou um grande desperd\u00edcio de \u00e1gua na maioria dos locais visitados.<\/span><\/p>\n<p style=\"text-align: justify;\"><span style=\"font-size: 14pt;\">&#8220;A situa\u00e7\u00e3o \u00e9 estarrecedora, me pergunto o que estamos fazendo com nossas cidades. A situa\u00e7\u00e3o \u00e9 de total abandono. Os esgotos sendo jogados nos rios afluentes do S\u00e3o Francisco e, quando existem esta\u00e7\u00e3o de tratamento de \u00e1gua, estes n\u00e3o funcionam de acordo com as exig\u00eancias ou est\u00e3o em um estado de abandono t\u00e3o grande que s\u00f3 fazem desperdi\u00e7ar \u00e1gua. Isso acaba influenciando diretamente no adoecimento da popula\u00e7\u00e3o. Para se ter ideia, no sert\u00e3o ainda \u00e9 grande o n\u00famero de doen\u00e7as e \u00f3bitos provocados por diarreia. Enfim, \u00e9 o resultado do descaso do poder p\u00fablico com a sa\u00fade da popula\u00e7\u00e3o&#8221;, afirmou Elizabeth Rocha, coordenadora da equipe.<\/span><\/p>\n<p style=\"text-align: justify;\"><span style=\"font-size: 14pt;\"><strong>Ocupa\u00e7\u00f5es e capta\u00e7\u00f5es irregulares de \u00e1gua<\/strong><\/span><\/p>\n<p style=\"text-align: justify;\"><span style=\"font-size: 14pt;\">Passando pelos munic\u00edpios ribeirinhos , a equipe de Ocupa\u00e7\u00f5es e Capta\u00e7\u00f5es Irregulares de \u00c1gua averiguou locais com empreendimentos e im\u00f3veis irregulares, bem como catalogou subtra\u00e7\u00f5es de aqu\u00edferos com o objetivo de encaminhar para Ag\u00eancia Nacional de \u00c1gua. Ao todo, o grupo encontrou 70 pontos de ocupa\u00e7\u00e3o irregulares, 200 de capta\u00e7\u00e3o em desacordo com a lei e dois de desmatamento e terraplanagem.<\/span><\/p>\n<p style=\"text-align: justify;\"><span style=\"font-size: 14pt;\">&#8220;As matas ciliares fazem parte da \u00e1rea de preserva\u00e7\u00e3o permanente. Quando elas s\u00e3o suprimidas para fazer um aterro, piscicultura ou ancoradouros, prejudica-se a estabilidade das margens. Com isso a terra cai no rio, diminui a oxigena\u00e7\u00e3o da \u00e1gua e reduz a biodiversidade animal. Voc\u00ea j\u00e1 notaram como a quantidade e tipos de peixe ca\u00edram de uns tempos para c\u00e1?! Se voc\u00eas n\u00e3o podem suprimir vegeta\u00e7\u00e3o, tampouco podem jogar terra no rio, pois o assoreamento amea\u00e7a a navega\u00e7\u00e3o no local e a reprodu\u00e7\u00e3o dos animais&#8221;, destacou Andr\u00e9 Battalhini, l\u00edder do grupo.<\/span><\/p>\n<p style=\"text-align: justify;\"><span style=\"font-size: 14pt;\"><strong>Patrim\u00f4nio cultural e comunidades tradicionais<\/strong><\/span><\/p>\n<p style=\"text-align: justify;\"><span style=\"font-size: 14pt;\">Identificar comunidades tradicionais, levantando a condi\u00e7\u00e3o de vida dessas pessoas, e achar novos patrim\u00f4nios culturais. Esses foram os principais objetivos da equipe de comunidades culturais, que foi a novidade desta 6\u00b0 etapa da FPI. Durante os trabalhos, a equipe fez a importante descoberta de tr\u00eas novos s\u00edtios arqueol\u00f3gicos, onde havia figuras rupestres, no munic\u00edpio de Piranhas.<\/span><\/p>\n<p style=\"text-align: justify;\"><span style=\"font-size: 14pt;\">&#8220;Encontrarmos situa\u00e7\u00f5es dif\u00edceis nestas comunidades. Lugares sem saneamento, \u00e1gua pot\u00e1vel ou sequer coleta de lixo. Um grande n\u00famero de casas de taipa, que, sabemos hoje, s\u00e3o insalubres . \u00c9 preciso cuidar dessas pessoas, s\u00e3o nossos ancestrais, o come\u00e7o de tudo&#8221;, declarou Ivan Farias, coordenador do grupo.<\/span><\/p>\n<p style=\"text-align: justify;\"><span style=\"font-size: 14pt;\">Durante apresenta\u00e7\u00e3o dos resultados da equipe, o coordenador chamou o cacique Inakuai, da tribo Koiupank\u00e1, e o respons\u00e1vel pela escola da aldeia, o professor Francisco Koiupank\u00e1.<\/span><\/p>\n<p style=\"text-align: justify;\"><span style=\"font-size: 14pt;\">&#8220;Tudo na vida do ind\u00edgena encontra sentido na natureza. Ent\u00e3o nosso respeito por ela \u00e9 maior que tudo. Temos um rito de passagem, feito de pai para filho, que \u00e9 uma verdadeira aula de educa\u00e7\u00e3o ambiental. Nosso povo respeita a natureza e se tiramos algo dela, fazemos com consci\u00eancia e por necessidade. O que queremos \u00e9 respeito pelos \u00edndios e pela natureza &#8220;, falou o professor.<\/span><\/p>\n<p style=\"text-align: justify;\"><span style=\"font-size: 14pt;\"><strong>Fauna<\/strong><\/span><\/p>\n<p style=\"text-align: justify;\"><span style=\"font-size: 14pt;\">A FPI do S\u00e3o Francisco resgatou 2.040 animais silvestres de feiras livres e resid\u00eancias. Destes, 2000 eram aves, 36 r\u00e9pteis e quatro mam\u00edferos, entre eles esp\u00e9cimes de pintassilgos-do-nordeste e a araponga-barbela, que est\u00e3o amea\u00e7ados de extin\u00e7\u00e3o. No ato de resgate da araponga, o capturador disse que o possu\u00eda h\u00e1 cinco anos.<\/span><\/p>\n<p style=\"text-align: justify;\"><span style=\"font-size: 14pt;\">&#8220;Se o p\u00e1ssaro estivesse livre, possivelmente ter\u00edamos mais esp\u00e9cimes dele nas matas, pois a reprodu\u00e7\u00e3o \u00e9 prejudicada em raz\u00e3o da perda do habitat original e em virtude da ca\u00e7a e captura&#8221;, explicou Epit\u00e1cio Lima, integrante da equipe Fauna, que ao lado do coordenador do grupo, Marcos Ara\u00fajo, falou sobre o resgate dos animais e dos cuidados adotados antes de solt\u00e1-los em reservas ambientais. Os dois pediram apoio \u00e0s lideran\u00e7as da comunidade para proteger a fauna da Caatinga.<\/span><\/p>\n<p style=\"text-align: justify;\"><span style=\"font-size: 14pt;\"><strong>Centros de sa\u00fade<\/strong><\/span><\/p>\n<p style=\"text-align: justify;\"><span style=\"font-size: 14pt;\">A equipe de unidade de sa\u00fade visitou oito alvos e, segundo a coordena\u00e7\u00e3o, em nenhuma delas a situa\u00e7\u00e3o est\u00e1 adequada ao padr\u00e3o imposto pela legisla\u00e7\u00e3o. S\u00e3o postos de sa\u00fade, maternidades e hospitais que n\u00e3o t\u00eam condi\u00e7\u00f5es ideais de funcionamento. Foram encontrados de falta de licenciamento, medicamentos vencidos e falta de dedetiza\u00e7\u00e3o a situa\u00e7\u00f5es de lixo hospitalar misturado com o lixo comum, em um total desrespeito com a sa\u00fade dos usu\u00e1rios e da popula\u00e7\u00e3o.<\/span><\/p>\n<p style=\"text-align: justify;\"><span style=\"font-size: 14pt;\">&#8220;Os gestores deveriam saber dos perigos dessa falta de manuten\u00e7\u00e3o. Eles trabalham diretamente com sa\u00fade, com limpeza, onde a higiene tem de ser absoluta. Encontramos baratas, ratos e animais comuns como cachorros e gatos andando pelas unidades de sa\u00fade. S\u00e3o situa\u00e7\u00f5es que favorecem a dissemina\u00e7\u00e3o de infec\u00e7\u00e3o hospitalar e outras mazelas, al\u00e9m da situa\u00e7\u00e3o do lixo hospitalar misturado com o lixo comum. Isso vai direto na sa\u00fade da popula\u00e7\u00e3o, j\u00e1 que existem pessoas trabalhando nesses lugares&#8221;, disse o coordenador da equipe, tenente Wenderson Viana. Ele encerrou a apresenta\u00e7\u00e3o afirmando que algumas unidades j\u00e1 contrataram empesas para solucionar os problemas.<\/span><\/p>\n<p style=\"text-align: justify;\"><span style=\"font-size: 14pt;\"><strong>Flora<\/strong><\/span><\/p>\n<p style=\"text-align: justify;\"><span style=\"font-size: 14pt;\">Para Roberto Wagner, coordenador da equipe Flora, certas localidades do bioma Caatinga est\u00e3o t\u00e3o degradadas, que, mesmo com a volta da chuva, a mata n\u00e3o voltar\u00e1, muito menos as planta\u00e7\u00f5es. O desmatamento da vegeta\u00e7\u00e3o nativa, o aterramento de aqu\u00edferos como o reservat\u00f3rio do Xing\u00f3 e \u00e1reas em processo de desertifica\u00e7\u00e3o s\u00e3o alguns dos principais problemas dos sertanejos.<\/span><\/p>\n<p style=\"text-align: justify;\"><span style=\"font-size: 14pt;\">&#8220;A mata depende dos animais, e os animais dependem da mata. Nessa rela\u00e7\u00e3o simbi\u00f3tica, encontra-se a sobreviv\u00eancia da biodiversidade da Bacia Hidrogr\u00e1fica do Rio S\u00e3o Francisco&#8221;, ressaltou Roberto Wagner, que constatou 97,4 hectares (324 tarefas) de \u00e1rea desmatada. A equipe dele tamb\u00e9m foi respons\u00e1vel por destruir 17 fornos de carv\u00e3o vegetal clandestinos e apreender 30 sacos do produto, mais 5m\u00b3 de lenha nativa e petrechos de pesca.<\/span><\/p>\n<p style=\"text-align: justify;\"><span style=\"font-size: 14pt;\"><strong>Aqu\u00e1tica<\/strong><\/span><\/p>\n<p style=\"text-align: justify;\"><span style=\"font-size: 14pt;\">Atrav\u00e9s da equipe aqu\u00e1tica, a FPI do S\u00e3o Francisco fez a soltura de 14 mil esp\u00e9cimes de camar\u00e3o e peixe no Velho Chico. Al\u00e9m disso, foram vistoriadas 59 embarca\u00e7\u00f5es, provocando seis notifica\u00e7\u00f5es, recolhidos 3.200 metros de rede de pescas irregulares e 3.284 covos &#8211; armadilhas de pescas &#8211; fora do padr\u00e3o exigido pela legisla\u00e7\u00e3o. Apesar dos n\u00fameros espantosos, a coordena\u00e7\u00e3o da equipe identificou que houve uma diminui\u00e7\u00e3o das situa\u00e7\u00f5es irregulares, o que j\u00e1 \u00e9 resultado das etapas anteriores da FPI.<\/span><\/p>\n<p style=\"text-align: justify;\"><span style=\"font-size: 14pt;\">&#8220;Houve uma pequena diminui\u00e7\u00e3o de certas situa\u00e7\u00f5es. Mas \u00e9 um avan\u00e7o. S\u00e3o n\u00fameros menores do que os encontrados em anos anteriores e isso \u00e9 importante. Eles revelam que a FPI vem dando resultado&#8221;, disse Rivaldo Couto, coordenador da equipe.<\/span><\/p>\n<p style=\"text-align: justify;\"><span style=\"font-size: 14pt;\">Ainda durante as atividades da equipe, a Marinha do Brasil tamb\u00e9m realizou atividades educativas para conscientizar a popula\u00e7\u00e3o ribeirinha da import\u00e2ncia de se garantir a seguran\u00e7a ao navegar pelas \u00e1guas do rio e de se conservar o meio ambiente. Durante suas atividades, a Marinha regularizou gratuitamente a situa\u00e7\u00e3o de 20 embarca\u00e7\u00f5es e distribuiu 15 coletes salva-vidas.<\/span><\/p>\n<p style=\"text-align: justify;\"><span style=\"font-size: 14pt;\">&#8220;Nessa FPI demos importantes passos para a sa\u00fade e a seguran\u00e7a da popula\u00e7\u00e3o ribeirinha que usa o rio S\u00e3o Francisco como meio de trabalho. Podemos n\u00e3o enxergar a import\u00e2ncia deses primeiros passos, mas no futuro veremos o que realizamos hoje com essas a\u00e7\u00f5es &#8220;, disse o capit\u00e3-tenente Rafael Velasques.<\/span><\/p>\n<p style=\"text-align: justify;\"><span style=\"font-size: 14pt;\"><strong>Sertanejos falam<\/strong><\/span><\/p>\n<p style=\"text-align: justify;\"><span style=\"font-size: 14pt;\">Questionado por um popular sobre a pr\u00e1tica de tra\u00e7ar a terra com animal, o promotor de Justi\u00e7a Alberto Fonseca respondeu que ela n\u00e3o s\u00f3 era permitida como tamb\u00e9m corresponde a um meio sustent\u00e1vel. &#8220;Lembro que, em edi\u00e7\u00f5es anteriores da FPI, surgiu um boato de que est\u00e1vamos proibindo a tra\u00e7\u00e3o animal, o que n\u00e3o \u00e9 verdade. Trata-se de uma not\u00edcia falsa&#8221;, ressaltou.<\/span><\/p>\n<p style=\"text-align: justify;\"><span style=\"font-size: 14pt;\">O produtor de rapaduras e dono de restaurante Maur\u00edcio Brand\u00e3o falou em nome da Rede Empresarial Caminhos do S\u00e3o Francisco: &#8220;Somos empres\u00e1rios que entendem o impacto ambiental, mas que tamb\u00e9m pedem sensibilidade em rela\u00e7\u00e3o ao impacto econ\u00f4mico, pois geramos emprego e renda. Pergunto se n\u00e3o era poss\u00edvel fazer um trabalho educativo antes da abordagem da fiscaliza\u00e7\u00e3o. Ningu\u00e9m quer trabalhar irregularmente. Buscamos um consenso&#8221;.<\/span><\/p>\n<p style=\"text-align: justify;\"><span style=\"font-size: 14pt;\">Pelo Minist\u00e9rio P\u00fablico Federal em Alagoas, o antrop\u00f3logo Ivan Farias lembrou a popula\u00e7\u00e3o que os t\u00e9cnicos respons\u00e1veis pela fiscaliza\u00e7\u00e3o j\u00e1 passaram pela regi\u00e3o e que precisam cumprir suas obriga\u00e7\u00f5es, sob o risco de terem de responder pelo crime de prevarica\u00e7\u00e3o.<\/span><\/p>\n<p style=\"text-align: justify;\"><span style=\"font-size: 14pt;\">&#8220;Todos n\u00f3s, poder p\u00fablico e popula\u00e7\u00e3o, pensamos parecido. Queremos a mesma coisa: melhorar a vida dos sertanejos. Exatamente por isso precisamos discutir essa cat\u00e1strofe ambiental, que n\u00e3o pode ser mais adiada, nem mesmo pelo argumento da renda. Foi mostrado hoje os impactos da desertifica\u00e7\u00e3o. \u00c9 preciso pensar no presente, mas tamb\u00e9m no futuro, nas gera\u00e7\u00f5es futuras. E n\u00e3o adianta culpar s\u00f3 o governo, todos temos de agir como cidad\u00e3os. Estamos juntos na defesa do Velho Chico, venham tamb\u00e9m serem fiscais da FPI&#8221;, convocou o servidor.<\/span><\/p>\n<p style=\"text-align: justify;\"><span style=\"font-size: 14pt;\">Os coordenadores das equipes destacaram que a interdi\u00e7\u00e3o dos estabelecimentos n\u00e3o \u00e9 definitiva. Segundo eles, o maior objetivo da FPI do S\u00e3o Francisco \u00e9 regularizar os neg\u00f3cios locais juntamente com a preserva\u00e7\u00e3o do rio. Os \u00f3rg\u00e3os p\u00fablicos tamb\u00e9m se comprometeram a orientar empres\u00e1rios trabalhadores na regula\u00e7\u00e3o dos empreendimentos.<\/span><\/p>\n<p style=\"text-align: justify;\"><span style=\"font-size: 14pt;\">&#8220;De todas as etapas que participei, esta foi a que mais me pareceu produtiva. Tenho certeza de que agora vamos andar juntos na mesma dire\u00e7\u00e3o&#8221;, concluiu o capit\u00e3o-tenente Rafael Velasques.<\/span><\/p>\n<p style=\"text-align: justify;\"><span style=\"font-size: 14pt;\">Homenagens<\/span><\/p>\n<p style=\"text-align: justify;\"><span style=\"font-size: 14pt;\">Representando toda a equipe da FPI em Alagoas, Lav\u00ednia Fragoso entregou uma placa em homenagem ao tenente Wenderson Viana pelo empenho e dedica\u00e7\u00e3o ao trabalho conjunto de fiscaliza\u00e7\u00e3o.<\/span><\/p>\n<p style=\"text-align: justify;\"><span style=\"font-size: 14pt;\">Na sequ\u00eancia, foi a vez da promotora de Justi\u00e7a ser homenageada pelo presidente do F\u00f3rum Nacional de Combate aos Impactos dos Agrot\u00f3xicos, Pedro Serafim, por sua atua\u00e7\u00e3o na cria\u00e7\u00e3o do f\u00f3rum estadual do ramo.<\/span><\/p>\n<p style=\"text-align: justify;\"><span style=\"font-size: 14pt;\">O Hospital Regional Santa Rita e o Supermercado Pague Menos tamb\u00e9m receberam homenagens como &#8220;amigos da FPI&#8221;, tal como Rafael Velasques foi agraciado com uma men\u00e7\u00e3o honrosa pelos servi\u00e7os prestados durante a Fiscaliza\u00e7\u00e3o.<\/span><\/p>\n<p style=\"text-align: justify;\"><span style=\"font-size: 14pt;\"><strong>FPI Alagoas<\/strong><\/span><\/p>\n<p style=\"text-align: justify;\"><span style=\"font-size: 14pt;\">Em Alagoas, a Fiscaliza\u00e7\u00e3o Preventiva Integrada contou com o envolvimento de 23 institui\u00e7\u00f5es e entidades, todas com atribui\u00e7\u00e3o na esfera ambiental. Sua coordena\u00e7\u00e3o fica por conta dos promotores de Justi\u00e7a Lav\u00ednia Fragoso e Alberto Fonseca, que integram o N\u00facleo de Prote\u00e7\u00e3o ao Meio Ambiente do MPE\/AL.<\/span><\/p>\n<p style=\"text-align: justify;\"><span style=\"font-size: 14pt;\">E, em terras caet\u00e9s, comp\u00f5em a FPI o Minist\u00e9rio P\u00fablico Estadual de Alagoas, o Comit\u00ea da Bacia Hidrogr\u00e1fica do Rio S\u00e3o Francisco (CBHSF), o Minist\u00e9rio P\u00fablico Federal (MPF), o Minist\u00e9rio P\u00fablico do Trabalho (MPT), a Ag\u00eancia de Defesa e Inspe\u00e7\u00e3o Agropecu\u00e1ria de Alagoas (Adeal), a Secretaria de Estado de Meio Ambiente e Recursos H\u00eddricos (Semarh), a Secretaria da Fazenda do Estado de Alagoas (Sefaz), a Secretaria de Estado da Sa\u00fade de Alagoas (Sesau), a Secretaria de Estado da Agricultura, Pesca e Aquicultura, a Pol\u00edcia Militar de Alagoas e o Conselho Regional de Engenharia e Agronomia de Alagoas (CREA).<\/span><\/p>\n<p style=\"text-align: justify;\"><span style=\"font-size: 14pt;\">Tamb\u00e9m fazem parte o Instituto Brasileiro de Meio Ambiente e dos Recursos Naturais Renov\u00e1veis (Ibama), o Departamento Nacional de Produ\u00e7\u00e3o Mineral (DNPM), a Pol\u00edcia Rodovi\u00e1ria Federal (PRF), a Superintend\u00eancia do Patrim\u00f4nio da Uni\u00e3o (SPU), o Instituto do Meio Ambiente (IMA), a Marinha do Brasil, a Funda\u00e7\u00e3o Nacional da Sa\u00fade (Funasa), a Funda\u00e7\u00e3o Nacional do \u00cdndio (Funai), o Instituto do Patrim\u00f4nio Hist\u00f3rico e Art\u00edstico Nacional (Iphan), o Conselho Regional de Medicina Veterin\u00e1ria do Estado de Alagoas e o Instituto de Preserva\u00e7\u00e3o da Mata Atl\u00e2ntica.<\/span><\/p>\n<p style=\"text-align: justify;\"><span style=\"font-size: 14pt;\">E, ao todo, foram 11 equipes indo \u00e0s ruas todos dias: res\u00edduos s\u00f3lidos, extra\u00e7\u00e3o mineral e postos de combust\u00edveis; produtos em uso de origem animal e vegetal; saneamento b\u00e1sico, abastecimento de \u00e1gua e esgotamento sanit\u00e1rio; ocupa\u00e7\u00e3o irregular \u00e0s margens do S\u00e3o Francisco e produtos perigosos; aqu\u00e1tica; centros de sa\u00fade; fauna; flora; educa\u00e7\u00e3o ambiental; patrim\u00f4nio cultural e comunidades tradicionais; e a equipe base.<\/span><\/p>\n","protected":false},"excerpt":{"rendered":"<p> [&hellip;]<\/p>\n","protected":false},"author":2,"featured_media":6509,"comment_status":"open","ping_status":"open","sticky":false,"template":"","format":"standard","meta":{"om_disable_all_campaigns":false,"_monsterinsights_skip_tracking":false,"_monsterinsights_sitenote_active":false,"_monsterinsights_sitenote_note":"","_monsterinsights_sitenote_category":0,"_uf_show_specific_survey":0,"_uf_disable_surveys":false,"footnotes":""},"categories":[38],"tags":[],"class_list":["post-6508","post","type-post","status-publish","format-standard","has-post-thumbnail","hentry","category-not_fpi"],"aioseo_notices":[],"_links":{"self":[{"href":"https:\/\/www.mpal.mp.br\/index.php?rest_route=\/wp\/v2\/posts\/6508","targetHints":{"allow":["GET"]}}],"collection":[{"href":"https:\/\/www.mpal.mp.br\/index.php?rest_route=\/wp\/v2\/posts"}],"about":[{"href":"https:\/\/www.mpal.mp.br\/index.php?rest_route=\/wp\/v2\/types\/post"}],"author":[{"embeddable":true,"href":"https:\/\/www.mpal.mp.br\/index.php?rest_route=\/wp\/v2\/users\/2"}],"replies":[{"embeddable":true,"href":"https:\/\/www.mpal.mp.br\/index.php?rest_route=%2Fwp%2Fv2%2Fcomments&post=6508"}],"version-history":[{"count":1,"href":"https:\/\/www.mpal.mp.br\/index.php?rest_route=\/wp\/v2\/posts\/6508\/revisions"}],"predecessor-version":[{"id":6510,"href":"https:\/\/www.mpal.mp.br\/index.php?rest_route=\/wp\/v2\/posts\/6508\/revisions\/6510"}],"wp:featuredmedia":[{"embeddable":true,"href":"https:\/\/www.mpal.mp.br\/index.php?rest_route=\/wp\/v2\/media\/6509"}],"wp:attachment":[{"href":"https:\/\/www.mpal.mp.br\/index.php?rest_route=%2Fwp%2Fv2%2Fmedia&parent=6508"}],"wp:term":[{"taxonomy":"category","embeddable":true,"href":"https:\/\/www.mpal.mp.br\/index.php?rest_route=%2Fwp%2Fv2%2Fcategories&post=6508"},{"taxonomy":"post_tag","embeddable":true,"href":"https:\/\/www.mpal.mp.br\/index.php?rest_route=%2Fwp%2Fv2%2Ftags&post=6508"}],"curies":[{"name":"wp","href":"https:\/\/api.w.org\/{rel}","templated":true}]}}