{"id":6505,"date":"2016-12-02T11:19:31","date_gmt":"2016-12-02T13:19:31","guid":{"rendered":"https:\/\/www.mpal.mp.br\/?p=6505"},"modified":"2022-05-26T11:19:51","modified_gmt":"2022-05-26T14:19:51","slug":"prefeito-eleito-de-sao-jose-da-tapera-procura-fpi-para-criar-area-de-protecao-ambiental-audiencia-publica-sera-realizada-nesta-sexta-feira-em-piranhas","status":"publish","type":"post","link":"https:\/\/www.mpal.mp.br\/?p=6505","title":{"rendered":"Prefeito eleito de S\u00e3o Jos\u00e9 da Tapera procura FPI para criar \u00e1rea de prote\u00e7\u00e3o ambiental; audi\u00eancia p\u00fablica ser\u00e1 realizada nesta sexta-feira em Piranhas"},"content":{"rendered":"<div class=\"content-wrapper-1\">\n<div class=\"content-wrapper-2\">\n<div id=\"mainmiddle\">\n<div id=\"mainmiddle-expand\">\n<div id=\"content\">\n<div id=\"content-shift\">\n<div class=\"floatbox\">\n<div class=\"joomla \">\n<div class=\"article\">\n<div id=\"articlepxfontsize1\">\n<p style=\"text-align: justify;\"><span style=\"font-size: 14pt;\">A caatinga \u00e9 um bioma exclusivamente brasileiro e, apesar do clima quente e com poucas chuvas, \u00e9 um ecossistema com uma rica vida animal e vegetal. Mesmo com toda essa riqueza \u00e9 um dos ecossistemas mais amea\u00e7ados do planeta, com uma quantidade alarmante de desmatamento e queimadas.<\/span><\/p>\n<p style=\"text-align: justify;\"><span style=\"font-size: 14pt;\">Em suas atividades, a FPI do S\u00e3o Francisco da Tr\u00edplice Fronteira tenta reverter essa situa\u00e7\u00e3o e, por isso, comemorou a iniciativa do prefeito eleito do munic\u00edpio de S\u00e3o Jos\u00e9 da Tapera, Jos\u00e9 Ant\u00f4nio Cavalcante, que procurou a coordena\u00e7\u00e3o da fiscaliza\u00e7\u00e3o com o objetivo de criar uma \u00e1rea de prote\u00e7\u00e3o ambiental no munic\u00edpio.<\/span><\/p>\n<p style=\"text-align: justify;\"><span style=\"font-size: 14pt;\">A reuni\u00e3o contou com participa\u00e7\u00e3o de representantes do Minist\u00e9rio P\u00fablico Estadual, Instituto de Meio Ambiente de Alagoas (IMA) e Instituto SOS Caatinga, que orientaram o prefeito eleito a estabelecer as futuras \u00e1reas destinadas \u00e0 unidade de prote\u00e7\u00e3o e, logo em seguida, enviar requerimento ao \u00f3rg\u00e3o ambiental.<\/span><\/p>\n<p style=\"text-align: justify;\"><span style=\"font-size: 14pt;\">\u201cEste \u00e9 o primeiro passo. Depois disso, com as \u00e1reas indicadas, nosso corpo t\u00e9cnico analisa o local e apontam qual o tipo de ambiente de prote\u00e7\u00e3o se encaixa, j\u00e1 que existem v\u00e1rias modalidades. H\u00e1 algumas mais restritivas, que n\u00e3o podem receber nenhum tipo de atividades, e outras mais male\u00e1veis, onde podem acontecer pesquisas, serem criados de mudas, serpent\u00e1rios e atividades educativas\u201d, explicou Epit\u00e1cio Correia, gerente de Fauna, Flora e Unidade de Conserva\u00e7\u00e3o do Instituto do Meio Ambiente de Alagoas (IMA).<\/span><\/p>\n<p style=\"text-align: justify;\"><span style=\"font-size: 14pt;\">O prefeito eleito, Jos\u00e9 Ant\u00f4nio Cavalcante, explica que est\u00e1 assustado com a quantidade de \u00e1reas de caatinga desmatadas e por isso tomou a iniciativa de criar um ambiente para proteger esse ecossistema.<\/span><\/p>\n<p style=\"text-align: justify;\"><span style=\"font-size: 14pt;\">\u201cMuita gente vem me dizer que isso \u00e9 besteira, que ser\u00e1 caro. Mas n\u00e3o \u00e9. \u00c9 importante, \u00e9 essencial para nosso futuro, para nossos filhos. Al\u00e9m disso, \u00e9 um investimento feito pelo munic\u00edpio para garantir nosso futuro. O meio ambiente n\u00e3o pode ser devastado desta maneira. Precisamos fazer algo. N\u00f3s, do poder p\u00fablico, temos essa obriga\u00e7\u00e3o\u201d, afirmou.<\/span><\/p>\n<p style=\"text-align: justify;\"><span style=\"font-size: 14pt;\">Jos\u00e9 Ant\u00f4nio adiantou que j\u00e1 tem as poss\u00edveis localidades onde ser\u00e1 instalada a unidade e que n\u00e3o pretende fazer apenas uma \u00e1rea est\u00e1tica de conserva\u00e7\u00e3o. O objetivo \u00e9 criar um espa\u00e7o onde possam acontecer pesquisas cient\u00edficas, aulas de educa\u00e7\u00e3o ambiental e at\u00e9 a cria\u00e7\u00e3o de um viveiro de serpentes.<\/span><\/p>\n<p style=\"text-align: justify;\"><span style=\"font-size: 14pt;\">\u201cQueremos fazer essa unidade de conserva\u00e7\u00e3o para servir como um instrumento. N\u00e3o ser\u00e1 apenas uma \u00e1rea para conservarmos o meio ambiente, e sim um espa\u00e7o onde possamos ensinar como fazer isso e criar espa\u00e7os para as esp\u00e9cies desse ecossistema. Temos, inclusive, o desejo de criar um serpent\u00e1rio no local\u201d, afirmou com entusiasmo.<\/span><\/p>\n<p style=\"text-align: justify;\"><span style=\"font-size: 14pt;\"><strong>Boa iniciativa<\/strong><\/span><\/p>\n<p style=\"text-align: justify;\"><span style=\"font-size: 14pt;\">O promotor de Justi\u00e7a do N\u00facleo de Defesa do Meio Ambiente do Minist\u00e9rio P\u00fablico do Estado de Alagoas, Alberto Fonseca, parabenizou a iniciativa e desejou a repeti\u00e7\u00e3o desta ideia em outros munic\u00edpios da regi\u00e3o. Para ele, \u00e9 necess\u00e1rio que exista nas comunidades um sentimento de pertencimento com o bioma da caatinga.<\/span><\/p>\n<p style=\"text-align: justify;\"><span style=\"font-size: 14pt;\">\u201cO prefeito eleito j\u00e1 come\u00e7a a gest\u00e3o com uma excelente iniciativa. A situa\u00e7\u00e3o da caatinga \u00e9 de sofrimento, h\u00e1 grandes pontos de desertifica\u00e7\u00e3o e isso assusta. Ou seja, \u00e9 preciso que todos trabalhem com essa vegeta\u00e7\u00e3o t\u00e3o rica, de modo ordenado e sustent\u00e1vel. N\u00e3o se pode deixar que essa situa\u00e7\u00e3o fique pior, porque esse bioma corre s\u00e9rios riscos\u201d, disse.<\/span><\/p>\n<p style=\"text-align: justify;\"><span style=\"font-size: 14pt;\"><strong>Audi\u00eancia p\u00fablica<\/strong><\/span><\/p>\n<p style=\"text-align: justify;\"><span style=\"font-size: 14pt;\">A FPI do S\u00e3o Francisco em Alagoas realiza a sua audi\u00eancia p\u00fablica nesta sexta-feira, \u00e0s 14h, no campus do Instituto Federal de Alagoas (Ifal) em Piranhas. O endere\u00e7o do local \u00e9 Avenida Sergipe, 1478, Vila Sergipe, bairro Xing\u00f3, no munic\u00edpio.<\/span><\/p>\n<p style=\"text-align: justify;\"><span style=\"font-size: 14pt;\">Este ser\u00e1 o terceiro espa\u00e7o de apresenta\u00e7\u00e3o de resultados da FPI de S\u00e3o Francisco da Tr\u00edplice Fronteira, que tamb\u00e9m tem como objetivo dialogar com gestores p\u00fablicos, agentes econ\u00f4micos e a pr\u00f3pria popula\u00e7\u00e3o. As primeiras audi\u00eancias ocorreram na tarde de ontem, em Paulo Afonso (Bahia), e nesta manh\u00e3, em Canind\u00e9 do S\u00e3o Francisco (Sergipe), com a participa\u00e7\u00e3o dos promotores de Justi\u00e7a Lav\u00ednia Fragoso e Alberto Fonseca, al\u00e9m de autoridades dos estados.<\/span><\/p>\n<\/div>\n<\/div>\n<\/div>\n<\/div>\n<\/div>\n<\/div>\n<\/div>\n<\/div>\n<\/div>\n<\/div>\n<div class=\"content-wrapper-b1\">\n<div class=\"content-wrapper-b2\" style=\"text-align: justify;\"><\/div>\n<\/div>\n","protected":false},"excerpt":{"rendered":"<p> [&hellip;]<\/p>\n","protected":false},"author":2,"featured_media":6506,"comment_status":"open","ping_status":"open","sticky":false,"template":"","format":"standard","meta":{"om_disable_all_campaigns":false,"_monsterinsights_skip_tracking":false,"_monsterinsights_sitenote_active":false,"_monsterinsights_sitenote_note":"","_monsterinsights_sitenote_category":0,"_uf_show_specific_survey":0,"_uf_disable_surveys":false,"footnotes":""},"categories":[38],"tags":[],"class_list":["post-6505","post","type-post","status-publish","format-standard","has-post-thumbnail","hentry","category-not_fpi"],"aioseo_notices":[],"_links":{"self":[{"href":"https:\/\/www.mpal.mp.br\/index.php?rest_route=\/wp\/v2\/posts\/6505","targetHints":{"allow":["GET"]}}],"collection":[{"href":"https:\/\/www.mpal.mp.br\/index.php?rest_route=\/wp\/v2\/posts"}],"about":[{"href":"https:\/\/www.mpal.mp.br\/index.php?rest_route=\/wp\/v2\/types\/post"}],"author":[{"embeddable":true,"href":"https:\/\/www.mpal.mp.br\/index.php?rest_route=\/wp\/v2\/users\/2"}],"replies":[{"embeddable":true,"href":"https:\/\/www.mpal.mp.br\/index.php?rest_route=%2Fwp%2Fv2%2Fcomments&post=6505"}],"version-history":[{"count":1,"href":"https:\/\/www.mpal.mp.br\/index.php?rest_route=\/wp\/v2\/posts\/6505\/revisions"}],"predecessor-version":[{"id":6507,"href":"https:\/\/www.mpal.mp.br\/index.php?rest_route=\/wp\/v2\/posts\/6505\/revisions\/6507"}],"wp:featuredmedia":[{"embeddable":true,"href":"https:\/\/www.mpal.mp.br\/index.php?rest_route=\/wp\/v2\/media\/6506"}],"wp:attachment":[{"href":"https:\/\/www.mpal.mp.br\/index.php?rest_route=%2Fwp%2Fv2%2Fmedia&parent=6505"}],"wp:term":[{"taxonomy":"category","embeddable":true,"href":"https:\/\/www.mpal.mp.br\/index.php?rest_route=%2Fwp%2Fv2%2Fcategories&post=6505"},{"taxonomy":"post_tag","embeddable":true,"href":"https:\/\/www.mpal.mp.br\/index.php?rest_route=%2Fwp%2Fv2%2Ftags&post=6505"}],"curies":[{"name":"wp","href":"https:\/\/api.w.org\/{rel}","templated":true}]}}