{"id":6496,"date":"2016-12-01T11:15:00","date_gmt":"2016-12-01T13:15:00","guid":{"rendered":"https:\/\/www.mpal.mp.br\/?p=6496"},"modified":"2022-05-26T11:15:20","modified_gmt":"2022-05-26T14:15:20","slug":"fpi-do-sao-francisco-distribui-coletes-salva-vidas-para-pescadores-mais-de-tres-mil-armadilhas-aquaticas-sao-apreendidas","status":"publish","type":"post","link":"https:\/\/www.mpal.mp.br\/?p=6496","title":{"rendered":"FPI do S\u00e3o Francisco distribui coletes salva-vidas para pescadores; mais de tr\u00eas mil armadilhas aqu\u00e1ticas s\u00e3o apreendidas"},"content":{"rendered":"<p style=\"text-align: justify;\"><span style=\"font-size: 14pt;\">Com o alerta &#8220;colete salva-vidas: n\u00e3o navegue sem o seu&#8221;, um cartaz na entrada da Col\u00f4nia de Pescadores Z-12 do S\u00e3o Francisco anunciava o tema da palestra oferecida pela Marinha do Brasil, a pescadores da Cidade de Penedo. A palestra foi uma das atividades da FPI do S\u00e3o Francisco da Tr\u00edplice Fronteira.<\/span><\/p>\n<p style=\"text-align: justify;\"><span style=\"font-size: 14pt;\">A atividade ainda contou com a presen\u00e7a de representantes do Instituto do Meio Ambiente de Alagoas (IMA) e do Minist\u00e9rio P\u00fablico do Estado de Alagoas. No final 12 coletes foram sorteados entre os pescadores.<\/span><\/p>\n<p style=\"text-align: justify;\"><span style=\"font-size: 14pt;\">A ideia \u00e9 alertar aos pescadores da necessidade de adotar medidas de seguran\u00e7a enquanto trafega pelas \u00e1guas do velho Chico. &#8220;O colete \u00e9 necess\u00e1rio assim que se entra na embarca\u00e7\u00e3o. Seja pra ir pescar ou para transportar pessoas. Lembrando que todos a utilizarem o transporte aqu\u00e1tico tamb\u00e9m devem usar o colete&#8221;, afirmou o capit\u00e3o da Marinha Rafael Vel\u00e1squez.<\/span><\/p>\n<p style=\"text-align: justify;\"><span style=\"font-size: 14pt;\">Durante a palestra, ele chamou volunt\u00e1rios e demonstrou a maneira certa de se colocar o colete e a necessidade de amarr\u00e1-lo seguindo as normas de seguran\u00e7a. &#8220;Estamos lidando com vidas e esses equipamentos pode ser o que salvar\u00e1 suas vidas. \u00c9 preciso manter a aten\u00e7\u00e3o redobrada&#8221;, afirmou.<\/span><\/p>\n<p style=\"text-align: justify;\"><span style=\"font-size: 14pt;\">Para o Capit\u00e3o a atividade tamb\u00e9m \u00e9 uma forma de se aproximar dos pescadores. &#8220;Precisamos trabalhar em parceria com esses trabalhadores do Rio S\u00e3o Francisco. \u00c9 uma troca de informa\u00e7\u00f5es&#8221;.<\/span><\/p>\n<p style=\"text-align: justify;\"><span style=\"font-size: 14pt;\">Segundo a promotora de Justi\u00e7a do N\u00facleo de Defesa do Meio Ambiente do Minist\u00e9rio P\u00fablico Estadual, Lav\u00ednia Fragoso, a campanha serve para criar multiplicadores e aumentar a seguran\u00e7a de quem trabalha no Rio S\u00e3o Francisco.<\/span><\/p>\n<p style=\"text-align: justify;\"><span style=\"font-size: 14pt;\">&#8220;Voc\u00eas sair\u00e3o daqui com mais informa\u00e7\u00f5es, sabendo como garantir a seguran\u00e7a de voc\u00eas, de seus familiares e de quem voc\u00eas transportam. Espalhem a necessidade de usar o colete enquanto estiver navegando. Contem para seus amigos, vizinhos e amigos de trabalho. Afinal, quando o assunto \u00e9 vida, informa\u00e7\u00e3o, aten\u00e7\u00e3o e seguran\u00e7a nunca s\u00e3o demais&#8221;, afirmou.<\/span><\/p>\n<p style=\"text-align: justify;\"><span style=\"font-size: 14pt;\">Fragoso ainda alertou aos pescadores sobre as consequ\u00eancias de desmatar a vegeta\u00e7\u00e3o localizada \u00e0s margens do rio e manter animal silvestre preso em casa.<\/span><\/p>\n<p style=\"text-align: justify;\"><span style=\"font-size: 14pt;\">&#8220;N\u00f3s todos, homens e mulheres, tamb\u00e9m fazemos parte do meio ambiente. Ent\u00e3o, quando conservamos, estamos garantindo o futuro dos nossos filhos e at\u00e9 nossa sobreviv\u00eancia. N\u00e3o desmatar e n\u00e3o capturar animais silvestres j\u00e1 \u00e9 uma boa maneira de cada um fazer sua parte&#8221;, disse.<\/span><\/p>\n<p style=\"text-align: justify;\"><span style=\"font-size: 14pt;\"><strong>Mudan\u00e7as depois da FPI<\/strong><\/span><\/p>\n<p style=\"text-align: justify;\"><span style=\"font-size: 14pt;\">Um dos mais atentos a palestra era o pescador Ant\u00f4nio Carlos G\u00f3es dos Santos, que tamb\u00e9m preside a Associa\u00e7\u00e3o dos Pequenos Agricultores e Pescadores da Ilha do Jegue, em Penedo. Ele disse que faz quest\u00e3o de participar de todas as atividades educativas realizadas durante a FPI.<\/span><\/p>\n<p style=\"text-align: justify;\"><span style=\"font-size: 14pt;\">Para ele, o entusiamos se deve a problemas que sua comunidade vivia e que foram identificados e encaminhados \u00e0 solu\u00e7\u00e3o durante uma das edi\u00e7\u00f5es da FPI.<\/span><\/p>\n<p style=\"text-align: justify;\"><span style=\"font-size: 14pt;\">&#8220;N\u00f3s viv\u00edamos uma disputa sobre a posse da Ilha em que moramos, em que sempre moramos. O pessoal da FPI viu o quanto faz\u00edamos parte do lugar e encaminhou todas as quest\u00f5es e tudo foi resolvido e hoje moramos no lugar que sempre pertencemos&#8221;, declarou.<\/span><\/p>\n<p style=\"text-align: justify;\"><span style=\"font-size: 14pt;\">O pescador ainda relatou que sempre tem algo para aprender: &#8220;Nossa vida mudou depois da FPI e para melhor, muito melhor. Al\u00e9m disso, temos li\u00e7\u00f5es de como conservar e melhorar o ambiente em que vivemos. Sempre temos algo para aprender&#8221;.<\/span><\/p>\n<p style=\"text-align: justify;\"><span style=\"font-size: 14pt;\"><strong>Apreens\u00e3o de armadilhas aqu\u00e1ticas<\/strong><\/span><\/p>\n<p style=\"text-align: justify;\"><span style=\"font-size: 14pt;\">Durante a realiza\u00e7\u00e3o da Fiscaliza\u00e7\u00e3o Preventiva Integrada da Bacia Hidrogr\u00e1fica do Rio S\u00e3o Francisco, a equipe Aqu\u00e1tica retirou de circula\u00e7\u00e3o 3.284 covos e mais 3.200 metros de rede de emalhe utilizados para pesca em embarca\u00e7\u00f5es e nas margens do Velho Chico, em pleno per\u00edodo da Piracema.<\/span><\/p>\n<p style=\"text-align: justify;\"><span style=\"font-size: 14pt;\">\u201cOs pescadores reclamam continuamente sobre o decl\u00ednio da pesca no baixo s\u00e3o Francisco, no entanto continuam utilizando petrechos ilegais e realizando a pesca no per\u00edodo destinado a recupera\u00e7\u00e3o dos estoques pesqueiros, com a reprodu\u00e7\u00e3o dos peixes\u201d, lamentou Rivaldo Couto, analista ambiental do Instituto Brasileiro do Meio Ambiente e dos Recursos Naturais Renov\u00e1veis (IBAMA).<\/span><\/p>\n<p style=\"text-align: justify;\"><span style=\"font-size: 14pt;\">O per\u00edodo de reprodu\u00e7\u00e3o natural dos peixes na Bacia do Rio S\u00e3o Francisco iniciou em 1\u00ba novembro e vai at\u00e9 28 de fevereiro. A Portaria IBAMA n\u00ba 50\/2007, que estabelece tal per\u00edodo, define tamb\u00e9m que, durante esse intervalo de tempo, a pesca de peixes utilizando rede emalhe \u00e9 proibido, e os covos, armadilhas aqu\u00e1ticas para captura de camar\u00f5es, devem possuir espa\u00e7amento entre talas de 2cm.<\/span><\/p>\n<p style=\"text-align: justify;\"><span style=\"font-size: 14pt;\">Durante a realiza\u00e7\u00e3o da FPI do S\u00e3o Francisco, a equipa Aqu\u00e1tica promoveu atividades de conscientiza\u00e7\u00e3o com pescadores e ribeirinhos sobre as particularidades da pesca no rio.<\/span><\/p>\n<p style=\"text-align: justify;\"><span style=\"font-size: 14pt;\"><strong>Tr\u00e1fego aquavi\u00e1rio<\/strong><\/span><\/p>\n<p style=\"text-align: justify;\"><span style=\"font-size: 14pt;\">Uma das institui\u00e7\u00f5es integrantes da equipe, a Marinha do Brasil, por meio da Capitania dos Portos de Alagoas e da Ag\u00eancia Fluvial de Penedo, realizou atividades de fiscaliza\u00e7\u00e3o do tr\u00e1fego aquavi\u00e1rio na regi\u00e3o do Baixo S\u00e3o Francisco, da Foz do Rio at\u00e9 o Munic\u00edpio de Delmiro Gouveia.<\/span><\/p>\n<p style=\"text-align: justify;\"><span style=\"font-size: 14pt;\">Ao todo foram mais de 60 embarca\u00e7\u00f5es abordadas pelas equipes de Inspe\u00e7\u00e3o Naval nos munic\u00edpios de Pia\u00e7abu\u00e7u, Penedo e Igreja Nova. Sete acabaram notificadas por infra\u00e7\u00f5es \u00e0 Lei de Seguran\u00e7a do Tr\u00e1fego Aquavi\u00e1rio. Durante as fiscaliza\u00e7\u00f5es, os inspetores navais verificaram as condi\u00e7\u00f5es de seguran\u00e7a das embarca\u00e7\u00f5es, o material de salvatagem e a habilita\u00e7\u00e3o dos condutores, dentre outros aspectos.<\/span><\/p>\n<p style=\"text-align: justify;\"><span style=\"font-size: 14pt;\">\u201cEspecial aten\u00e7\u00e3o foi dada \u00e0s embarca\u00e7\u00f5es que realizavam passeio na regi\u00e3o dos C\u00e2nions e da Foz do Rio, garantindo a seguran\u00e7a e tranquilidade das pessoas que aproveitavam para se divertir nas \u00e1guas do Velho Chico. Pode-se falar tamb\u00e9m das nossas embarca\u00e7\u00f5es que prestaram apoio log\u00edstico aos demais \u00f3rg\u00e3os na identifica\u00e7\u00e3o de ocupa\u00e7\u00f5es e capta\u00e7\u00f5es de \u00e1gua irregulares\u201d, disse Rivaldo Couto.<\/span><\/p>\n<p style=\"text-align: justify;\"><span style=\"font-size: 14pt;\">Al\u00e9m do IBAMA e da Marinha, a equipe aqu\u00e1tica \u00e9 formada por servidores do Batalh\u00e3o de Pol\u00edcia Ambiental (BPA), Instituto do Meio Ambiente de Alagoas (IMA), Superintend\u00eancia de Patrim\u00f4nio da Uni\u00e3o (SPU) e Instituto de Preserva\u00e7\u00e3o da Mata Atl\u00e2ntica (IPMA).<\/span><\/p>\n","protected":false},"excerpt":{"rendered":"<p> [&hellip;]<\/p>\n","protected":false},"author":2,"featured_media":6497,"comment_status":"open","ping_status":"open","sticky":false,"template":"","format":"standard","meta":{"om_disable_all_campaigns":false,"_monsterinsights_skip_tracking":false,"_monsterinsights_sitenote_active":false,"_monsterinsights_sitenote_note":"","_monsterinsights_sitenote_category":0,"_uf_show_specific_survey":0,"_uf_disable_surveys":false,"footnotes":""},"categories":[38],"tags":[],"class_list":["post-6496","post","type-post","status-publish","format-standard","has-post-thumbnail","hentry","category-not_fpi"],"aioseo_notices":[],"_links":{"self":[{"href":"https:\/\/www.mpal.mp.br\/index.php?rest_route=\/wp\/v2\/posts\/6496","targetHints":{"allow":["GET"]}}],"collection":[{"href":"https:\/\/www.mpal.mp.br\/index.php?rest_route=\/wp\/v2\/posts"}],"about":[{"href":"https:\/\/www.mpal.mp.br\/index.php?rest_route=\/wp\/v2\/types\/post"}],"author":[{"embeddable":true,"href":"https:\/\/www.mpal.mp.br\/index.php?rest_route=\/wp\/v2\/users\/2"}],"replies":[{"embeddable":true,"href":"https:\/\/www.mpal.mp.br\/index.php?rest_route=%2Fwp%2Fv2%2Fcomments&post=6496"}],"version-history":[{"count":1,"href":"https:\/\/www.mpal.mp.br\/index.php?rest_route=\/wp\/v2\/posts\/6496\/revisions"}],"predecessor-version":[{"id":6498,"href":"https:\/\/www.mpal.mp.br\/index.php?rest_route=\/wp\/v2\/posts\/6496\/revisions\/6498"}],"wp:featuredmedia":[{"embeddable":true,"href":"https:\/\/www.mpal.mp.br\/index.php?rest_route=\/wp\/v2\/media\/6497"}],"wp:attachment":[{"href":"https:\/\/www.mpal.mp.br\/index.php?rest_route=%2Fwp%2Fv2%2Fmedia&parent=6496"}],"wp:term":[{"taxonomy":"category","embeddable":true,"href":"https:\/\/www.mpal.mp.br\/index.php?rest_route=%2Fwp%2Fv2%2Fcategories&post=6496"},{"taxonomy":"post_tag","embeddable":true,"href":"https:\/\/www.mpal.mp.br\/index.php?rest_route=%2Fwp%2Fv2%2Ftags&post=6496"}],"curies":[{"name":"wp","href":"https:\/\/api.w.org\/{rel}","templated":true}]}}