{"id":6493,"date":"2016-11-30T11:13:40","date_gmt":"2016-11-30T13:13:40","guid":{"rendered":"https:\/\/www.mpal.mp.br\/?p=6493"},"modified":"2022-05-26T11:14:02","modified_gmt":"2022-05-26T14:14:02","slug":"fpi-do-sao-francisco-multa-prefeitura-de-pariconha-em-r-25-milhoes-por-lancamento-de-residuos-solidos-em-territorio-indigena","status":"publish","type":"post","link":"https:\/\/www.mpal.mp.br\/?p=6493","title":{"rendered":"FPI do S\u00e3o Francisco multa Prefeitura de Pariconha em R$ 2,5 milh\u00f5es por lan\u00e7amento de res\u00edduos s\u00f3lidos em territ\u00f3rio ind\u00edgena"},"content":{"rendered":"<p style=\"text-align: justify;\"><span style=\"font-size: 14pt;\">Os \u00f3rg\u00e3os p\u00fablicos que comp\u00f5em a equipe de Res\u00edduos S\u00f3lidos, Extra\u00e7\u00e3o Mineral e Postos de combust\u00edveis da FPI do S\u00e3o Francisco multaram, nesta ter\u00e7a-feira (29), a Prefeitura de Pariconha em R$ 2.544.503,96 por uma s\u00e9rie de danos ambientais, entre eles o lan\u00e7amento de res\u00edduos s\u00f3lidos na terra do grupo ind\u00edgena Jerinpac\u00f3.<\/span><\/p>\n<p style=\"text-align: justify;\"><span style=\"font-size: 14pt;\">Numa \u00e1rea de 0,74 hectares, o Munic\u00edpio lan\u00e7ava os res\u00edduos sem qualquer autoriza\u00e7\u00e3o dos \u00f3rg\u00e3os competentes. Por essa raz\u00e3o, o Instituto Brasileiro do Meio Ambiente e dos Recursos Naturais Renov\u00e1veis (IBAMA) multou a Prefeitura Municipal em R$ 2,5 milh\u00f5es.<\/span><\/p>\n<p style=\"text-align: justify;\"><span style=\"font-size: 14pt;\">O instituto federal tamb\u00e9m embargou a \u00e1rea e suspendeu todo lan\u00e7amento e dep\u00f3sito do conte\u00fado residual. Al\u00e9m disso, os respons\u00e1veis pela administra\u00e7\u00e3o p\u00fablica municipal foram notificados para que removam o lixo urbano no local em at\u00e9 30 dias.<\/span><\/p>\n<p style=\"text-align: justify;\"><span style=\"font-size: 14pt;\">A FPI do S\u00e3o Francisco tamb\u00e9m interditou as atividades da garagem da Prefeitura de Pariconha ap\u00f3s flagrar a realiza\u00e7\u00e3o de servi\u00e7os mec\u00e2nicos (troca de \u00f3leo) e o armazenamento de combust\u00edvel e \u00f3leo diesel em local inadequado.<\/span><\/p>\n<p style=\"text-align: justify;\"><span style=\"font-size: 14pt;\">Diante do flagrante, o Instituto do Meio Ambiente de Alagoas (IMA) expediu autos de infra\u00e7\u00e3o em desfavor do ente p\u00fablico por lan\u00e7ar res\u00edduos e subst\u00e2ncias oleosas em desacordo com a lei. O valor da multa foi de R$ 28.108,96. O instituto estadual expediu uma segunda penalidade no valor de R$ 11.395,00 em virtude da Prefeitura fazer funcionar estabelecimento potencialmente poluidor sem licen\u00e7a ambiental.<\/span><\/p>\n<p style=\"text-align: justify;\"><span style=\"font-size: 14pt;\">Na ocasi\u00e3o, ainda ocorreu autua\u00e7\u00e3o do Conselho Regional de Engenharia e Agronomia de Alagoas (Crea-AL) por exerc\u00edcio ilegal em desfavor do Munic\u00edpio por deixar de apresentou anota\u00e7\u00e3o de responsabilidade t\u00e9cnica (ART) de coleta, transporte e destina\u00e7\u00e3o dos res\u00edduos s\u00f3lidos da limpeza urbana.<\/span><\/p>\n<p style=\"text-align: justify;\"><span style=\"font-size: 14pt;\"><strong>P\u00e3o de A\u00e7\u00facar<\/strong><\/span><\/p>\n<p style=\"text-align: justify;\"><span style=\"font-size: 14pt;\">A equipe de Produtos em Uso de Origem Animal e Vegetal tamb\u00e9m interditou uma f\u00e1brica de latic\u00ednios localizada na zona rural de P\u00e3o de A\u00e7\u00facar por falta de registro nos \u00f3rg\u00e3os sanit\u00e1rios competentes.<\/span><\/p>\n<p style=\"text-align: justify;\"><span style=\"font-size: 14pt;\">Al\u00e9m da interdi\u00e7\u00e3o, Ag\u00eancia de Defesa e Inspe\u00e7\u00e3o Agropecu\u00e1ria de Alagoas (Adeal), Conselho Regional de Medicina Veterin\u00e1ria do Estado de Alagoas (CRMV-AL), IMA e IBAMA expediram autua\u00e7\u00f5es contra o estabelecimento.<\/span><\/p>\n<p style=\"text-align: justify;\"><span style=\"font-size: 14pt;\">A f\u00e1brica de latic\u00ednios n\u00e3o apresentou registro de respons\u00e1vel t\u00e9cnico no CRMV-AL, de licen\u00e7a ambiental no IMA e de cadastro t\u00e9cnico federal no IBAMA.<\/span><\/p>\n","protected":false},"excerpt":{"rendered":"<p> [&hellip;]<\/p>\n","protected":false},"author":2,"featured_media":6494,"comment_status":"open","ping_status":"open","sticky":false,"template":"","format":"standard","meta":{"om_disable_all_campaigns":false,"_monsterinsights_skip_tracking":false,"_monsterinsights_sitenote_active":false,"_monsterinsights_sitenote_note":"","_monsterinsights_sitenote_category":0,"_uf_show_specific_survey":0,"_uf_disable_surveys":false,"footnotes":""},"categories":[38],"tags":[],"class_list":["post-6493","post","type-post","status-publish","format-standard","has-post-thumbnail","hentry","category-not_fpi"],"aioseo_notices":[],"_links":{"self":[{"href":"https:\/\/www.mpal.mp.br\/index.php?rest_route=\/wp\/v2\/posts\/6493","targetHints":{"allow":["GET"]}}],"collection":[{"href":"https:\/\/www.mpal.mp.br\/index.php?rest_route=\/wp\/v2\/posts"}],"about":[{"href":"https:\/\/www.mpal.mp.br\/index.php?rest_route=\/wp\/v2\/types\/post"}],"author":[{"embeddable":true,"href":"https:\/\/www.mpal.mp.br\/index.php?rest_route=\/wp\/v2\/users\/2"}],"replies":[{"embeddable":true,"href":"https:\/\/www.mpal.mp.br\/index.php?rest_route=%2Fwp%2Fv2%2Fcomments&post=6493"}],"version-history":[{"count":1,"href":"https:\/\/www.mpal.mp.br\/index.php?rest_route=\/wp\/v2\/posts\/6493\/revisions"}],"predecessor-version":[{"id":6495,"href":"https:\/\/www.mpal.mp.br\/index.php?rest_route=\/wp\/v2\/posts\/6493\/revisions\/6495"}],"wp:featuredmedia":[{"embeddable":true,"href":"https:\/\/www.mpal.mp.br\/index.php?rest_route=\/wp\/v2\/media\/6494"}],"wp:attachment":[{"href":"https:\/\/www.mpal.mp.br\/index.php?rest_route=%2Fwp%2Fv2%2Fmedia&parent=6493"}],"wp:term":[{"taxonomy":"category","embeddable":true,"href":"https:\/\/www.mpal.mp.br\/index.php?rest_route=%2Fwp%2Fv2%2Fcategories&post=6493"},{"taxonomy":"post_tag","embeddable":true,"href":"https:\/\/www.mpal.mp.br\/index.php?rest_route=%2Fwp%2Fv2%2Ftags&post=6493"}],"curies":[{"name":"wp","href":"https:\/\/api.w.org\/{rel}","templated":true}]}}