{"id":6456,"date":"2018-01-09T10:51:13","date_gmt":"2018-01-09T12:51:13","guid":{"rendered":"https:\/\/www.mpal.mp.br\/?p=6456"},"modified":"2022-05-26T10:54:07","modified_gmt":"2022-05-26T13:54:07","slug":"apos-atuacao-do-mpe-al-poder-judiciario-determina-fechamento-do-lixao-de-teotonio-vilela","status":"publish","type":"post","link":"https:\/\/www.mpal.mp.br\/?p=6456","title":{"rendered":"Ap\u00f3s atua\u00e7\u00e3o do MPE\/AL, Poder Judici\u00e1rio determina fechamento do lix\u00e3o de Teot\u00f4nio Vilela"},"content":{"rendered":"<p style=\"text-align: justify;\" align=\"justify\"><span style=\"font-size: 14pt;\">Ap\u00f3s a\u00e7\u00e3o civil p\u00fablica com obriga\u00e7\u00e3o de fazer ajuizada pela Promotoria de Justi\u00e7a de Teot\u00f4nio Vilela, o Tribunal de Justi\u00e7a de Alagoas decidiu, por meio de liminar, acatar o pedido do Minist\u00e9rio P\u00fablico do Estado de Alagoas e determinou o encerramento do lix\u00e3o da cidade. O MPE\/AL ainda pede a recupera\u00e7\u00e3o da \u00e1rea degradada e que a prefeitura do munic\u00edpio reinsira no mercado de trabalho os catadores que atuavam no local.<\/span><\/p>\n<p style=\"text-align: justify;\" align=\"justify\"><span style=\"font-size: 14pt;\">De acordo com o promotor de Justi\u00e7a Ramon Formiga, antes de ajuizar a a\u00e7\u00e3o foram feitas v\u00e1rias tentativas extrajudiciais para o encerramento do lix\u00e3o. \u201cRealizamos audi\u00eancia p\u00fablica, atuamos em conjunto com a FPI do S\u00e3o Francisco e conseguimos a interdi\u00e7\u00e3o do local, que depois foi reaberto por meio de liminar concedida pelo poder judici\u00e1rio. Sempre era alegado que o munic\u00edpio n\u00e3o poderia arcar com os custos de fechar o lix\u00e3o e transportar os res\u00edduos s\u00f3lidos produzidos, que devem ser levados para uma Central de Tratamento de Res\u00edduos (CTR)\u201d.<\/span><\/p>\n<p style=\"text-align: justify;\" align=\"justify\"><span style=\"font-size: 14pt;\">Entretanto, depois de um levantamento junto ao CTR do Agreste, a Promotoria de Justi\u00e7a de Teot\u00f4nio Vilela conseguiu comprovar que estes custos estavam dentro das possibilidades or\u00e7ament\u00e1ria do munic\u00edpio. \u201cO or\u00e7amento que nos foi passado mostra que os valores cobrados giram em torno de R$ 15 mil, j\u00e1 com o transporte do material. Ou seja, a onera\u00e7\u00e3o \u00e9 suport\u00e1vel e provamos isso ao Poder Judici\u00e1rio, que entendeu a gravidade da quest\u00e3o. At\u00e9 por que, al\u00e9m de cumprir o que determina a lei, o munic\u00edpio preservar\u00e1 o meio ambiente para as futuras gera\u00e7\u00f5es\u201d, ressaltou o promotor de justi\u00e7a.<\/span><\/p>\n<p style=\"text-align: justify;\" align=\"justify\"><span style=\"font-size: 14pt;\">Ainda na a\u00e7\u00e3o, o \u00f3rg\u00e3o ministerial pede a recupera\u00e7\u00e3o da \u00e1rea degradada e que a prefeitura do munic\u00edpio reinsira no mercado de trabalho reinsira no mercado de trabalho os catadores que atuavam no local. \u201cComo o encerramento do lix\u00e3o foi determinando em car\u00e1ter de liminar, estamos esperando o m\u00e9rito da a\u00e7\u00e3o para sabermos se isso tamb\u00e9m ser\u00e1 acatado pela justi\u00e7a. Entendemos que o fechamento do lix\u00e3o n\u00e3o encerra a quest\u00e3o. \u00c9 preciso recuperar totalmente a \u00e1rea que servia para dep\u00f3sito dos res\u00edduos s\u00f3lidos e garantir que os cidad\u00e3os que sobrevivam dali achem outra forma de subsist\u00eancia, como por exemplo a reciclagem\u201d.<\/span><\/p>\n<p style=\"text-align: justify;\" align=\"justify\"><span style=\"font-size: 14pt;\"><strong>Encerramento dos lix\u00f5es<\/strong><\/span><\/p>\n<p style=\"text-align: justify;\" align=\"justify\"><span style=\"font-size: 14pt;\">Desde 2014 os munic\u00edpios alagoanos est\u00e3o proibidos de utilizar os lix\u00f5es como dep\u00f3sitos dos res\u00edduos gerados. No final do m\u00eas de outubro de 2017 o Minist\u00e9rio P\u00fablico Estadual convocou os prefeitos alagoanos para estabelecer um prazo para que a determina\u00e7\u00e3o seja cumprida. Foi feito uma cordo de n\u00e3o persecu\u00e7\u00e3o penal em que os gestores reconhecem a manuten\u00e7\u00e3o de lix\u00f5es em suas cidades e se comprometem em encerrar a atividade ambientalmente ilegal.<\/span><\/p>\n<p style=\"text-align: justify;\" align=\"justify\"><span style=\"font-size: 14pt;\">J\u00e1 no in\u00edcio de dezembro de 2017, 42 prefeitos de munic\u00edpios alagoanos assinaram o acordo. A negocia\u00e7\u00e3o contou com o apoio por meio da Associa\u00e7\u00e3o dos Munic\u00edpios de Alagoas (AMA), que entendeu o alerta feito pelo procurador-geral de justi\u00e7a, Alfredo Gaspar de Mendon\u00e7a Neto, para a necessidade do cumprimento da Pol\u00edtica Nacional de Res\u00edduos S\u00f3lidos (PNRS).<\/span><\/p>\n","protected":false},"excerpt":{"rendered":"<p> [&hellip;]<\/p>\n","protected":false},"author":2,"featured_media":6457,"comment_status":"open","ping_status":"open","sticky":false,"template":"","format":"standard","meta":{"om_disable_all_campaigns":false,"_monsterinsights_skip_tracking":false,"_monsterinsights_sitenote_active":false,"_monsterinsights_sitenote_note":"","_monsterinsights_sitenote_category":0,"_uf_show_specific_survey":0,"_uf_disable_surveys":false,"footnotes":""},"categories":[38],"tags":[],"class_list":["post-6456","post","type-post","status-publish","format-standard","has-post-thumbnail","hentry","category-not_fpi"],"aioseo_notices":[],"_links":{"self":[{"href":"https:\/\/www.mpal.mp.br\/index.php?rest_route=\/wp\/v2\/posts\/6456","targetHints":{"allow":["GET"]}}],"collection":[{"href":"https:\/\/www.mpal.mp.br\/index.php?rest_route=\/wp\/v2\/posts"}],"about":[{"href":"https:\/\/www.mpal.mp.br\/index.php?rest_route=\/wp\/v2\/types\/post"}],"author":[{"embeddable":true,"href":"https:\/\/www.mpal.mp.br\/index.php?rest_route=\/wp\/v2\/users\/2"}],"replies":[{"embeddable":true,"href":"https:\/\/www.mpal.mp.br\/index.php?rest_route=%2Fwp%2Fv2%2Fcomments&post=6456"}],"version-history":[{"count":1,"href":"https:\/\/www.mpal.mp.br\/index.php?rest_route=\/wp\/v2\/posts\/6456\/revisions"}],"predecessor-version":[{"id":6458,"href":"https:\/\/www.mpal.mp.br\/index.php?rest_route=\/wp\/v2\/posts\/6456\/revisions\/6458"}],"wp:featuredmedia":[{"embeddable":true,"href":"https:\/\/www.mpal.mp.br\/index.php?rest_route=\/wp\/v2\/media\/6457"}],"wp:attachment":[{"href":"https:\/\/www.mpal.mp.br\/index.php?rest_route=%2Fwp%2Fv2%2Fmedia&parent=6456"}],"wp:term":[{"taxonomy":"category","embeddable":true,"href":"https:\/\/www.mpal.mp.br\/index.php?rest_route=%2Fwp%2Fv2%2Fcategories&post=6456"},{"taxonomy":"post_tag","embeddable":true,"href":"https:\/\/www.mpal.mp.br\/index.php?rest_route=%2Fwp%2Fv2%2Ftags&post=6456"}],"curies":[{"name":"wp","href":"https:\/\/api.w.org\/{rel}","templated":true}]}}