{"id":6426,"date":"2017-05-16T10:16:04","date_gmt":"2017-05-16T13:16:04","guid":{"rendered":"https:\/\/www.mpal.mp.br\/?p=6426"},"modified":"2022-05-26T10:16:27","modified_gmt":"2022-05-26T13:16:27","slug":"fpi-do-sao-francisco-fiscaliza-comercializacao-de-agrotoxicos-e-medicamentos-veterinarios","status":"publish","type":"post","link":"https:\/\/www.mpal.mp.br\/?p=6426","title":{"rendered":"FPI do S\u00e3o Francisco fiscaliza comercializa\u00e7\u00e3o de agrot\u00f3xicos e medicamentos veterin\u00e1rios"},"content":{"rendered":"<p style=\"text-align: justify;\"><span style=\"font-size: 14pt;\">A comercializa\u00e7\u00e3o de agrot\u00f3xicos e medicamentos veterin\u00e1rios \u00e9 o principal alvo da Equipe 5 (Produtos Perigosos) da 7a etapa da Fiscaliza\u00e7\u00e3o Preventiva Integrada do Rio S\u00e3o Francisco (FPI do S\u00e3o Francisco). Nesta segunda-feira (15), cinco estabelecimentos foram fiscalizados entre Arapiraca e Cra\u00edbas. Desses, dois foram autuados por n\u00e3o possu\u00edrem licen\u00e7a ambiental.<\/span><\/p>\n<p style=\"text-align: justify;\"><span style=\"font-size: 14pt;\">&#8220;A grande preocupa\u00e7\u00e3o da FPI \u00e9 com o aumento do n\u00famero de casos de pessoas com c\u00e2ncer nas regi\u00f5es do Agreste e do Sert\u00e3o de Alagoas, causado pela exposi\u00e7\u00e3o inadequada a esses produtos&#8221;, explicou a coordena\u00e7\u00e3o do grupo.<\/span><\/p>\n<p style=\"text-align: justify;\"><span style=\"font-size: 14pt;\">&#8220;\u00c9 poss\u00edvel que essa contamina\u00e7\u00e3o aconte\u00e7a pela falta do uso de EPIs [equipamentos de prote\u00e7\u00e3o individual] e tamb\u00e9m pela aus\u00eancia de orienta\u00e7\u00e3o adequada de um profissional habilitado&#8221;, continuou.<\/span><\/p>\n<p style=\"text-align: justify;\"><span style=\"font-size: 14pt;\">A coordena\u00e7\u00e3o tamb\u00e9m esclareceu que para funcionar, o estabelecimento que pretende comercializar esse tipo de produto precisa, inicialmente, de uma licen\u00e7a ambiental para, em seguida, registrar-se na Ag\u00eancia de Defesa e Inspe\u00e7\u00e3o Agropecu\u00e1ria de Alagoas (Adeal), al\u00e9m de contar com um respons\u00e1vel t\u00e9cnico para orientar sobre a forma segura de utilizar os produtos.<\/span><\/p>\n<p style=\"text-align: justify;\"><span style=\"font-size: 14pt;\">&#8220;Para comprar esse tipo de produto, \u00e9 preciso possuir um receitu\u00e1rio. Outro grande problema \u00e9 a venda fracionada. \u00c9 extremamente perigoso manejar agrot\u00f3xicos sem o uso de EPIs. E com rela\u00e7\u00e3o \u00e0s embalagens, elas s\u00e3o completamente contaminadas pelo veneno e os fabricantes e comerciantes s\u00e3o os respons\u00e1veis pelo seu recolhimento e descarte adequado. O comprador deve lavar as embalagens e devolver no local de compra ou lugar indicado na nota fiscal&#8221;, explicou o coordenador.<\/span><\/p>\n<p style=\"text-align: justify;\"><span style=\"font-size: 14pt;\">No in\u00edcio da manh\u00e3 desta ter\u00e7a-feira (16), a Equipe 5 retomou o trabalho de fiscaliza\u00e7\u00e3o e visita outros estabelecimentos da regi\u00e3o.<\/span><\/p>\n","protected":false},"excerpt":{"rendered":"<p> [&hellip;]<\/p>\n","protected":false},"author":2,"featured_media":6427,"comment_status":"open","ping_status":"open","sticky":false,"template":"","format":"standard","meta":{"om_disable_all_campaigns":false,"_monsterinsights_skip_tracking":false,"_monsterinsights_sitenote_active":false,"_monsterinsights_sitenote_note":"","_monsterinsights_sitenote_category":0,"_uf_show_specific_survey":0,"_uf_disable_surveys":false,"footnotes":""},"categories":[38],"tags":[],"class_list":["post-6426","post","type-post","status-publish","format-standard","has-post-thumbnail","hentry","category-not_fpi"],"aioseo_notices":[],"_links":{"self":[{"href":"https:\/\/www.mpal.mp.br\/index.php?rest_route=\/wp\/v2\/posts\/6426","targetHints":{"allow":["GET"]}}],"collection":[{"href":"https:\/\/www.mpal.mp.br\/index.php?rest_route=\/wp\/v2\/posts"}],"about":[{"href":"https:\/\/www.mpal.mp.br\/index.php?rest_route=\/wp\/v2\/types\/post"}],"author":[{"embeddable":true,"href":"https:\/\/www.mpal.mp.br\/index.php?rest_route=\/wp\/v2\/users\/2"}],"replies":[{"embeddable":true,"href":"https:\/\/www.mpal.mp.br\/index.php?rest_route=%2Fwp%2Fv2%2Fcomments&post=6426"}],"version-history":[{"count":1,"href":"https:\/\/www.mpal.mp.br\/index.php?rest_route=\/wp\/v2\/posts\/6426\/revisions"}],"predecessor-version":[{"id":6428,"href":"https:\/\/www.mpal.mp.br\/index.php?rest_route=\/wp\/v2\/posts\/6426\/revisions\/6428"}],"wp:featuredmedia":[{"embeddable":true,"href":"https:\/\/www.mpal.mp.br\/index.php?rest_route=\/wp\/v2\/media\/6427"}],"wp:attachment":[{"href":"https:\/\/www.mpal.mp.br\/index.php?rest_route=%2Fwp%2Fv2%2Fmedia&parent=6426"}],"wp:term":[{"taxonomy":"category","embeddable":true,"href":"https:\/\/www.mpal.mp.br\/index.php?rest_route=%2Fwp%2Fv2%2Fcategories&post=6426"},{"taxonomy":"post_tag","embeddable":true,"href":"https:\/\/www.mpal.mp.br\/index.php?rest_route=%2Fwp%2Fv2%2Ftags&post=6426"}],"curies":[{"name":"wp","href":"https:\/\/api.w.org\/{rel}","templated":true}]}}