{"id":63885,"date":"2025-11-17T06:30:11","date_gmt":"2025-11-17T09:30:11","guid":{"rendered":"https:\/\/www.mpal.mp.br\/?p=63885"},"modified":"2025-11-15T12:43:27","modified_gmt":"2025-11-15T15:43:27","slug":"63885","status":"publish","type":"post","link":"https:\/\/www.mpal.mp.br\/?p=63885","title":{"rendered":"MPAL aju\u00edza a\u00e7\u00e3o civil p\u00fablica para anular acordo de coopera\u00e7\u00e3o que permitia trabalho de reeducandos em escolas p\u00fablicas e privadas"},"content":{"rendered":"<p style=\"text-align: justify;\"><span style=\"font-family: helvetica, arial, sans-serif; font-size: 12pt;\">O Minist\u00e9rio P\u00fablico do Estado de Alagoas (MPAL) ajuizou, na \u00faltima sexta-feira (14), uma a\u00e7\u00e3o civil p\u00fablica (ACP) com o objetivo de anular o Acordo de Coopera\u00e7\u00e3o n 10\/2016 entre a Secretaria de Estado da Educa\u00e7\u00e3o (Seduc) e a ent\u00e3o Secretaria de Ressocializa\u00e7\u00e3o e Inclus\u00e3o Social (Seris). Tal pacto, ainda vigente, autoriza que reeducandos do sistema prisional desempenhem atividades laborais em escolas p\u00fablicas e privadas do Estado, em fun\u00e7\u00f5es diversas, o que fere legisla\u00e7\u00f5es que tratam da prote\u00e7\u00e3o \u00e0 inf\u00e2ncia e \u00e0 adolesc\u00eancia.<\/span><\/p>\n<p style=\"text-align: justify;\"><span style=\"font-family: helvetica, arial, sans-serif; font-size: 12pt;\">Na ACP, os promotores de Justi\u00e7a Gustavo Arns, da 13a Promotoria de Justi\u00e7a da Inf\u00e2ncia e Juventude, e Lucas Sachsida, coordenador do N\u00facleo de Defesa da Educa\u00e7\u00e3o, argumentam que o acordo \u00e9 \u201cincompat\u00edvel com a legisla\u00e7\u00e3o educacional e com o marco legal de prote\u00e7\u00e3o integral da crian\u00e7a e do adolescente, ao permitir que pessoas j\u00e1 condenadas possam trabalhar em ambientes escolares sem a apresenta\u00e7\u00e3o de certid\u00f5es de antecedentes criminais\u201d, exig\u00eancia imposta por resolu\u00e7\u00f5es, normativas administrativas e pr\u00e1ticas consolidadas de seguran\u00e7a no \u00e2mbito educacional.<\/span><\/p>\n<p style=\"text-align: justify;\"><span style=\"font-family: helvetica, arial, sans-serif; font-size: 12pt;\">A peti\u00e7\u00e3o destaca que o conv\u00eanio, ao institucionalizar a dispensa dessa verifica\u00e7\u00e3o, contraria frontalmente obriga\u00e7\u00f5es legais e cria um cen\u00e1rio de risco, sobretudo porque \u201cinclui pessoas condenadas por crimes graves, inclusive crimes sexuais praticados contra crian\u00e7as e adolescentes\u201d \u2014 circunst\u00e2ncia indevidamente tolerada pelo instrumento questionado na a\u00e7\u00e3o.<\/span><\/p>\n<p style=\"text-align: justify;\"><strong><span style=\"font-family: helvetica, arial, sans-serif; font-size: 12pt;\">Risco \u00e0s escolas e viola\u00e7\u00e3o do princ\u00edpio da prote\u00e7\u00e3o integral<\/span><\/strong><\/p>\n<p style=\"text-align: justify;\"><span style=\"font-family: helvetica, arial, sans-serif; font-size: 12pt;\">Na a\u00e7\u00e3o, o Minist\u00e9rio P\u00fablico tamb\u00e9m alega que a prote\u00e7\u00e3o infantojuvenil constitui absoluta prioridade, conforme determina o artigo 227 da Constitui\u00e7\u00e3o Federal. \u201cAssim, qualquer pol\u00edtica p\u00fablica, incluindo iniciativas de ressocializa\u00e7\u00e3o e trabalho para reeducandos, deve respeitar barreiras m\u00ednimas de seguran\u00e7a, especialmente quando envolve espa\u00e7os educacionais, onde crian\u00e7as e adolescentes permanecem em per\u00edodo de conviv\u00eancia di\u00e1ria\u201d, explica Lucas Sachsida.<\/span><\/p>\n<p style=\"text-align: justify;\"><span style=\"font-family: helvetica, arial, sans-serif; font-size: 12pt;\">O MPAL salienta ainda que, embora reconhe\u00e7a a import\u00e2ncia social e jur\u00eddica das pol\u00edticas de reintegra\u00e7\u00e3o da popula\u00e7\u00e3o prisional, tais a\u00e7\u00f5es \u201cn\u00e3o podem se sobrepor \u00e0 seguran\u00e7a f\u00edsica, psicol\u00f3gica e emocional dos estudantes\u201d, e diz ainda que o acordo de 2016 padece de \u201cv\u00edcio grave\u201d, justamente por permitir que indiv\u00edduos condenados por crimes violentos e crimes sexuais trabalhem em postos de circula\u00e7\u00e3o e conviv\u00eancia dentro das unidades de ensino \u2014 sem nenhum filtro preventivo.<\/span><\/p>\n<p style=\"text-align: justify;\"><span style=\"font-family: helvetica, arial, sans-serif; font-size: 12pt;\">Para os promotores, a remi\u00e7\u00e3o de pena pelo trabalho n\u00e3o pode ser utilizada como justificativa para a supress\u00e3o de garantias essenciais previstas na legisla\u00e7\u00e3o educacional, especialmente aquelas que visam impedir que pessoas com antecedentes por crimes contra crian\u00e7as e adolescentes exer\u00e7am quaisquer fun\u00e7\u00f5es que as coloquem em contato com o p\u00fablico infantojuvenil.<\/span><\/p>\n<p style=\"text-align: justify;\"><strong><span style=\"font-family: helvetica, arial, sans-serif; font-size: 12pt;\">Aus\u00eancia de controle e falhas de fiscaliza\u00e7\u00e3o<\/span><\/strong><\/p>\n<p style=\"text-align: justify;\"><span style=\"font-family: helvetica, arial, sans-serif; font-size: 12pt;\">A ACP, por fim, aponta que o acordo de coopera\u00e7\u00e3o carece de mecanismos suficientes de fiscaliza\u00e7\u00e3o, n\u00e3o estabelece par\u00e2metros claros de sele\u00e7\u00e3o dos reeducandos e n\u00e3o prev\u00ea protocolos de seguran\u00e7a, acompanhamento ou comunica\u00e7\u00e3o com as dire\u00e7\u00f5es escolares. \u201cIsso faz com que as institui\u00e7\u00f5es de ensino n\u00e3o tenham conhecimento pr\u00e9vio definitivo sobre o perfil criminal dos trabalhadores enviados, nem sobre mecanismos de substitui\u00e7\u00e3o, responsabiliza\u00e7\u00e3o ou monitoramento. Portanto, o modelo vigente resulta em um risco institucionalizado, na medida em que transfere \u00e0 comunidade escolar a exposi\u00e7\u00e3o a potenciais situa\u00e7\u00f5es de vulnerabilidade, que poderiam ser evitadas mediante simples cumprimento das exig\u00eancias legais de verifica\u00e7\u00e3o documental e sele\u00e7\u00e3o adequada do pessoal contratado\u201d, pontuou Gustavo Arns.<\/span><\/p>\n<p style=\"text-align: justify;\"><strong><span style=\"font-family: helvetica, arial, sans-serif; font-size: 12pt;\">Pedidos da a\u00e7\u00e3o<\/span><\/strong><\/p>\n<p style=\"text-align: justify;\"><span style=\"font-family: helvetica, arial, sans-serif; font-size: 12pt;\">N9 bojo da a\u00e7\u00e3o civil p\u00fablica, o Minist\u00e9rio P\u00fablico requer a imediata anula\u00e7\u00e3o integral do acordo de coopera\u00e7\u00e3o firmado em 2016 entre a Seduc e a Seris; a determina\u00e7\u00e3o para que o Estado se abstenha de realocar reeducandos para atividades em escolas, p\u00fablicas ou privadas, enquanto n\u00e3o for editado novo instrumento em conformidade com as exig\u00eancias legais; a elabora\u00e7\u00e3o de crit\u00e9rios claros de sele\u00e7\u00e3o, com previs\u00e3o obrigat\u00f3ria de apresenta\u00e7\u00e3o de certid\u00f5es de antecedentes criminais gerais e espec\u00edficas; e. cria\u00e7\u00e3o de protocolos de seguran\u00e7a e comunica\u00e7\u00e3o para qualquer futura parceria envolvendo trabalhadores privados de liberdade.<\/span><\/p>\n<p style=\"text-align: justify;\"><span style=\"font-family: helvetica, arial, sans-serif; font-size: 12pt;\">O processo seguir\u00e1 agora para an\u00e1lise do Poder Judici\u00e1rio.<\/span><\/p>\n","protected":false},"excerpt":{"rendered":"<p> [&hellip;]<\/p>\n","protected":false},"author":17,"featured_media":21991,"comment_status":"open","ping_status":"open","sticky":false,"template":"","format":"standard","meta":{"om_disable_all_campaigns":false,"_monsterinsights_skip_tracking":false,"_monsterinsights_sitenote_active":false,"_monsterinsights_sitenote_note":"","_monsterinsights_sitenote_category":0,"_uf_show_specific_survey":0,"_uf_disable_surveys":false,"footnotes":""},"categories":[51,2],"tags":[],"class_list":["post-63885","post","type-post","status-publish","format-standard","has-post-thumbnail","hentry","category-not_educacao","category-not_mpal"],"aioseo_notices":[],"_links":{"self":[{"href":"https:\/\/www.mpal.mp.br\/index.php?rest_route=\/wp\/v2\/posts\/63885","targetHints":{"allow":["GET"]}}],"collection":[{"href":"https:\/\/www.mpal.mp.br\/index.php?rest_route=\/wp\/v2\/posts"}],"about":[{"href":"https:\/\/www.mpal.mp.br\/index.php?rest_route=\/wp\/v2\/types\/post"}],"author":[{"embeddable":true,"href":"https:\/\/www.mpal.mp.br\/index.php?rest_route=\/wp\/v2\/users\/17"}],"replies":[{"embeddable":true,"href":"https:\/\/www.mpal.mp.br\/index.php?rest_route=%2Fwp%2Fv2%2Fcomments&post=63885"}],"version-history":[{"count":3,"href":"https:\/\/www.mpal.mp.br\/index.php?rest_route=\/wp\/v2\/posts\/63885\/revisions"}],"predecessor-version":[{"id":63888,"href":"https:\/\/www.mpal.mp.br\/index.php?rest_route=\/wp\/v2\/posts\/63885\/revisions\/63888"}],"wp:featuredmedia":[{"embeddable":true,"href":"https:\/\/www.mpal.mp.br\/index.php?rest_route=\/wp\/v2\/media\/21991"}],"wp:attachment":[{"href":"https:\/\/www.mpal.mp.br\/index.php?rest_route=%2Fwp%2Fv2%2Fmedia&parent=63885"}],"wp:term":[{"taxonomy":"category","embeddable":true,"href":"https:\/\/www.mpal.mp.br\/index.php?rest_route=%2Fwp%2Fv2%2Fcategories&post=63885"},{"taxonomy":"post_tag","embeddable":true,"href":"https:\/\/www.mpal.mp.br\/index.php?rest_route=%2Fwp%2Fv2%2Ftags&post=63885"}],"curies":[{"name":"wp","href":"https:\/\/api.w.org\/{rel}","templated":true}]}}