{"id":6320,"date":"2021-11-04T09:12:36","date_gmt":"2021-11-04T12:12:36","guid":{"rendered":"https:\/\/www.mpal.mp.br\/?p=6320"},"modified":"2022-05-26T09:12:45","modified_gmt":"2022-05-26T12:12:45","slug":"urgencia-ministerio-publico-cobra-da-prefeitura-de-maceio-providencias-definitivas-para-o-residencial-bella-vista","status":"publish","type":"post","link":"https:\/\/www.mpal.mp.br\/?p=6320","title":{"rendered":"Urg\u00eancia: Minist\u00e9rio P\u00fablico cobra da Prefeitura de Macei\u00f3 provid\u00eancias definitivas para o Residencial Bella Vista"},"content":{"rendered":"<p class=\"western\" style=\"text-align: justify;\" align=\"justify\" data-raofz=\"14\"><span style=\"font-size: 14pt;\">Mais um pedido de socorro da sociedade e mais uma a\u00e7\u00e3o do Minist\u00e9rio P\u00fablico do Estado de Alagoas (MPAL) para que direitos sejam respeitados. Ap\u00f3s receber novas den\u00fancias advindas dos moradores do Residencial Bella Vista, no bairro do Jacintinho, em Macei\u00f3, o promotor de Justi\u00e7a, Jorge D\u00f3ria, titular da 66\u00aa Promotoria de Justi\u00e7a da Capital, enviou of\u00edcio \u00e0 Secretaria Municipal de Infraestrutura (Seminfra) com reabertura do Procedimento Administrativo n\u00ba 09.2018.00000575-4 para, num prazo de 15 dias, apresentar relat\u00f3rio informando sobre as medidas cab\u00edveis adotadas.<\/span><\/p>\n<p class=\"western\" style=\"text-align: justify;\" align=\"justify\" data-raofz=\"14\"><span style=\"font-size: 14pt;\">Os moradores temem que ocorra uma cat\u00e1strofe diante do deslizamento continuado da barreira ao redor. Segundo imagens disponibilizadas pelos cond\u00f4minos, h\u00e1 uma cratera e o receio de que os blocos sejam tragados.<\/span><\/p>\n<p class=\"western\" style=\"text-align: justify;\" align=\"justify\" data-raofz=\"14\"><span style=\"font-size: 14pt;\">\u201cO Minist\u00e9rio P\u00fablico acompanha esse caso e havia sido feito o arquivamento do procedimento administrativo porque, na \u00faltima recomenda\u00e7\u00e3o, o poder p\u00fablico informou que tudo estava sob controle, ou seja, que as obras de drenagem e conten\u00e7\u00e3o da barreira estavam sendo feitas e que n\u00e3o haveriam mais riscos eminentes. No entanto, fomos surpreendidos mais uma vez com den\u00fancias de moradores que est\u00e3o em polvorosa\u201d, ressalta o promotor D\u00f3ria.<\/span><\/p>\n<p class=\"western\" style=\"text-align: justify;\" align=\"justify\" data-raofz=\"14\"><span style=\"font-size: 14pt;\">O Minist\u00e9rio P\u00fablico requer que toda as a\u00e7\u00f5es sejam elencadas, e detalhadas, para posterior constata\u00e7\u00e3o in loco.<\/span><\/p>\n<p class=\"western\" style=\"text-align: justify;\" align=\"justify\" data-raofz=\"14\"><span style=\"font-size: 14pt;\">\u201cAntes havia a informa\u00e7\u00e3o de que tudo estava estabilizado, mas com as novas den\u00fancias decidimos desarquivar o procedimento e requisitei que, no prazo de 15 dias, a Seminfra nos remeta um relat\u00f3rio circunstanciado que comprove as a\u00e7\u00f5es definitivas para o problema e aguardamos a resposta. Diante do que nos for enviado, poderemos entrar com a\u00e7\u00e3o para resolver o caso \u201d, conclui o promotor.<\/span><\/p>\n<p class=\"western\" style=\"text-align: justify;\" align=\"justify\" data-raofz=\"14\"><span style=\"font-size: 14pt;\">O prazo de 15 dias, dado \u00e0 Seminfra, conforme Of\u00edcio n\u00ba 125\/2021 foi a partir do dia 18 de Outubro.<\/span><\/p>\n<ul>\n<li style=\"text-align: justify;\" data-raofz=\"14\"><span style=\"font-size: 14pt;\">Fotos fornecidas pelo\u00a0 s\u00edndico Cl\u00e1udio Calheiros<\/span><\/li>\n<\/ul>\n","protected":false},"excerpt":{"rendered":"<p> [&hellip;]<\/p>\n","protected":false},"author":1,"featured_media":6321,"comment_status":"open","ping_status":"open","sticky":false,"template":"","format":"standard","meta":{"om_disable_all_campaigns":false,"_monsterinsights_skip_tracking":false,"_monsterinsights_sitenote_active":false,"_monsterinsights_sitenote_note":"","_monsterinsights_sitenote_category":0,"_uf_show_specific_survey":0,"_uf_disable_surveys":false,"footnotes":""},"categories":[2],"tags":[],"class_list":["post-6320","post","type-post","status-publish","format-standard","has-post-thumbnail","hentry","category-not_mpal"],"aioseo_notices":[],"_links":{"self":[{"href":"https:\/\/www.mpal.mp.br\/index.php?rest_route=\/wp\/v2\/posts\/6320","targetHints":{"allow":["GET"]}}],"collection":[{"href":"https:\/\/www.mpal.mp.br\/index.php?rest_route=\/wp\/v2\/posts"}],"about":[{"href":"https:\/\/www.mpal.mp.br\/index.php?rest_route=\/wp\/v2\/types\/post"}],"author":[{"embeddable":true,"href":"https:\/\/www.mpal.mp.br\/index.php?rest_route=\/wp\/v2\/users\/1"}],"replies":[{"embeddable":true,"href":"https:\/\/www.mpal.mp.br\/index.php?rest_route=%2Fwp%2Fv2%2Fcomments&post=6320"}],"version-history":[{"count":1,"href":"https:\/\/www.mpal.mp.br\/index.php?rest_route=\/wp\/v2\/posts\/6320\/revisions"}],"predecessor-version":[{"id":6322,"href":"https:\/\/www.mpal.mp.br\/index.php?rest_route=\/wp\/v2\/posts\/6320\/revisions\/6322"}],"wp:featuredmedia":[{"embeddable":true,"href":"https:\/\/www.mpal.mp.br\/index.php?rest_route=\/wp\/v2\/media\/6321"}],"wp:attachment":[{"href":"https:\/\/www.mpal.mp.br\/index.php?rest_route=%2Fwp%2Fv2%2Fmedia&parent=6320"}],"wp:term":[{"taxonomy":"category","embeddable":true,"href":"https:\/\/www.mpal.mp.br\/index.php?rest_route=%2Fwp%2Fv2%2Fcategories&post=6320"},{"taxonomy":"post_tag","embeddable":true,"href":"https:\/\/www.mpal.mp.br\/index.php?rest_route=%2Fwp%2Fv2%2Ftags&post=6320"}],"curies":[{"name":"wp","href":"https:\/\/api.w.org\/{rel}","templated":true}]}}