{"id":6317,"date":"2021-11-05T09:10:45","date_gmt":"2021-11-05T12:10:45","guid":{"rendered":"https:\/\/www.mpal.mp.br\/?p=6317"},"modified":"2022-05-26T09:10:57","modified_gmt":"2022-05-26T12:10:57","slug":"pgj-marcio-roberto-e-ampal-homenageiam-deputados-que-rejeitaram-a-pec-que-enfraqueceria-atuacao-do-mp-brasileiro","status":"publish","type":"post","link":"https:\/\/www.mpal.mp.br\/?p=6317","title":{"rendered":"PGJ M\u00e1rcio Roberto e Ampal homenageiam deputados que rejeitaram a PEC que enfraqueceria atua\u00e7\u00e3o do MP brasileiro"},"content":{"rendered":"<p style=\"text-align: justify;\" align=\"justify\" data-raofz=\"14\"><span style=\"font-size: 14pt;\" data-raofz=\"13\">O procurador-geral de Justi\u00e7a, M\u00e1rcio Roberto Ten\u00f3rio de Albuquerque, e a Associa\u00e7\u00e3o do Minist\u00e9rio P\u00fablico de Alagoas (Ampal), por meio do seu presidente, promotor de Justi\u00e7a Roberto Salom\u00e3o, homenagearam, nesta sexta-feira (5), os deputados federais alagoanos Teresa Nelma e Pedro Vilela, que votaram contra a PEC n\u00ba 05\/21 que tramitava no Congresso Nacional e pretendia enfraquecer a atua\u00e7\u00e3o do Minist\u00e9rio P\u00fablico Brasileiro.<\/span><\/p>\n<p style=\"text-align: justify;\" align=\"justify\" data-raofz=\"14\"><span style=\"font-size: 14pt;\" data-raofz=\"13\">\u201cHoje, ao lado do presidente da Ampal, Roberto Salom\u00e3o, e dos promotores de Justi\u00e7a Humberto Bulh\u00f5es e Edelzito Andrade, recebemos a deputada federal Telma Nelma. A convite nosso, ela compareceu ao \u00f3rg\u00e3o para receber uma singela homenagem que decidimos prestar aos dois parlamentares alagoanos que estiveram nas trincheiras, ao lado do Minist\u00e9rio P\u00fablico, contra a \u2018PEC da Vingan\u00e7a\u2019. Na ocasi\u00e3o, externamos os nossos agradecimentos a ela e ao deputado Pedro Viela que, representando a bancada alagoana, entenderam os males que aquela proposta causariam \u00e0 institui\u00e7\u00e3o, restringindo a atua\u00e7\u00e3o funcional de promotores e procuradores de Justi\u00e7a e colocando entre os conselheiros do CNMP mais integrantes que ocupariam acento naquele colegiado atrav\u00e9s de indica\u00e7\u00e3o pol\u00edtica\u201d, declarou M\u00e1rcio Roberto Ten\u00f3rio de Albuquerque.<\/span><\/p>\n<p style=\"text-align: justify;\" align=\"justify\" data-raofz=\"14\"><span style=\"font-size: 14pt;\" data-raofz=\"13\">\u201cA entrega dessa homenagem foi um sincero reconhecimento do nosso Minist\u00e9rio P\u00fablico e da Ampal \u00e0 luta dos deputados que defenderam a independ\u00eancia do bravo MP em todo o pa\u00eds. Todas as unidades do Minist\u00e9rio P\u00fablico do Brasil s\u00e3o gratas aos parlamentares que defenderam a nossa independ\u00eancia\u201d, acrescentou ele.<\/span><\/p>\n<p style=\"text-align: justify;\" align=\"left\" data-raofz=\"14\"><span style=\"font-size: 14pt;\" data-raofz=\"13\">O presidente da Ampal tamb\u00e9m falou sobre a homenagem. \u201cSabemos que a Teresa Nelma \u00e9 uma mulher que tem sua hist\u00f3ria de vida pautada em lutas sociais, ent\u00e3o, n\u00e3o poder\u00edamos esperar dela outra postura. Seu desempenho foi not\u00e1vel em favor do Minist\u00e9rio P\u00fablico e precisamos fazer esse reconhecimento, quem acompanhado de um grande sentimento de gratid\u00e3o\u201d, afirmou Roberto Salom\u00e3o.<\/span><\/p>\n<p style=\"text-align: justify;\" align=\"left\" data-raofz=\"14\"><span style=\"font-size: 14pt;\" data-raofz=\"13\">O deputado Pedro Vilela n\u00e3o p\u00f4de comparecer ao MPAL porque est\u00e1 em compromisso oficial fora de Alagoas.\u00a0<\/span><\/p>\n<p style=\"text-align: justify;\" data-raofz=\"14\"><span style=\"font-size: 14pt;\" data-raofz=\"13\"><b>O agradecimento \u00e0 homenagem<\/b><\/span><\/p>\n<p style=\"text-align: justify;\" data-raofz=\"14\"><span style=\"font-size: 14pt;\" data-raofz=\"13\">\u201cEu fico feliz, surpresa e grata com essa homenagem, ela muito me honra. Quero dizer que fazer pol\u00edtica n\u00e3o \u00e9 f\u00e1cil. Muitas vezes, precisamos contrariar interesses, mas, eu jamais trairia os meus princ\u00edpios votando em favor de uma projeto que mutilaria o Minist\u00e9rio P\u00fablico. \u00c9 essa institui\u00e7\u00e3o que defende direitos e que assegura o exerc\u00edcio da cidadania, por isso, eu votei contra a PEC da Vingan\u00e7a. Saiba o MP de Alagoas que poder\u00e1 contar sempre com a minha atua\u00e7\u00e3o parlamentar\u201d, disse ela.<\/span><\/p>\n<p style=\"text-align: justify;\" align=\"justify\" data-raofz=\"14\"><span style=\"font-size: 14pt;\" data-raofz=\"13\">Em 20 de outubro \u00faltimo, por 297 votos favor\u00e1veis e 182 contr\u00e1rios, a C\u00e2mara dos Deputados rejeitou a proposta de emenda \u00e0 Constitui\u00e7\u00e3o (PEC) n\u00ba 5 , que tinha a finalidade dar ao Conselho Nacional do Minist\u00e9rio P\u00fablico (CNMP) o poder de desfazer procedimentos e atos processuais de promotores e procuradores de Justi\u00e7a, o que, na pr\u00e1tica, iria significar uma total inger\u00eancia na atua\u00e7\u00e3o funcional daqueles que trabalham para combater o crime e salvaguardar direitos sociais.<\/span><\/p>\n","protected":false},"excerpt":{"rendered":"<p> [&hellip;]<\/p>\n","protected":false},"author":1,"featured_media":6318,"comment_status":"open","ping_status":"open","sticky":false,"template":"","format":"standard","meta":{"om_disable_all_campaigns":false,"_monsterinsights_skip_tracking":false,"_monsterinsights_sitenote_active":false,"_monsterinsights_sitenote_note":"","_monsterinsights_sitenote_category":0,"_uf_show_specific_survey":0,"_uf_disable_surveys":false,"footnotes":""},"categories":[2],"tags":[],"class_list":["post-6317","post","type-post","status-publish","format-standard","has-post-thumbnail","hentry","category-not_mpal"],"aioseo_notices":[],"_links":{"self":[{"href":"https:\/\/www.mpal.mp.br\/index.php?rest_route=\/wp\/v2\/posts\/6317","targetHints":{"allow":["GET"]}}],"collection":[{"href":"https:\/\/www.mpal.mp.br\/index.php?rest_route=\/wp\/v2\/posts"}],"about":[{"href":"https:\/\/www.mpal.mp.br\/index.php?rest_route=\/wp\/v2\/types\/post"}],"author":[{"embeddable":true,"href":"https:\/\/www.mpal.mp.br\/index.php?rest_route=\/wp\/v2\/users\/1"}],"replies":[{"embeddable":true,"href":"https:\/\/www.mpal.mp.br\/index.php?rest_route=%2Fwp%2Fv2%2Fcomments&post=6317"}],"version-history":[{"count":1,"href":"https:\/\/www.mpal.mp.br\/index.php?rest_route=\/wp\/v2\/posts\/6317\/revisions"}],"predecessor-version":[{"id":6319,"href":"https:\/\/www.mpal.mp.br\/index.php?rest_route=\/wp\/v2\/posts\/6317\/revisions\/6319"}],"wp:featuredmedia":[{"embeddable":true,"href":"https:\/\/www.mpal.mp.br\/index.php?rest_route=\/wp\/v2\/media\/6318"}],"wp:attachment":[{"href":"https:\/\/www.mpal.mp.br\/index.php?rest_route=%2Fwp%2Fv2%2Fmedia&parent=6317"}],"wp:term":[{"taxonomy":"category","embeddable":true,"href":"https:\/\/www.mpal.mp.br\/index.php?rest_route=%2Fwp%2Fv2%2Fcategories&post=6317"},{"taxonomy":"post_tag","embeddable":true,"href":"https:\/\/www.mpal.mp.br\/index.php?rest_route=%2Fwp%2Fv2%2Ftags&post=6317"}],"curies":[{"name":"wp","href":"https:\/\/api.w.org\/{rel}","templated":true}]}}