{"id":6292,"date":"2021-11-08T09:09:08","date_gmt":"2021-11-08T12:09:08","guid":{"rendered":"https:\/\/www.mpal.mp.br\/?p=6292"},"modified":"2022-05-26T09:09:18","modified_gmt":"2022-05-26T12:09:18","slug":"ldo-e-loa-mpal-ajuiza-acao-para-que-camara-municipal-de-maceio-aprecie-com-urgencias-as-duas-leis","status":"publish","type":"post","link":"https:\/\/www.mpal.mp.br\/?p=6292","title":{"rendered":"LDO e LOA: MPAL aju\u00edza a\u00e7\u00e3o para que C\u00e2mara Municipal de Macei\u00f3 aprecie com urg\u00eancias as duas leis"},"content":{"rendered":"<p style=\"text-align: justify;\" align=\"justify\" data-raofz=\"14\"><span style=\"font-size: 14pt;\" data-raofz=\"13\">O Minist\u00e9rio P\u00fablico do Estado de Alagoas (MPAL) ajuizou a\u00e7\u00e3o civil p\u00fablica (ACP), no \u00faltimo dia 3, contra a C\u00e2mara Municipal de Macei\u00f3 em raz\u00e3o daquele parlamento n\u00e3o ter apreciado, at\u00e9 agora, a Lei de Diretrizes Or\u00e7ament\u00e1rias (LDO) e a Lei Or\u00e7ament\u00e1ria Anual (LOA) 2022, importantes instrumentos para a execu\u00e7\u00e3o de pol\u00edticas p\u00fablicas por parte do Poder Executivo. O Judici\u00e1rio acatou o pedido formulado pela 15\u00aa Promotoria de Justi\u00e7a da Capital \u2013 Fazenda P\u00fablica Municipal \u2013 e determinou que o presidente da Casa de M\u00e1rio Guimar\u00e3es, vereador Galba Novais de Castro Neto, ponha ambos os projetos em vota\u00e7\u00e3o de forma imediata, sob pena de multa di\u00e1ria de R$ 1 mil.<\/span><\/p>\n<p style=\"text-align: justify;\" align=\"justify\" data-raofz=\"14\"><span style=\"font-size: 14pt;\" data-raofz=\"13\">De acordo com a promotora de Justi\u00e7a Fernanda Moreira, autora da ACP, a LDO est\u00e1 parada no Legislativo desde 14 de maio deste ano. \u201cAntes de fazermos a propositura da a\u00e7\u00e3o, expedimos a Recomenda\u00e7\u00e3o n\u00ba 06\/2021, em setembro \u00faltimo, para tentarmos resolver o problema extrajudicialmente, no entanto, a C\u00e2mara resistiu em acatar a nossa orienta\u00e7\u00e3o. Vale destacar que a mensagem n\u00ba 54\/21, onde consta a Lei de Diretrizes Or\u00e7ament\u00e1rias, foi publicada no di\u00e1rio oficial no dia 17 de maio deste ano, tendo chegado \u00e0 C\u00e2mara Municipal logo em seguida. Ou seja, j\u00e1 s\u00e3o seis meses com o projeto parado, e isso imp\u00f5e dificuldades \u00e0 prefeitura para que ela possa organizar o seu planejamento para o ano que vem. Inclusive, a Lei Or\u00e7ament\u00e1ria Anual (LOA), que tamb\u00e9m j\u00e1 foi encaminhada \u00e0quela Casa em outubro, s\u00f3 pode ser discutida ap\u00f3s a aprova\u00e7\u00e3o da LDO. Ou seja, as duas est\u00e3o paralisadas\u201d, ressaltou ela.<\/span><\/p>\n<p style=\"text-align: justify;\" align=\"justify\" data-raofz=\"14\"><span style=\"font-size: 14pt;\" data-raofz=\"13\">\u201cChamo aten\u00e7\u00e3o para o fato de que s\u00e3o a LDO e a LOA que definem as prioridades\u00a0de\u00a0quanto e onde gastar o dinheiro p\u00fablico no per\u00edodo de um ano. Constitucionalmente, elas devem ser apresentadas e votadas no in\u00edcio e no meio do ano, primeiro e segundo semestre, respectivamente.\u00a0E isso ocorre porque o planejamento do munic\u00edpio deve ser feito com anteced\u00eancia,\u00a0no entanto, com essa demora\u00a0da aprecia\u00e7\u00e3o por parte da C\u00e2mara, o or\u00e7amento de Macei\u00f3 acaba sendo prejudicado\u201d,\u00a0frisou Fernanda Moreira.<\/span><\/p>\n<p style=\"text-align: justify;\" align=\"justify\" data-raofz=\"14\"><span style=\"font-size: 14pt;\"><strong>Preju\u00edzo \u00e0 sociedade<\/strong><\/span><\/p>\n<p style=\"text-align: justify;\" align=\"justify\" data-raofz=\"14\"><span style=\"font-size: 14pt;\" data-raofz=\"13\">Para o Minist\u00e9rio P\u00fablico, N\u00e3o h\u00e1 justificativa plaus\u00edvel para a C\u00e2mara estar adiando essas duas vota\u00e7\u00f5es. \u201cEstamos praticamente no final do ano e, at\u00e9 agora, nada, o que se configura num verdadeiro absurdo. Quero alertar que a n\u00e3o aprova\u00e7\u00e3o da LDO e da LOA resulta em grandes preju\u00edzos no tocante \u00e0 materializa\u00e7\u00e3o de pol\u00edticas p\u00fablicas, fiscaliza\u00e7\u00e3o e controle eficiente dos gastos p\u00fablicos. Por tudo isso, ajuizamos a\u00e7\u00e3o e tivemos decis\u00e3o favor\u00e1vel do Poder Judici\u00e1rio\u201d, afirmou a promotora de Justi\u00e7a Fernanda Moreira.<\/span><\/p>\n","protected":false},"excerpt":{"rendered":"<p> [&hellip;]<\/p>\n","protected":false},"author":1,"featured_media":6314,"comment_status":"open","ping_status":"open","sticky":false,"template":"","format":"standard","meta":{"om_disable_all_campaigns":false,"_monsterinsights_skip_tracking":false,"_monsterinsights_sitenote_active":false,"_monsterinsights_sitenote_note":"","_monsterinsights_sitenote_category":0,"_uf_show_specific_survey":0,"_uf_disable_surveys":false,"footnotes":""},"categories":[2],"tags":[],"class_list":["post-6292","post","type-post","status-publish","format-standard","has-post-thumbnail","hentry","category-not_mpal"],"aioseo_notices":[],"_links":{"self":[{"href":"https:\/\/www.mpal.mp.br\/index.php?rest_route=\/wp\/v2\/posts\/6292","targetHints":{"allow":["GET"]}}],"collection":[{"href":"https:\/\/www.mpal.mp.br\/index.php?rest_route=\/wp\/v2\/posts"}],"about":[{"href":"https:\/\/www.mpal.mp.br\/index.php?rest_route=\/wp\/v2\/types\/post"}],"author":[{"embeddable":true,"href":"https:\/\/www.mpal.mp.br\/index.php?rest_route=\/wp\/v2\/users\/1"}],"replies":[{"embeddable":true,"href":"https:\/\/www.mpal.mp.br\/index.php?rest_route=%2Fwp%2Fv2%2Fcomments&post=6292"}],"version-history":[{"count":1,"href":"https:\/\/www.mpal.mp.br\/index.php?rest_route=\/wp\/v2\/posts\/6292\/revisions"}],"predecessor-version":[{"id":6316,"href":"https:\/\/www.mpal.mp.br\/index.php?rest_route=\/wp\/v2\/posts\/6292\/revisions\/6316"}],"wp:featuredmedia":[{"embeddable":true,"href":"https:\/\/www.mpal.mp.br\/index.php?rest_route=\/wp\/v2\/media\/6314"}],"wp:attachment":[{"href":"https:\/\/www.mpal.mp.br\/index.php?rest_route=%2Fwp%2Fv2%2Fmedia&parent=6292"}],"wp:term":[{"taxonomy":"category","embeddable":true,"href":"https:\/\/www.mpal.mp.br\/index.php?rest_route=%2Fwp%2Fv2%2Fcategories&post=6292"},{"taxonomy":"post_tag","embeddable":true,"href":"https:\/\/www.mpal.mp.br\/index.php?rest_route=%2Fwp%2Fv2%2Ftags&post=6292"}],"curies":[{"name":"wp","href":"https:\/\/api.w.org\/{rel}","templated":true}]}}