{"id":6286,"date":"2021-11-09T08:52:03","date_gmt":"2021-11-09T11:52:03","guid":{"rendered":"https:\/\/www.mpal.mp.br\/?p=6286"},"modified":"2022-05-26T08:52:31","modified_gmt":"2022-05-26T11:52:31","slug":"cartilha-contra-a-corrupcao-do-mpal-sera-aplicada-para-estudantes-da-universidade-estadual-de-alagoas","status":"publish","type":"post","link":"https:\/\/www.mpal.mp.br\/?p=6286","title":{"rendered":"Cartilha contra a corrup\u00e7\u00e3o do MPAL ser\u00e1 aplicada para estudantes da Universidade Estadual de Alagoas"},"content":{"rendered":"<p style=\"text-align: justify;\" data-raofz=\"14\"><span style=\"font-size: 14pt;\">O Minist\u00e9rio P\u00fablico do Estado de Alagoas (MPAL) e a Universidade Estadual de Alagoas (Uneal) assinaram, nesta ter\u00e7a-feira (9), um termo de parceria para que aquela institui\u00e7\u00e3o de ensino aplique a cartilha \u201cSou do bem, digo n\u00e3o \u00e0 corrup\u00e7\u00e3o!\u201d em atividades de educacionais junto ao seu corpo de alunos. O documento, produzido pelas 18\u00aa e 21\u00aa Promotorias de Justi\u00e7a da capital com o apoio da Procuradoria-Geral de Justi\u00e7a, traz os conceitos b\u00e1sicos sobre o crime de corrup\u00e7\u00e3o e as puni\u00e7\u00f5es previstas em lei para combater esse il\u00edcito penal.<\/span><\/p>\n<p style=\"text-align: justify;\" data-raofz=\"14\"><span style=\"font-size: 14pt;\">O conv\u00eanio foi assinado pelo procurador-geral de Justi\u00e7a, M\u00e1rcio Roberto Ten\u00f3rio de Albuquerque, pela promotora de Justi\u00e7a autora da cartilha, Stela Val\u00e9ria Cavalcanti, pelo reitor da Uneal, Odilon M\u00e1ximo de Morais e pela professora Nat\u00e9rcia Lopes, que coordenar\u00e1 o projeto na UNEAL.<\/span><\/p>\n<p style=\"text-align: justify;\" data-raofz=\"14\"><span style=\"font-size: 14pt;\">No momento da assinatura, o chefe do Minist\u00e9rio P\u00fablico falou da import\u00e2ncia da dissemina\u00e7\u00e3o da cartilha. \u201cA corrup\u00e7\u00e3o \u00e9 um assunto sempre debatido e noticiado, mas, sobretudo quando se refere a pequenos atos do dia a dia, ainda \u00e9 tratado como se fosse algo natural, aceit\u00e1vel e inofensivo. Condutas como a do aluno que paga a um colega para elaborar seu trabalho de escola, do servidor p\u00fablico que utiliza o carro da reparti\u00e7\u00e3o para satisfa\u00e7\u00e3o de suas necessidades particulares ou do gestor\/funcion\u00e1rio que, no final do ano, recebe presentes de pessoas que t\u00eam interesses de ser beneficiadas por a\u00e7\u00f5es ou omiss\u00f5es do agente p\u00fablico, s\u00e3o atitudes que podem configurar corrup\u00e7\u00e3o. Ent\u00e3o, precisamos instruir a popula\u00e7\u00e3o de que essas condutas s\u00e3o anti\u00e9ticas e imorais, podendo, inclusive, gerar uma consequ\u00eancia grave para quem as pratica. E termos a Uneal parceira nesse processo de conscientiza\u00e7\u00e3o ser\u00e1 fundamental para alcan\u00e7armos esse objetivo\u201d, afirmou M\u00e1rcio Roberto Ten\u00f3rio de Albuquerque.<\/span><\/p>\n<p style=\"text-align: justify;\" data-raofz=\"14\"><span style=\"font-size: 14pt;\">Idealizada em 2019, a cartilha est\u00e1 alinhada com o objetivo estrat\u00e9gico n\u00ba 2 do Minist\u00e9rio P\u00fablico, que fala sobre a necessidade de se defender o patrim\u00f4nio p\u00fablico, atuando na preven\u00e7\u00e3o dos atos de improbidade administrativa. \u201cEssa \u00e9 uma iniciativa que criou e implementou um projeto educativo, destinado \u00e0 sociedade em geral, em especial no interior do estado de Alagoas, com a finalidade de prestar esclarecimentos acerca de condutas \u00edmprobas e fomentar as den\u00fancias. Queremos o cidad\u00e3o entenda que a maioria desses atos gera enriquecimentos il\u00edcitos, causa danos ao er\u00e1rio e viola princ\u00edpios que regem a administra\u00e7\u00e3o p\u00fablica. E este conv\u00eanio nos ajudar\u00e1 na dissemina\u00e7\u00e3o desses conceitos\u201d, explicou Stela Val\u00e9ria.<\/span><\/p>\n<p style=\"text-align: justify;\" data-raofz=\"14\"><span style=\"font-size: 14pt;\">De acordo com o reitor da Uneal, a cartilha far\u00e1 parte da matriz curricular dos alunos e futuros docentes do estado de Alagoas. \u201c\u00c9 uma felicidade para n\u00f3s podermos inserir esse tema dentro da grande de ensino ofertada pela universidade. A corrup\u00e7\u00e3o, desde aqueles atos considerados erroneamente mais inofensivos at\u00e9 os que lesionam o er\u00e1rio p\u00fablico em maiores propor\u00e7\u00f5es, \u00e9 um grande mal que continua gerando problemas sociais imensur\u00e1veis ao Brasil. Discutir esse tema e fazer com que os nossos professores em forma\u00e7\u00e3o aprendem um pouco mais sobre isso vai ser fundamental para que eles ajudam na forma\u00e7\u00e3o do car\u00e1ter do seus futuros alunos\u201d, disse Odilon M\u00e1ximo de Morais.<\/span><\/p>\n<p style=\"text-align: justify;\" data-raofz=\"14\"><span style=\"font-size: 14pt;\">A professora adjunta da Uneal, Nat\u00e9rcia Lopes, ficar\u00e1 respons\u00e1vel por coordenar as atividades da cartilha junto aos corpo docente. \u201cA Universidade Estadual de Alagoas tem polos distribu\u00eddos em seis munic\u00edpios, com milhares de alunos, ent\u00e3o, a cartilha alcan\u00e7ar\u00e1 todo esse p\u00fablico, a come\u00e7ar pelos acad\u00eamicos do curso de Matem\u00e1tica. E fomentar a discuss\u00e3o sobre a corrup\u00e7\u00e3o junto a eles ser\u00e1 important\u00edssimo na forma\u00e7\u00e3o desses professores, afinal, uma institui\u00e7\u00e3o de ensino superior tamb\u00e9m tem a obriga\u00e7\u00e3o de fornecer temas transversais capazes de provocar a mudan\u00e7a na sociedade\u201d, defendeu ela.<\/span><\/p>\n<p style=\"text-align: justify;\" data-raofz=\"14\"><span style=\"font-size: 14pt;\">O uso da cartilha<\/span><\/p>\n<p style=\"text-align: justify;\" data-raofz=\"14\"><span style=\"font-size: 14pt;\">A cartilha \u201cSou do bem, digo n\u00e3o \u00e0 corrup\u00e7\u00e3o!\u201d ser\u00e1 utilizada em em atividades educativas, presenciais ou virtuais, realizadas pela Universidade Estadual de Alagoas. A institui\u00e7\u00e3o, inclusive, poder\u00e1 reproduzi-la em meio f\u00edsico ou digital, se assim entender necess\u00e1rio.<\/span><\/p>\n<p style=\"text-align: justify;\" data-raofz=\"14\"><span style=\"font-size: 14pt;\">O termo de parceria ter\u00e1 vig\u00eancia de 12 meses, a contar da data de hoje, podendo ser prorrogado, desde que haja interesse das partes envolvidas.<\/span><\/p>\n<p style=\"text-align: justify;\" data-raofz=\"14\"><span style=\"font-size: 14pt;\">Live<\/span><\/p>\n<p style=\"text-align: justify;\" data-raofz=\"14\"><span style=\"font-size: 14pt;\">E j\u00e1 no pr\u00f3ximo dia 30, haver\u00e1 uma live com a participa\u00e7\u00e3o da promotora Stela Cavalcanti e da equipe do projeto da Uneal.<\/span><\/p>\n<p style=\"text-align: justify;\" data-raofz=\"14\"><span style=\"font-size: 14pt;\">Al\u00e9m disso, foi criado o perfil do Instagram @naoacorrupcao_uneal para divulga\u00e7\u00e3o do conte\u00fado da cartilha.<\/span><\/p>\n","protected":false},"excerpt":{"rendered":"<p> [&hellip;]<\/p>\n","protected":false},"author":1,"featured_media":6287,"comment_status":"open","ping_status":"open","sticky":false,"template":"","format":"standard","meta":{"om_disable_all_campaigns":false,"_monsterinsights_skip_tracking":false,"_monsterinsights_sitenote_active":false,"_monsterinsights_sitenote_note":"","_monsterinsights_sitenote_category":0,"_uf_show_specific_survey":0,"_uf_disable_surveys":false,"footnotes":""},"categories":[2],"tags":[],"class_list":["post-6286","post","type-post","status-publish","format-standard","has-post-thumbnail","hentry","category-not_mpal"],"aioseo_notices":[],"_links":{"self":[{"href":"https:\/\/www.mpal.mp.br\/index.php?rest_route=\/wp\/v2\/posts\/6286","targetHints":{"allow":["GET"]}}],"collection":[{"href":"https:\/\/www.mpal.mp.br\/index.php?rest_route=\/wp\/v2\/posts"}],"about":[{"href":"https:\/\/www.mpal.mp.br\/index.php?rest_route=\/wp\/v2\/types\/post"}],"author":[{"embeddable":true,"href":"https:\/\/www.mpal.mp.br\/index.php?rest_route=\/wp\/v2\/users\/1"}],"replies":[{"embeddable":true,"href":"https:\/\/www.mpal.mp.br\/index.php?rest_route=%2Fwp%2Fv2%2Fcomments&post=6286"}],"version-history":[{"count":1,"href":"https:\/\/www.mpal.mp.br\/index.php?rest_route=\/wp\/v2\/posts\/6286\/revisions"}],"predecessor-version":[{"id":6288,"href":"https:\/\/www.mpal.mp.br\/index.php?rest_route=\/wp\/v2\/posts\/6286\/revisions\/6288"}],"wp:featuredmedia":[{"embeddable":true,"href":"https:\/\/www.mpal.mp.br\/index.php?rest_route=\/wp\/v2\/media\/6287"}],"wp:attachment":[{"href":"https:\/\/www.mpal.mp.br\/index.php?rest_route=%2Fwp%2Fv2%2Fmedia&parent=6286"}],"wp:term":[{"taxonomy":"category","embeddable":true,"href":"https:\/\/www.mpal.mp.br\/index.php?rest_route=%2Fwp%2Fv2%2Fcategories&post=6286"},{"taxonomy":"post_tag","embeddable":true,"href":"https:\/\/www.mpal.mp.br\/index.php?rest_route=%2Fwp%2Fv2%2Ftags&post=6286"}],"curies":[{"name":"wp","href":"https:\/\/api.w.org\/{rel}","templated":true}]}}