{"id":6282,"date":"2021-11-09T08:50:20","date_gmt":"2021-11-09T11:50:20","guid":{"rendered":"https:\/\/www.mpal.mp.br\/?p=6282"},"modified":"2023-06-12T19:06:43","modified_gmt":"2023-06-12T22:06:43","slug":"em-nova-rae-comite-estrategico-conhece-acoes-da-corregedoria-e-da-saude","status":"publish","type":"post","link":"https:\/\/www.mpal.mp.br\/?p=6282","title":{"rendered":"Em nova RAE, comit\u00ea estrat\u00e9gico conhece a\u00e7\u00f5es da Corregedoria e da Sa\u00fade"},"content":{"rendered":"<p style=\"text-align: justify;\" align=\"justify\" data-raofz=\"14\"><span style=\"font-size: 14pt;\" data-raofz=\"13\">Foi realizada, nesta ter\u00e7a-feira (9), a 11\u00aa Reuni\u00e3o de An\u00e1lise Estrat\u00e9gica, em formato h\u00edbrido, realizada com o Comit\u00ea de Gest\u00e3o Estrat\u00e9gica do Minist\u00e9rio P\u00fablico do Estado de Alagoas (MPAL). Presidido pelo procurador-geral de Justi\u00e7a, M\u00e1rcio Roberto Ten\u00f3rio de Albuquerque, e pela assessora de Planejamento e Gest\u00e3o Estrat\u00e9gico (Asplage), promotora de Justi\u00e7a Stela Val\u00e9ria Cavalcanti, o encontro ocorreu para que o colegiado conhecesse o andamento dos projetos existentes e em execu\u00e7\u00e3o na Corregedoria-Geral e no N\u00facleo de Defesa da Sa\u00fade P\u00fablica.<\/span><\/p>\n<p style=\"text-align: justify;\" data-raofz=\"14\"><span style=\"font-size: 14pt;\" data-raofz=\"13\">Quem fez a abertura da reuni\u00e3o foi o chefe do MPAL, M\u00e1rcio Roberto Ten\u00f3rio de Albuquerque, que elogiou o engajamento de membros e servidores no planejamento estrat\u00e9gico da institui\u00e7\u00e3o. Ele lembrou sobre as dezenas de projetos em execu\u00e7\u00e3o e pediu para a mesma dedica\u00e7\u00e3o siga acontecendo para que o Minist\u00e9rio P\u00fablico se aproxime ainda mais da sociedade. \u201cA qualidade das iniciativas desenvolvidas pela nossa unidade \u00e9 t\u00e3o alta que j\u00e1 foi reconhecida pelo CNMP em pr\u00eamios nacionais. Isso \u00e9 sinal de que estamos no caminho certo. Ent\u00e3o, que continuemos, todos juntos, com esse engajamento. Ao final de tudo, \u00e9 a popula\u00e7\u00e3o quem ganha com a atua\u00e7\u00e3o de cada um de n\u00f3s\u201d, afirmou ele.<\/span><\/p>\n<p style=\"text-align: justify;\" align=\"justify\" data-raofz=\"14\"><span style=\"font-size: 14pt;\"><strong>A\u00e7\u00f5es da Corregedoria-Geral<\/strong><\/span><\/p>\n<p style=\"text-align: justify;\" align=\"justify\" data-raofz=\"14\"><span style=\"font-size: 14pt;\" data-raofz=\"13\">A promotora de Justi\u00e7a e secret\u00e1ria da Corregedoria do MPAL, Adriana Gomes, e o servidor da Diretoria de Tecnologia da Informa\u00e7\u00e3o, Felipe Coimbra, foram os primeiros a fazer a explana\u00e7\u00e3o. \u201cUm dos nossos planos de a\u00e7\u00e3o tem como base a cria\u00e7\u00e3o do sistema do cadastro de membros. Ele \u00e9 um programa que faz o assentamento virtual de todos os promotores e procuradores de Justi\u00e7a, com informa\u00e7\u00f5es sobre cada um deles, a exemplo de dados pessoais, forma\u00e7\u00e3o superior, especializa\u00e7\u00f5es, obras publicadas etc. \u00c9 uma plataforma bastante completa e que faz a identifica\u00e7\u00e3o qualitativa dos membros da institui\u00e7\u00e3o. Como essa j\u00e1 era uma demanda do Conselho Nacional do Minist\u00e9rio P\u00fablico (CNM), resolvemos dar prioridade a ela\u201d, explicou Adriana Gomes.<\/span><\/p>\n<p style=\"text-align: justify;\" align=\"justify\" data-raofz=\"14\"><span style=\"font-size: 14pt;\" data-raofz=\"13\">Ela tamb\u00e9m lembrou que a ideia de criar o sistema se deu quando M\u00e1rcio Roberto Ten\u00f3rio de Albuquerque ainda era corregedor-geral. \u201c\u00c0 \u00e9poca, tudo era mantido em documentos de textos e a sua alimenta\u00e7\u00e3o e consulta davam muito trabalho. Ent\u00e3o, o dr. M\u00e1rcio, que estava no cargo de corregedor, sugeriu que come\u00e7\u00e1ssemos a mudar aquela realidade. Foi quando come\u00e7amos a dar o pontap\u00e9 inicial\u201d, recordou.<\/span><\/p>\n<p style=\"text-align: justify;\" align=\"justify\" data-raofz=\"14\"><span style=\"font-size: 14pt;\" data-raofz=\"13\"><b>Sa\u00fade p\u00fablica<\/b><\/span><\/p>\n<p style=\"text-align: justify;\" align=\"justify\" data-raofz=\"14\"><span style=\"font-size: 14pt;\" data-raofz=\"13\">A promotora Micheline Ten\u00f3rio, coordenadora do N\u00facleo de Defesa da Sa\u00fade P\u00fablica, e o servidor H\u00e9lder Lima Gon\u00e7alves, falaram a respeito das a\u00e7\u00f5es daquela \u00e1rea. Inicialmente eles trataram do projeto \u201cA\u00e7\u00e3o estadual em defesa da vida\u201d, que promove atividades de capita\u00e7\u00e3o e preven\u00e7\u00e3o contra o suic\u00eddio e automutila\u00e7\u00e3o. Foi informado que o projeto j\u00e1 chegou a alguns munic\u00edpios e alcan\u00e7ou centenas de alunos de escolas p\u00fablicas.<\/span><\/p>\n<p style=\"text-align: justify;\" align=\"justify\" data-raofz=\"14\"><span style=\"font-size: 14pt;\" data-raofz=\"13\">A outra iniciativa detalhada foi o \u201cMP nas unidades\u201d, que promove fiscaliza\u00e7\u00f5es nas unidades b\u00e1sicas de sa\u00fade. \u201cDesenvolvemos um sistema web para o acompanhamento do passo a passo do projeto nas comarcas cujos promotores fizeram a ades\u00e3o ao projeto. Foi a forma que encontramos de monitorar de perto o trabalho que est\u00e1 sendo desenvolvido.<\/span><\/p>\n<p style=\"text-align: justify;\" align=\"justify\" data-raofz=\"14\"><span style=\"font-size: 14pt;\"><strong>O Comit\u00ea<\/strong><\/span><\/p>\n<p style=\"text-align: justify;\" align=\"justify\" data-raofz=\"14\"><span style=\"font-size: 14pt;\" data-raofz=\"13\">O Comit\u00ea de Gest\u00e3o Estrat\u00e9gica do Minist\u00e9rio P\u00fablico \u00e9 composto por 17 pessoas, entre membros e servidores. E ele est\u00e1 dividido por \u00e1rea de atua\u00e7\u00e3o, de acordo com os objetivos estrat\u00e9gicos j\u00e1 definidos pela administra\u00e7\u00e3o superior.<\/span><\/p>\n","protected":false},"excerpt":{"rendered":"<p> [&hellip;]<\/p>\n","protected":false},"author":1,"featured_media":6283,"comment_status":"closed","ping_status":"closed","sticky":false,"template":"","format":"standard","meta":{"om_disable_all_campaigns":false,"_monsterinsights_skip_tracking":false,"_monsterinsights_sitenote_active":false,"_monsterinsights_sitenote_note":"","_monsterinsights_sitenote_category":0,"_uf_show_specific_survey":0,"_uf_disable_surveys":false,"footnotes":""},"categories":[48,2],"tags":[],"class_list":["post-6282","post","type-post","status-publish","format-standard","has-post-thumbnail","hentry","category-not_corregedoria","category-not_mpal"],"aioseo_notices":[],"_links":{"self":[{"href":"https:\/\/www.mpal.mp.br\/index.php?rest_route=\/wp\/v2\/posts\/6282","targetHints":{"allow":["GET"]}}],"collection":[{"href":"https:\/\/www.mpal.mp.br\/index.php?rest_route=\/wp\/v2\/posts"}],"about":[{"href":"https:\/\/www.mpal.mp.br\/index.php?rest_route=\/wp\/v2\/types\/post"}],"author":[{"embeddable":true,"href":"https:\/\/www.mpal.mp.br\/index.php?rest_route=\/wp\/v2\/users\/1"}],"replies":[{"embeddable":true,"href":"https:\/\/www.mpal.mp.br\/index.php?rest_route=%2Fwp%2Fv2%2Fcomments&post=6282"}],"version-history":[{"count":1,"href":"https:\/\/www.mpal.mp.br\/index.php?rest_route=\/wp\/v2\/posts\/6282\/revisions"}],"predecessor-version":[{"id":6284,"href":"https:\/\/www.mpal.mp.br\/index.php?rest_route=\/wp\/v2\/posts\/6282\/revisions\/6284"}],"wp:featuredmedia":[{"embeddable":true,"href":"https:\/\/www.mpal.mp.br\/index.php?rest_route=\/wp\/v2\/media\/6283"}],"wp:attachment":[{"href":"https:\/\/www.mpal.mp.br\/index.php?rest_route=%2Fwp%2Fv2%2Fmedia&parent=6282"}],"wp:term":[{"taxonomy":"category","embeddable":true,"href":"https:\/\/www.mpal.mp.br\/index.php?rest_route=%2Fwp%2Fv2%2Fcategories&post=6282"},{"taxonomy":"post_tag","embeddable":true,"href":"https:\/\/www.mpal.mp.br\/index.php?rest_route=%2Fwp%2Fv2%2Ftags&post=6282"}],"curies":[{"name":"wp","href":"https:\/\/api.w.org\/{rel}","templated":true}]}}