{"id":6229,"date":"2021-11-11T08:44:12","date_gmt":"2021-11-11T11:44:12","guid":{"rendered":"https:\/\/www.mpal.mp.br\/?p=6229"},"modified":"2022-05-26T08:44:44","modified_gmt":"2022-05-26T11:44:44","slug":"mpal-promove-acoes-em-defesa-da-vida-para-alunos-de-escola-publica-de-coruripe","status":"publish","type":"post","link":"https:\/\/www.mpal.mp.br\/?p=6229","title":{"rendered":"MPAL promove a\u00e7\u00f5es em defesa da vida para alunos de escola p\u00fablica de Coruripe"},"content":{"rendered":"<p style=\"text-align: justify;\" align=\"justify\" data-raofz=\"14\"><span style=\"font-size: 14pt;\" data-raofz=\"14\">Incentivar a valoriza\u00e7\u00e3o da vida e adotar a\u00e7\u00f5es de preven\u00e7\u00e3o ao suic\u00eddio, \u00e0 automutila\u00e7\u00e3o e \u00e0 viol\u00eancia em todas as suas formas. Esse \u00e9 o objetivo do projeto do Minist\u00e9rio P\u00fablico Estadual de Alagoas (MPAL) que foi levado, nesta quinta-feira (11), ao munic\u00edpio de Coruripe e contou com a presen\u00e7a do procurador-geral de Justi\u00e7a, M\u00e1rcio Roberto Ten\u00f3rio de Albuquerque. A cidade foi escolhida para receber a segunda etapa da \u201cA\u00e7\u00e3o estadual em defesa da vida\u201d em raz\u00e3o da quantidade crescente de casos de crian\u00e7as e adolescentes que buscaram ajuda junto \u00e0 rede p\u00fablica de educa\u00e7\u00e3o. Essa iniciativa seguir\u00e1 percorrendo todo o estado nos pr\u00f3ximos meses com a realiza\u00e7\u00e3o de campanhas educativas e palestras para todos os tipos de p\u00fablico.<\/span><\/p>\n<p style=\"text-align: justify;\" align=\"justify\" data-raofz=\"14\"><span style=\"font-size: 14pt;\" data-raofz=\"14\">Durante todo o dia estar\u00e3o acontecendo v\u00e1rias atividades no gin\u00e1sio da Escola Municipal Liege Gama. Al\u00e9m do chefe do MPAL, M\u00e1rcio Roberto Ten\u00f3rio de Albuquerque, tamb\u00e9m participam das a\u00e7\u00f5es a diretora da unidade de ensino, Rosykeila Rog\u00e9rio, os psic\u00f3logos Am\u00edlton J\u00fanior Amaranto, Kak\u00e1 Medeiros e Karla Melo e a psicopedagoga da Secretaria Municipal de Educa\u00e7\u00e3o de Coruripe, Elis\u00e2ngela Castro.<\/span><\/p>\n<p style=\"text-align: justify;\" align=\"justify\" data-raofz=\"14\"><span style=\"font-size: 14pt;\" data-raofz=\"14\">No bate-papo com os alunos, o procurador-geral de Justi\u00e7a come\u00e7ou explicando sobre como o Minist\u00e9rio P\u00fablico atua na defesa da inf\u00e2ncia e da juventude, colocou a institui\u00e7\u00e3o \u00e0 disposi\u00e7\u00e3o dos estudantes para que eles busquem o apoio necess\u00e1rio da Promotoria de Justi\u00e7a para enfrentar poss\u00edveis problemas e chamou aten\u00e7\u00e3o de todos para o fato de que \u00e9 preciso respeitar a dor do pr\u00f3ximo, j\u00e1 o que tema do encontro tem a ver com a valoriza\u00e7\u00e3o da vida. \u201cEstejamos atentos aos sinais. A gente precisa enxergar com mais sensibilidade as pessoas que est\u00e3o ao nosso redor e procurar compreender aquela fase ou momento em que elas est\u00e3o necessitando de aux\u00edlio. Estender a m\u00e3o \u00e9 um gesto simples e que n\u00e3o nos custa nada. N\u00e3o podemos julgar e nem lidar de forma preconceituosa. Agindo assim, com toler\u00e2ncia, certamente poderemos ajudar aqueles que est\u00e3o precisando do nosso apoio. Muitas vezes, essas v\u00edtimas s\u00f3 querem ser ouvidas, s\u00f3 querem um pouco de aten\u00e7\u00e3o\u201d, disse ele.<\/span><\/p>\n<p style=\"text-align: justify;\" align=\"justify\" data-raofz=\"14\"><span style=\"font-size: 14pt;\" data-raofz=\"14\">A diretora da Escola Municipal Liege Gama tamb\u00e9m ressaltou a necessidade dessa escuta.\u201cTodo mundo conhece algu\u00e9m que est\u00e1 passando por alguma dificuldade. Nas escolas, especialmente, essas pessoas podem estar sentadas ao nosso lado, podem ser colegas de sala. Ent\u00e3o, sejam sens\u00edveis, tenham um olhar atencioso e acolham\u201d, aconselhou Rosykeila Rog\u00e9rio.<\/span><\/p>\n<p style=\"text-align: justify;\" align=\"justify\" data-raofz=\"14\"><span style=\"font-size: 14pt;\" data-raofz=\"14\"><b>N\u00e3o desistir<\/b><\/span><\/p>\n<p style=\"text-align: justify;\" align=\"justify\" data-raofz=\"14\"><span style=\"font-size: 14pt;\" data-raofz=\"14\">O psic\u00f3logo Am\u00edlton J\u00fanior Amaranto, em sua din\u00e2mica, discorreu sobre a import\u00e2ncia da autoestima e da sa\u00fade mental. \u201cDiante de uma dificuldade, substituam o n\u00e3o consigo pelo vou tentar outra vez. Cada vida importa muito\u201d, afirmou ele.<\/span><\/p>\n<p style=\"text-align: justify;\" align=\"justify\" data-raofz=\"14\"><span style=\"font-size: 14pt;\" data-raofz=\"14\">A aluna Maria Clara de Lima, do Gr\u00eamio Estudantil da escola, elogiou o projeto e disse que ele tem uma simbologia singular na conscientiza\u00e7\u00e3o da comunidade escolar. \u201cQuantas palavras t\u00e3o necess\u00e1rias ouvimos hoje. Fa\u00e7am isso no seu dia a dia, escutem, sensibilizem-se e reflitam sobre o poder do acolhimento\u201d, declarou a aluna.<\/span><\/p>\n<p style=\"text-align: justify;\" align=\"justify\" data-raofz=\"14\"><span style=\"font-size: 14pt;\" data-raofz=\"14\">O munic\u00edpio de Coruripe foi escolhido para esta etapa do projeto porque a Promotoria de Justi\u00e7a local atuou, recentemente, em seis casos de automutila\u00e7\u00e3o. Uma das meninas, de 12 anos, machucava a si pr\u00f3pria porque n\u00e3o conseguia ser ouvida dentro de casa pelos seus familiares.<\/span><\/p>\n<p style=\"text-align: justify;\" align=\"justify\" data-raofz=\"14\"><span style=\"font-size: 14pt;\" data-raofz=\"14\">\u201cO papel da fam\u00edlia e das escolas \u00e9 fundamental nesse processo de ajuda. Por isso, \u00e9 essencial que a rede de atendimento esteja pronta e capacitada para auxiliar aqueles que precisam de tratamento. Quando o caso chegar \u00e0 equipe, os profissionais devem come\u00e7ar a agir de forma imediata para transformar a realidade dessas pessoas\u201d, destacou a psic\u00f3loga Kak\u00e1 Medeiros, volunt\u00e1ria do projeto Mensageiros da Esperan\u00e7a.<\/span><\/p>\n","protected":false},"excerpt":{"rendered":"<p> [&hellip;]<\/p>\n","protected":false},"author":1,"featured_media":6230,"comment_status":"open","ping_status":"open","sticky":false,"template":"","format":"standard","meta":{"om_disable_all_campaigns":false,"_monsterinsights_skip_tracking":false,"_monsterinsights_sitenote_active":false,"_monsterinsights_sitenote_note":"","_monsterinsights_sitenote_category":0,"_uf_show_specific_survey":0,"_uf_disable_surveys":false,"footnotes":""},"categories":[2],"tags":[],"class_list":["post-6229","post","type-post","status-publish","format-standard","has-post-thumbnail","hentry","category-not_mpal"],"aioseo_notices":[],"_links":{"self":[{"href":"https:\/\/www.mpal.mp.br\/index.php?rest_route=\/wp\/v2\/posts\/6229","targetHints":{"allow":["GET"]}}],"collection":[{"href":"https:\/\/www.mpal.mp.br\/index.php?rest_route=\/wp\/v2\/posts"}],"about":[{"href":"https:\/\/www.mpal.mp.br\/index.php?rest_route=\/wp\/v2\/types\/post"}],"author":[{"embeddable":true,"href":"https:\/\/www.mpal.mp.br\/index.php?rest_route=\/wp\/v2\/users\/1"}],"replies":[{"embeddable":true,"href":"https:\/\/www.mpal.mp.br\/index.php?rest_route=%2Fwp%2Fv2%2Fcomments&post=6229"}],"version-history":[{"count":1,"href":"https:\/\/www.mpal.mp.br\/index.php?rest_route=\/wp\/v2\/posts\/6229\/revisions"}],"predecessor-version":[{"id":6231,"href":"https:\/\/www.mpal.mp.br\/index.php?rest_route=\/wp\/v2\/posts\/6229\/revisions\/6231"}],"wp:featuredmedia":[{"embeddable":true,"href":"https:\/\/www.mpal.mp.br\/index.php?rest_route=\/wp\/v2\/media\/6230"}],"wp:attachment":[{"href":"https:\/\/www.mpal.mp.br\/index.php?rest_route=%2Fwp%2Fv2%2Fmedia&parent=6229"}],"wp:term":[{"taxonomy":"category","embeddable":true,"href":"https:\/\/www.mpal.mp.br\/index.php?rest_route=%2Fwp%2Fv2%2Fcategories&post=6229"},{"taxonomy":"post_tag","embeddable":true,"href":"https:\/\/www.mpal.mp.br\/index.php?rest_route=%2Fwp%2Fv2%2Ftags&post=6229"}],"curies":[{"name":"wp","href":"https:\/\/api.w.org\/{rel}","templated":true}]}}