{"id":6216,"date":"2021-11-16T08:34:46","date_gmt":"2021-11-16T11:34:46","guid":{"rendered":"https:\/\/www.mpal.mp.br\/?p=6216"},"modified":"2022-05-26T08:35:09","modified_gmt":"2022-05-26T11:35:09","slug":"apos-atuacao-do-mpal-municipio-de-batalha-tem-primeira-condenacao-por-feminicidio","status":"publish","type":"post","link":"https:\/\/www.mpal.mp.br\/?p=6216","title":{"rendered":"Ap\u00f3s atua\u00e7\u00e3o do MPAL, munic\u00edpio de Batalha tem primeira condena\u00e7\u00e3o por feminic\u00eddio"},"content":{"rendered":"<p style=\"text-align: justify;\" align=\"justify\" data-raofz=\"14\"><span style=\"font-size: 14pt;\" data-raofz=\"13\">18 anos e oito meses de reclus\u00e3o. Essa foi a pena aplicada ao r\u00e9u Jos\u00e9 Eduardo da Silva por ter assassinado a sua companheira, com dois tiros, em novembro de 2017, no munic\u00edpio de Batalha. Ana Marta da Silva Melo foi morta em casa, ap\u00f3s uma discuss\u00e3o com o autor do crime. Para o Minist\u00e9rio P\u00fablico, a condena\u00e7\u00e3o por feminic\u00eddio fez justi\u00e7a \u00e0 mem\u00f3ria da v\u00edtima, que n\u00e3o teve nenhuma chance de defesa, deixando no desemparo tr\u00eas filhos. O julgamento ocorreu na \u00faltima sexta-feira (12).<\/span><\/p>\n<p style=\"text-align: justify;\" align=\"justify\" data-raofz=\"14\"><span style=\"font-size: 14pt;\" data-raofz=\"13\">A acusa\u00e7\u00e3o foi feita pelo promotor de Justi\u00e7a Marcus Vin\u00edcius Batista Rodrigues J\u00fanior. \u201cEsse foi mais um caso b\u00e1rbaro que tirou a vida de uma pessoa inocente. A Ana Marta foi assassinada por motivo f\u00fatil, j\u00e1 que o crime foi praticado durante uma briga do casal. Sem pensar que estava matando a m\u00e3e dos seus filhos, o r\u00e9u Jos\u00e9 Eduardo efetuou os disparos, um nas costas e outro no t\u00f3rax, sem dar a ela qualquer possibilidade de se defender. Para al\u00e9m disso, ap\u00f3s assassinar a esposa, com quem vivia em uni\u00e3o est\u00e1vel h\u00e1 10 anos, o criminoso ainda foi tomou banho antes de sair de casa, como se nada tivesse acontecido. Diante de tudo isso, pedimos a condena\u00e7\u00e3o dele, e os jurados acataram a tese do Minist\u00e9rio P\u00fablico. A condena\u00e7\u00e3o foi de mais de 18 meses de reclus\u00e3o\u201d, explicou o promotor.<\/span><\/p>\n<p style=\"text-align: justify;\" align=\"justify\" data-raofz=\"14\"><span style=\"font-size: 14pt;\" data-raofz=\"13\">\u201c\u00b4Tamb\u00e9m \u00e9 importante ressaltar que pedimos a manuten\u00e7\u00e3o da pris\u00e3o do r\u00e9u, uma vez que, ap\u00f3s cometer o il\u00edcito penal, ele foragiu para S\u00e3o Paulo, onde s\u00f3 foi preso dois anos depois. Destacamos ainda que esta \u00e9 a primeira condena\u00e7\u00e3o por feminic\u00eddio da cidade de Batalha, ou seja, um marco importante para que os homens saibam que o Minist\u00e9rio P\u00fablico ir\u00e1 trabalhar pela condena\u00e7\u00e3o daqueles que praticarem crimes semelhantes\u201d, refor\u00e7ou Marcus Vin\u00edcius Batista Rodrigues J\u00fanior.<\/span><\/p>\n<p style=\"text-align: justify;\" align=\"justify\" data-raofz=\"14\"><span style=\"font-size: 14pt;\" data-raofz=\"13\">A pena de 18 anos e oito meses foi estabelecida pelo juiz Durval Mendon\u00e7a J\u00fanior.<\/span><\/p>\n<p style=\"text-align: justify;\" align=\"justify\" data-raofz=\"14\"><span style=\"font-size: 14pt;\" data-raofz=\"13\"><strong>Feminic\u00eddio<\/strong><\/span><\/p>\n<p style=\"text-align: justify;\" align=\"justify\" data-raofz=\"14\"><span style=\"font-size: 14pt;\" data-raofz=\"13\"><strong>O\u00a0<\/strong>feminic\u00eddio\u00a0\u00e9 o homic\u00eddio praticado contra a mulher em decorr\u00eancia do fato de ela ser mulher, o que pode ser configurado como misoginia\u00a0e menosprezo pela condi\u00e7\u00e3o feminina ou\u00a0discrimina\u00e7\u00e3o de g\u00eanero.<\/span><\/p>\n<p style=\"text-align: justify;\" align=\"justify\" data-raofz=\"14\"><span style=\"font-size: 14pt;\" data-raofz=\"13\">Foi em 2015, por meio da Lei n\u00ba 13.104, mais conhecida como\u00a0Lei do Feminic\u00eddio, que o C\u00f3digo Penal brasileiro sofreu altera\u00e7\u00e3o por meio da inclus\u00e3o do crime homic\u00eddio motivado pelo g\u00eanero da v\u00edtima passou a ser enquadrado como uma qualificadora para o aumento a pena do condenado.<\/span><\/p>\n","protected":false},"excerpt":{"rendered":"<p> [&hellip;]<\/p>\n","protected":false},"author":1,"featured_media":6218,"comment_status":"open","ping_status":"open","sticky":false,"template":"","format":"standard","meta":{"om_disable_all_campaigns":false,"_monsterinsights_skip_tracking":false,"_monsterinsights_sitenote_active":false,"_monsterinsights_sitenote_note":"","_monsterinsights_sitenote_category":0,"_uf_show_specific_survey":0,"_uf_disable_surveys":false,"footnotes":""},"categories":[2],"tags":[],"class_list":["post-6216","post","type-post","status-publish","format-standard","has-post-thumbnail","hentry","category-not_mpal"],"aioseo_notices":[],"_links":{"self":[{"href":"https:\/\/www.mpal.mp.br\/index.php?rest_route=\/wp\/v2\/posts\/6216","targetHints":{"allow":["GET"]}}],"collection":[{"href":"https:\/\/www.mpal.mp.br\/index.php?rest_route=\/wp\/v2\/posts"}],"about":[{"href":"https:\/\/www.mpal.mp.br\/index.php?rest_route=\/wp\/v2\/types\/post"}],"author":[{"embeddable":true,"href":"https:\/\/www.mpal.mp.br\/index.php?rest_route=\/wp\/v2\/users\/1"}],"replies":[{"embeddable":true,"href":"https:\/\/www.mpal.mp.br\/index.php?rest_route=%2Fwp%2Fv2%2Fcomments&post=6216"}],"version-history":[{"count":1,"href":"https:\/\/www.mpal.mp.br\/index.php?rest_route=\/wp\/v2\/posts\/6216\/revisions"}],"predecessor-version":[{"id":6219,"href":"https:\/\/www.mpal.mp.br\/index.php?rest_route=\/wp\/v2\/posts\/6216\/revisions\/6219"}],"wp:featuredmedia":[{"embeddable":true,"href":"https:\/\/www.mpal.mp.br\/index.php?rest_route=\/wp\/v2\/media\/6218"}],"wp:attachment":[{"href":"https:\/\/www.mpal.mp.br\/index.php?rest_route=%2Fwp%2Fv2%2Fmedia&parent=6216"}],"wp:term":[{"taxonomy":"category","embeddable":true,"href":"https:\/\/www.mpal.mp.br\/index.php?rest_route=%2Fwp%2Fv2%2Fcategories&post=6216"},{"taxonomy":"post_tag","embeddable":true,"href":"https:\/\/www.mpal.mp.br\/index.php?rest_route=%2Fwp%2Fv2%2Ftags&post=6216"}],"curies":[{"name":"wp","href":"https:\/\/api.w.org\/{rel}","templated":true}]}}