{"id":6208,"date":"2021-11-18T08:33:04","date_gmt":"2021-11-18T11:33:04","guid":{"rendered":"https:\/\/www.mpal.mp.br\/?p=6208"},"modified":"2022-05-26T08:33:31","modified_gmt":"2022-05-26T11:33:31","slug":"ex-agentes-socioeducativos-sao-condenados-por-torturar-adolescente-em-conflito-com-a-lei","status":"publish","type":"post","link":"https:\/\/www.mpal.mp.br\/?p=6208","title":{"rendered":"Ex-agentes socioeducativos s\u00e3o condenados por torturar adolescente em conflito com a lei"},"content":{"rendered":"<div id=\"posts\" class=\" left_posts business_posts\" data-raofz=\"14\">\n<div class=\"post post_single vc_row\" data-raofz=\"14\">\n<div class=\"post_ctn clearfix\" data-raofz=\"14\">\n<div class=\"entry\" data-raofz=\"14\">\n<p style=\"text-align: justify;\" align=\"justify\" data-raofz=\"14\"><span style=\"font-size: 14pt;\" data-raofz=\"13\">Tr\u00eas ex-agentes socioeducativos foram condenados pelo crime de tortura ap\u00f3s uma a\u00e7\u00e3o por ato de improbidade administrativa ter sido ajuizada pelo Minist\u00e9rio P\u00fablico do Estado de Alagoas (MPAL) em 2016. A pena aplicada aos r\u00e9us tamb\u00e9m os impede de trabalhar no servi\u00e7o p\u00fablico. O crime ocorreu em 9 de setembro de 2015, dentro da Unidade de Interna\u00e7\u00e3o Masculina Extens\u00e3o, localizada no bairro do Tabuleiro dos Martins.<\/span><\/p>\n<p style=\"text-align: justify;\" align=\"justify\" data-raofz=\"14\"><span style=\"font-size: 14pt;\" data-raofz=\"13\">Em depoimento prestado durante a instru\u00e7\u00e3o processual, a v\u00edtima afirmou que fugiu da unidade onde estava cumprindo medida socioeducativa em 26 de mar\u00e7o de 2015, tendo ficado foragido at\u00e9 8 de setembro daquele mesmo ano, data em que foi reapreendido. Naquela ocasi\u00e3o, pelo fato de ter fugido, tr\u00eas agentes disseram ao menor de idade que ele teria um \u2018tratamento diferenciado, um tratamento vip\u2019.<\/span><\/p>\n<p style=\"text-align: justify;\" align=\"justify\" data-raofz=\"14\"><span style=\"font-size: 14pt;\" data-raofz=\"13\">Na a\u00e7\u00e3o ajuizada pela 17\u00aa Promotoria de Justi\u00e7a, por meio do promotor Coaracy Fonseca, o MPAL detalhou a tortura sofrida pelo adolescente infrator, explicando que, ao ser levado \u00e0 cozinha para cortar o cabelo, primeiro usaram uma m\u00e1quina e, na sequ\u00eancia, uma faca. Depois disso, os agentes come\u00e7aram a espanc\u00e1-lo com socos, murros e pontap\u00e9s, amea\u00e7ando-o, inclusive, de morte.<\/span><\/p>\n<p style=\"text-align: justify;\" align=\"justify\" data-raofz=\"14\"><span style=\"font-size: 14pt;\" data-raofz=\"13\">De acordo com o Minist\u00e9rio P\u00fablico, a agress\u00e3o chegou ao conhecimento da chefia de seguran\u00e7a da unidade e da dire\u00e7\u00e3o, que nada teriam feito para punir os agressores.<\/span><\/p>\n<p style=\"text-align: justify;\" align=\"justify\" data-raofz=\"14\"><span style=\"font-size: 14pt;\" data-raofz=\"13\"><b>Agentes foram demitidos<\/b><\/span><\/p>\n<p style=\"text-align: justify;\" align=\"justify\" data-raofz=\"14\"><span style=\"font-size: 14pt;\" data-raofz=\"13\">Ao ter conhecimento da den\u00fancia, segundo o Minist\u00e9rio P\u00fablico, a Secretaria de Estado de Preven\u00e7\u00e3o \u00e0 Viol\u00eancia instaurou um procedimento interno, comprovando a den\u00fancia de tortura e, posteriormente, demitindo os investigados. Ainda assim, o MPAL pediu a condena\u00e7\u00e3o dos r\u00e9us, o que foi acatado pelo Poder Judici\u00e1rio.<\/span><\/p>\n<p style=\"text-align: justify;\" align=\"justify\" data-raofz=\"14\"><span style=\"font-size: 14pt;\" data-raofz=\"13\">\u201cA agress\u00e3o f\u00edsica sofrida pela v\u00edtima vai de encontro a todos os preceitos legais. Para al\u00e9m disso, na condi\u00e7\u00e3o de agentes socioeducativos, a fun\u00e7\u00e3o daqueles profissionais eram reeducar o adolescente, n\u00e3o agredi-lo. Por isso, nossa acusa\u00e7\u00e3o por ato de improbidade administrativa foi baseada na Lei de Tortura\u201d, afirmou Coaracy Fonseca.<\/span><\/p>\n<p style=\"text-align: justify;\" align=\"justify\" data-raofz=\"14\"><span style=\"font-size: 14pt;\" data-raofz=\"13\">Al\u00e9m do crime de tortura, os r\u00e9us foram condenados tamb\u00e9m a perda da fun\u00e7\u00e3o p\u00fablica (mesmo j\u00e1 tendo sido demitidos) e proibi\u00e7\u00e3o de contratar com o poder p\u00fablico ou receber benef\u00edcios ou incentivos fiscais\/credit\u00edcios. A senten\u00e7a foi proferida pela ju\u00edza Maria Ester Manso.<\/span><\/p>\n<\/div>\n<\/div>\n<\/div>\n<\/div>\n<div id=\"sidebar\" class=\" right_sb business_sidebar\" data-raofz=\"14\">\n<div id=\"search-2\" class=\"sb_widget widget_search\" data-raofz=\"14\">\n<div id=\"search\" style=\"text-align: justify;\" data-raofz=\"14\"><\/div>\n<\/div>\n<\/div>\n","protected":false},"excerpt":{"rendered":"<p> [&hellip;]<\/p>\n","protected":false},"author":1,"featured_media":6213,"comment_status":"open","ping_status":"open","sticky":false,"template":"","format":"standard","meta":{"om_disable_all_campaigns":false,"_monsterinsights_skip_tracking":false,"_monsterinsights_sitenote_active":false,"_monsterinsights_sitenote_note":"","_monsterinsights_sitenote_category":0,"_uf_show_specific_survey":0,"_uf_disable_surveys":false,"footnotes":""},"categories":[2],"tags":[],"class_list":["post-6208","post","type-post","status-publish","format-standard","has-post-thumbnail","hentry","category-not_mpal"],"aioseo_notices":[],"_links":{"self":[{"href":"https:\/\/www.mpal.mp.br\/index.php?rest_route=\/wp\/v2\/posts\/6208","targetHints":{"allow":["GET"]}}],"collection":[{"href":"https:\/\/www.mpal.mp.br\/index.php?rest_route=\/wp\/v2\/posts"}],"about":[{"href":"https:\/\/www.mpal.mp.br\/index.php?rest_route=\/wp\/v2\/types\/post"}],"author":[{"embeddable":true,"href":"https:\/\/www.mpal.mp.br\/index.php?rest_route=\/wp\/v2\/users\/1"}],"replies":[{"embeddable":true,"href":"https:\/\/www.mpal.mp.br\/index.php?rest_route=%2Fwp%2Fv2%2Fcomments&post=6208"}],"version-history":[{"count":1,"href":"https:\/\/www.mpal.mp.br\/index.php?rest_route=\/wp\/v2\/posts\/6208\/revisions"}],"predecessor-version":[{"id":6214,"href":"https:\/\/www.mpal.mp.br\/index.php?rest_route=\/wp\/v2\/posts\/6208\/revisions\/6214"}],"wp:featuredmedia":[{"embeddable":true,"href":"https:\/\/www.mpal.mp.br\/index.php?rest_route=\/wp\/v2\/media\/6213"}],"wp:attachment":[{"href":"https:\/\/www.mpal.mp.br\/index.php?rest_route=%2Fwp%2Fv2%2Fmedia&parent=6208"}],"wp:term":[{"taxonomy":"category","embeddable":true,"href":"https:\/\/www.mpal.mp.br\/index.php?rest_route=%2Fwp%2Fv2%2Fcategories&post=6208"},{"taxonomy":"post_tag","embeddable":true,"href":"https:\/\/www.mpal.mp.br\/index.php?rest_route=%2Fwp%2Fv2%2Ftags&post=6208"}],"curies":[{"name":"wp","href":"https:\/\/api.w.org\/{rel}","templated":true}]}}