{"id":6118,"date":"2018-11-19T11:12:27","date_gmt":"2018-11-19T13:12:27","guid":{"rendered":"https:\/\/www.mpal.mp.br\/?p=6118"},"modified":"2022-05-25T11:18:19","modified_gmt":"2022-05-25T14:18:19","slug":"fpi-coordenacao-faz-balanco-positivo-da-1a-semana-de-fiscalizacao","status":"publish","type":"post","link":"https:\/\/www.mpal.mp.br\/?p=6118","title":{"rendered":"FPI: coordena\u00e7\u00e3o faz balan\u00e7o positivo da 1\u00aa semana de fiscaliza\u00e7\u00e3o"},"content":{"rendered":"<p style=\"text-align: justify;\"><span style=\"font-size: 14pt;\">Uma reuni\u00e3o realizada na manh\u00e3 deste domingo (11), no audit\u00f3rio do campus da Universidade Estadual de Alagoas (Uneal) em Santana do Ipanema, Sert\u00e3o alagoano, debateu o alcance das a\u00e7\u00f5es da primeira semana de trabalho da 9\u00aa etapa da Fiscaliza\u00e7\u00e3o Preventiva Integrada do Rio S\u00e3o Francisco (FPI do S\u00e3o Francisco). Na oportunidade, o coordenador da fiscaliza\u00e7\u00e3o fez um balan\u00e7o positivo e destacou o fato de as equipes constatarem melhorias significativas junto \u00e0s cidades alvo j\u00e1 visitadas.<\/span><\/p>\n<p style=\"text-align: justify;\"><span style=\"font-size: 14pt;\">\u201cAinda n\u00e3o tivemos, at\u00e9 aqui, o n\u00famero de crimes registrado em edi\u00e7\u00f5es anteriores da FPI. Isso \u00e9 resultado de um trabalho \u00e1rduo no sentido de mudar uma pr\u00e1tica cultural que se arrasta h\u00e1 d\u00e9cadas e que, portanto, ainda pode causar certo desconforto. Por\u00e9m, neste retorno, estamos experimentando melhoras significativas\u201d, avaliou o promotor de Justi\u00e7a Alberto Fonseca, do Minist\u00e9rio P\u00fablico de Alagoas, destacando a import\u00e2ncia, por exemplo, da fiscaliza\u00e7\u00e3o das feiras livres e mercados p\u00fablicos.<\/span><\/p>\n<p style=\"text-align: justify;\"><span style=\"font-size: 14pt;\">Na oportunidade, Fonseca tamb\u00e9m orientou os coordenadores de cada equipe a conclu\u00edrem seus relat\u00f3rios acerca das a\u00e7\u00f5es de fiscaliza\u00e7\u00e3o at\u00e9 a pr\u00f3xima sexta-feira (16), quando da audi\u00eancia p\u00fablica a ser realizada no munic\u00edpio de S\u00e3o Jos\u00e9 da Tapera. O evento com vistas \u00e0 apresenta\u00e7\u00e3o dos resultados da FPI e aberto ao p\u00fablico em geral ter\u00e1 in\u00edcio \u00e0s 9h, no audit\u00f3rio da Escola Jo\u00e3o Paulo II, situado \u00e0 Rua Professora Agripina Melo, n\u00ba 1927, centro da cidade.<\/span><\/p>\n<p style=\"text-align: justify;\"><span style=\"font-size: 14pt;\">\u201cIsso vai proporcionar ao Minist\u00e9rio P\u00fablico Estadual agilidade na busca pela efetiva solu\u00e7\u00e3o dos problemas verificados ao longo da FPI\u201d, refor\u00e7ou Alberto Fonseca, destacando tamb\u00e9m as a\u00e7\u00f5es em cumprimento \u00e0 Pol\u00edtica Nacional de Res\u00edduos S\u00f3lidos.<\/span><\/p>\n<p style=\"text-align: justify;\"><span style=\"font-size: 14pt;\">Outro avan\u00e7o nos primeiros sete dias de FPI diz respeito \u00e0 qualidade da \u00e1gua. Em Olho d\u2019\u00c1gua das Flores, por exemplo, a Prefeitura j\u00e1 constr\u00f3i sua esta\u00e7\u00e3o de tratamento, enquanto o Servi\u00e7o Aut\u00f4nomo de \u00c1gua e Esgoto (SAAE) de P\u00e3o de A\u00e7\u00facar, outro munic\u00edpio sertanejo visitado pela equipe Res\u00edduos S\u00f3lidos da FPI, est\u00e1 em processo de licenciamento junto ao Instituto do Meio Ambiente (IMA).<\/span><\/p>\n<p style=\"text-align: justify;\"><span style=\"font-size: 14pt;\">A equipe Centros de Sa\u00fade, coordenada pelo primeiro-tenente Wenderson Viana, do Batalh\u00e3o de Pol\u00edcia Ambiental, confirma o resultado positivo das a\u00e7\u00f5es de fiscaliza\u00e7\u00e3o. Durante a reuni\u00e3o, o oficial externou o contentamento de sua equipe ao encontrar pessoas \u00e1vidas em mostrar que se adequaram ou que est\u00e3o em processo de adequa\u00e7\u00e3o.\u00a0<\/span><\/p>\n<p style=\"text-align: justify;\"><span style=\"font-size: 14pt;\">\u201cVerificamos certa melhora em algumas unidades. Por outro lado, outras continuam com os mesmos velhos problemas\u201d, ponderou o militar, tendo sido complementado pelo capit\u00e3o-tenente Robson Bonfim, da Ag\u00eancia Fluvial de Penedo, que destacou, pela equipe Aqu\u00e1tica, o avan\u00e7o na fiscaliza\u00e7\u00e3o das embarca\u00e7\u00f5es que navegam pelo \u201cVelho Chico\u201d.<\/span><\/p>\n<p style=\"text-align: justify;\"><span style=\"font-size: 14pt;\"><strong>Conscientiza\u00e7\u00e3o<\/strong><\/span><\/p>\n<p style=\"text-align: justify;\"><span style=\"font-size: 14pt;\">E para conscientizar o maior n\u00famero poss\u00edvel de pessoas, a equipe Educa\u00e7\u00e3o Ambiental vem realizando uma s\u00e9rie de palestras e atividades descentralizadas, a exemplo de gincanas n\u00e3o apenas no ambiente escolar, mobilizando, assim, toda a comunidade em torno da import\u00e2ncia da preserva\u00e7\u00e3o do meio ambiente. J\u00e1 a equipe Gest\u00e3o ambiental tem feito um trabalho complementar, orientando cada gestor acerca do dever constitucional de fiscalizar, ainda que o Munic\u00edpio n\u00e3o lhe oferte instrumentos para tal.\u00a0<\/span><\/p>\n<p style=\"text-align: justify;\"><span style=\"font-size: 14pt;\">Por fim, quem tamb\u00e9m pediu a palavra foi o coordenador da equipe Comunidades Tradicionais. T\u00e9cnico do Minist\u00e9rio P\u00fablico Federal (MPF), S\u00e9rgio Mendes disse que a FPI tem feito a sociedade despertar para os desafios dos povos ind\u00edgenas, quilombolas e ciganos. \u201cInicialmente, algumas pessoas criticavam a FPI. Hoje, elogiam e respeitam a fiscaliza\u00e7\u00e3o\u201d, salientou.<\/span><\/p>\n","protected":false},"excerpt":{"rendered":"<p> [&hellip;]<\/p>\n","protected":false},"author":2,"featured_media":6119,"comment_status":"open","ping_status":"open","sticky":false,"template":"","format":"standard","meta":{"om_disable_all_campaigns":false,"_monsterinsights_skip_tracking":false,"_monsterinsights_sitenote_active":false,"_monsterinsights_sitenote_note":"","_monsterinsights_sitenote_category":0,"_uf_show_specific_survey":0,"_uf_disable_surveys":false,"footnotes":""},"categories":[38],"tags":[],"class_list":["post-6118","post","type-post","status-publish","format-standard","has-post-thumbnail","hentry","category-not_fpi"],"aioseo_notices":[],"_links":{"self":[{"href":"https:\/\/www.mpal.mp.br\/index.php?rest_route=\/wp\/v2\/posts\/6118","targetHints":{"allow":["GET"]}}],"collection":[{"href":"https:\/\/www.mpal.mp.br\/index.php?rest_route=\/wp\/v2\/posts"}],"about":[{"href":"https:\/\/www.mpal.mp.br\/index.php?rest_route=\/wp\/v2\/types\/post"}],"author":[{"embeddable":true,"href":"https:\/\/www.mpal.mp.br\/index.php?rest_route=\/wp\/v2\/users\/2"}],"replies":[{"embeddable":true,"href":"https:\/\/www.mpal.mp.br\/index.php?rest_route=%2Fwp%2Fv2%2Fcomments&post=6118"}],"version-history":[{"count":1,"href":"https:\/\/www.mpal.mp.br\/index.php?rest_route=\/wp\/v2\/posts\/6118\/revisions"}],"predecessor-version":[{"id":6120,"href":"https:\/\/www.mpal.mp.br\/index.php?rest_route=\/wp\/v2\/posts\/6118\/revisions\/6120"}],"wp:featuredmedia":[{"embeddable":true,"href":"https:\/\/www.mpal.mp.br\/index.php?rest_route=\/wp\/v2\/media\/6119"}],"wp:attachment":[{"href":"https:\/\/www.mpal.mp.br\/index.php?rest_route=%2Fwp%2Fv2%2Fmedia&parent=6118"}],"wp:term":[{"taxonomy":"category","embeddable":true,"href":"https:\/\/www.mpal.mp.br\/index.php?rest_route=%2Fwp%2Fv2%2Fcategories&post=6118"},{"taxonomy":"post_tag","embeddable":true,"href":"https:\/\/www.mpal.mp.br\/index.php?rest_route=%2Fwp%2Fv2%2Ftags&post=6118"}],"curies":[{"name":"wp","href":"https:\/\/api.w.org\/{rel}","templated":true}]}}