{"id":6112,"date":"2018-11-15T11:08:41","date_gmt":"2018-11-15T13:08:41","guid":{"rendered":"https:\/\/www.mpal.mp.br\/?p=6112"},"modified":"2022-05-25T11:08:53","modified_gmt":"2022-05-25T14:08:53","slug":"fpi-apreende-11-mil-peixes-e-camaroes-em-acao-no-rio-sao-francisco","status":"publish","type":"post","link":"https:\/\/www.mpal.mp.br\/?p=6112","title":{"rendered":"FPI apreende 11 mil peixes e camar\u00f5es em a\u00e7\u00e3o no Rio S\u00e3o Francisco"},"content":{"rendered":"<p style=\"text-align: justify;\"><span style=\"font-size: 14pt;\">A equipe Aqu\u00e1tica da Fiscaliza\u00e7\u00e3o Preventiva Integrada da Bacia Hidrogr\u00e1fica do Rio S\u00e3o Francisco resgatou, nesta segunda-feira (12), 11 mil peixes e camar\u00f5es extra\u00eddos do Rio S\u00e3o Francisco de forma ilegal. A a\u00e7\u00e3o, que aconteceu em trecho do rio entre a cidade de Penedo e o povoado Sa\u00fade, em Ne\u00f3polis, munic\u00edpio do interior de Sergipe, resultou ainda na apreens\u00e3o de 2.288 covos feitos com tala pl\u00e1stica e espa\u00e7amento inferior ao permitido.<\/span><\/p>\n<p style=\"text-align: justify;\"><span style=\"font-size: 14pt;\">O covo \u00e9 uma armadilha feita artesanalmente e usada para a captura, em especial, do camar\u00e3o. No entanto, durante a 9\u00aa etapa da FPI do S\u00e3o Francisco, os fiscais t\u00eam apreendido o material fora dos padr\u00f5es recomendados, o que representa uma amea\u00e7a \u00e0s esp\u00e9cies. Isso porque, em virtude do espa\u00e7amento diminuto entre as talas, a armadilha acaba capturando animais muito pequenos e, com isso, impedindo sua perpetua\u00e7\u00e3o.\u00a0<\/span><\/p>\n<p style=\"text-align: justify;\"><span style=\"font-size: 14pt;\">Todos os covos apreendidos foram destru\u00eddos. J\u00e1 os camar\u00f5es e peixes que estavam no interior das armadilhas ilegais foram soltos em local distinto daquele onde se deu a apreens\u00e3o.<\/span><\/p>\n<p style=\"text-align: justify;\"><span style=\"font-size: 14pt;\">Rivaldo Couto analista ambiental do Instituto Brasileiro e dos Recursos Naturais Renov\u00e1veis (Ibama), que integra a FPI, e coordenador da equipe Aqu\u00e1tica. Ele faz um alerta sobre o desequil\u00edbrio que a pesca predat\u00f3ria \u00e9 capaz de provocar no ecossistema.<\/span><\/p>\n<p style=\"text-align: justify;\"><span style=\"font-size: 14pt;\">\u201cApesar de termos encontrado muitos covos fabricados com talas de origem vegetal, os mesmos apresentavam espa\u00e7amento muito inferior ao permitido. Felizmente, tivemos uma demonstra\u00e7\u00e3o de que a mat\u00e9ria-prima para fabrica\u00e7\u00e3o dos covos tradicionais ainda \u00e9 encontrada, apesar de os pescadores insistirem na confec\u00e7\u00e3o dos covos altamente predat\u00f3rios, com quase nenhum espa\u00e7amento, de modo a capturar esp\u00e9cies muito jovens\u201d, analisa o coordenador.<\/span><\/p>\n<p style=\"text-align: justify;\"><span style=\"font-size: 14pt;\">A equipe 4 da FPI do S\u00e3o Francisco \u2013 que segue com a\u00e7\u00f5es de fiscaliza\u00e7\u00e3o nesta ter\u00e7a-feira (13) \u2013 tamb\u00e9m \u00e9 composta por membros da Marinha, Batalh\u00e3o de Pol\u00edcia Ambiental (BPA) e Instituto do Meio Ambiente (IMA).<\/span><\/p>\n","protected":false},"excerpt":{"rendered":"<p> [&hellip;]<\/p>\n","protected":false},"author":2,"featured_media":6113,"comment_status":"open","ping_status":"open","sticky":false,"template":"","format":"standard","meta":{"om_disable_all_campaigns":false,"_monsterinsights_skip_tracking":false,"_monsterinsights_sitenote_active":false,"_monsterinsights_sitenote_note":"","_monsterinsights_sitenote_category":0,"_uf_show_specific_survey":0,"_uf_disable_surveys":false,"footnotes":""},"categories":[38],"tags":[],"class_list":["post-6112","post","type-post","status-publish","format-standard","has-post-thumbnail","hentry","category-not_fpi"],"aioseo_notices":[],"_links":{"self":[{"href":"https:\/\/www.mpal.mp.br\/index.php?rest_route=\/wp\/v2\/posts\/6112","targetHints":{"allow":["GET"]}}],"collection":[{"href":"https:\/\/www.mpal.mp.br\/index.php?rest_route=\/wp\/v2\/posts"}],"about":[{"href":"https:\/\/www.mpal.mp.br\/index.php?rest_route=\/wp\/v2\/types\/post"}],"author":[{"embeddable":true,"href":"https:\/\/www.mpal.mp.br\/index.php?rest_route=\/wp\/v2\/users\/2"}],"replies":[{"embeddable":true,"href":"https:\/\/www.mpal.mp.br\/index.php?rest_route=%2Fwp%2Fv2%2Fcomments&post=6112"}],"version-history":[{"count":1,"href":"https:\/\/www.mpal.mp.br\/index.php?rest_route=\/wp\/v2\/posts\/6112\/revisions"}],"predecessor-version":[{"id":6114,"href":"https:\/\/www.mpal.mp.br\/index.php?rest_route=\/wp\/v2\/posts\/6112\/revisions\/6114"}],"wp:featuredmedia":[{"embeddable":true,"href":"https:\/\/www.mpal.mp.br\/index.php?rest_route=\/wp\/v2\/media\/6113"}],"wp:attachment":[{"href":"https:\/\/www.mpal.mp.br\/index.php?rest_route=%2Fwp%2Fv2%2Fmedia&parent=6112"}],"wp:term":[{"taxonomy":"category","embeddable":true,"href":"https:\/\/www.mpal.mp.br\/index.php?rest_route=%2Fwp%2Fv2%2Fcategories&post=6112"},{"taxonomy":"post_tag","embeddable":true,"href":"https:\/\/www.mpal.mp.br\/index.php?rest_route=%2Fwp%2Fv2%2Ftags&post=6112"}],"curies":[{"name":"wp","href":"https:\/\/api.w.org\/{rel}","templated":true}]}}