{"id":60949,"date":"2025-09-01T10:03:33","date_gmt":"2025-09-01T13:03:33","guid":{"rendered":"https:\/\/www.mpal.mp.br\/?p=60949"},"modified":"2025-09-11T10:08:18","modified_gmt":"2025-09-11T13:08:18","slug":"projeto-o-futuro-e-agora-mpal-na-luta-contra-a-fome","status":"publish","type":"post","link":"https:\/\/www.mpal.mp.br\/?p=60949","title":{"rendered":"Projeto &#8211; O Futuro \u00e9 agora &#8211; MPAL na luta contra a fome"},"content":{"rendered":"<p><div class=\"fusion-fullwidth fullwidth-box fusion-builder-row-1 nonhundred-percent-fullwidth non-hundred-percent-height-scrolling\"  style='background-color: #ffffff;background-position: center center;background-repeat: no-repeat;padding-top:0px;padding-right:0px;padding-bottom:0px;padding-left:0px;'><div class=\"fusion-builder-row fusion-row \"><div  class=\"fusion-layout-column fusion_builder_column fusion_builder_column_1_1 fusion-builder-column-1 fusion-one-full fusion-column-first fusion-column-last 1_1\"  style='margin-top:0px;margin-bottom:20px;'>\n\t\t\t\t\t<div class=\"fusion-column-wrapper\" style=\"padding: 0px 0px 0px 0px;background-position:left top;background-repeat:no-repeat;-webkit-background-size:cover;-moz-background-size:cover;-o-background-size:cover;background-size:cover;\"   data-bg-url=\"\">\n\t\t\t\t\t\t<div class=\"fusion-text\"><div class=\"wpb_text_column wpb_content_element \" data-raofz=\"14\">\n<div id=\"ct_86stlyctqtlscocy50gx\" class=\"wpb_wrapper\" data-raofz=\"14\">\n<p style=\"text-align: justify;\"><strong><span style=\"font-size: 14pt;\">Minist\u00e9rio P\u00fablico do Estado de Alagoas<\/span><\/strong><\/p>\n<p style=\"text-align: justify;\"><span style=\"font-size: 14pt;\"><strong>INOVA <\/strong>| Sistema de Gest\u00e3o de Projetos e Processos<\/span><\/p>\n<p style=\"text-align: justify;\"><span style=\"font-size: 14pt;\">O FUTURO \u00c9 AGORA. MP\/AL NA LUTA CONTRA A FOME.<\/span><\/p>\n<p style=\"text-align: justify;\"><span style=\"font-size: 14pt;\"><strong>Tipo: <\/strong>Projeto\u00a0\u00a0\u00a0\u00a0\u00a0\u00a0\u00a0\u00a0\u00a0\u00a0\u00a0\u00a0\u00a0\u00a0\u00a0\u00a0\u00a0\u00a0\u00a0\u00a0\u00a0\u00a0\u00a0\u00a0\u00a0\u00a0\u00a0\u00a0\u00a0\u00a0\u00a0\u00a0 <strong>\u00c1rea Regional: <\/strong>Munic\u00edpio de origem n\u00e3o informado<\/span><\/p>\n<p style=\"text-align: justify;\"><span style=\"font-size: 14pt;\"><strong>Status: <\/strong>Em elabora\u00e7\u00e3o\u00a0 \u00a0 \u00a0 \u00a0 \u00a0 \u00a0 \u00a0 \u00a0 \u00a0 \u00a0<strong>Unidade: <\/strong>Unidade de origem n\u00e3o informada<\/span><\/p>\n<p style=\"text-align: justify;\"><strong><span style=\"font-size: 14pt;\">::: Problema\/ Oportunidade<\/span><\/strong><\/p>\n<p style=\"text-align: justify;\"><span style=\"font-size: 14pt;\">A presente a\u00e7\u00e3o \u00e9 necess\u00e1ria para enfrentar uma das mais graves viola\u00e7\u00f5es de direitos humanos: a fome, especialmente entre crian\u00e7as e adolescentes em situa\u00e7\u00e3o de vulnerabilidade socioecon\u00f4mica no estado de Alagoas. Esse projeto busca garantir e fortalecer a prote\u00e7\u00e3o do Direito Humano \u00e0 Alimenta\u00e7\u00e3o e Nutri\u00e7\u00e3o Adequadas (DHANA), conforme estabelecido na Recomenda\u00e7\u00e3o n\u00ba 97\/2023 do CNMP, o que evidencia sua origem em uma demanda legal. Al\u00e9m disso, a sua necessidade decorre do cen\u00e1rio alarmante de inseguran\u00e7a alimentar que afeta diretamente o desenvolvimento f\u00edsico, cognitivo e social de crian\u00e7as e adolescentes. Isso em raz\u00e3o de que, a aus\u00eancia de pol\u00edticas p\u00fablicas eficazes ou a n\u00e3o ades\u00e3o dos munic\u00edpios ao Sistema Nacional de Seguran\u00e7a Alimentar e Nutricional (SISAN) agrava a vulnerabilidade desse p\u00fablico, exigindo uma atua\u00e7\u00e3o mais estrat\u00e9gica e coordenada do Minist\u00e9rio P\u00fablico de Alagoas. A partir da a\u00e7\u00e3o proposta, ser\u00e1 permitido o fortalecimento da atua\u00e7\u00e3o das Promotorias de Justi\u00e7a na defesa do DHANA, a promo\u00e7\u00e3o de parcerias institucionais, a capacita\u00e7\u00e3o de agentes envolvidos na rede de prote\u00e7\u00e3o e o fomento da cria\u00e7\u00e3o ou ades\u00e3o a pol\u00edticas p\u00fablicas locais. Caso n\u00e3o seja executada, a omiss\u00e3o poder\u00e1 resultar na perpetua\u00e7\u00e3o da fome e desnutri\u00e7\u00e3o infantil, agravando desigualdades sociais e comprometendo direitos fundamentais assegurados constitucionalmente. Entre os benef\u00edcios esperados destacam-se: &#8211; Maior protagonismo do MP\/AL na garantia dos direitos humanos; &#8211; Amplia\u00e7\u00e3o da rede de prote\u00e7\u00e3o \u00e0s crian\u00e7as e adolescentes; &#8211; Est\u00edmulo \u00e0 ades\u00e3o dos munic\u00edpios ao SISAN ou \u00e0 implementa\u00e7\u00e3o de pol\u00edticas pr\u00f3prias; &#8211; Produ\u00e7\u00e3o de pe\u00e7as jur\u00eddicas e extrajudiciais que contribuam para a efetividade dos direitos; &#8211; Sensibiliza\u00e7\u00e3o e capacita\u00e7\u00e3o de agentes p\u00fablicos e da sociedade civil sobre a import\u00e2ncia do DHANA. Portanto, esta iniciativa alinha-se ao Plano Estrat\u00e9gico do MPAL (2023\u20132029) e ao Plano Geral de Atua\u00e7\u00e3o (2023\u20132026), refor\u00e7ando o papel institucional do MP na promo\u00e7\u00e3o da justi\u00e7a social e na prote\u00e7\u00e3o dos grupos mais vulner\u00e1veis.<\/span><\/p>\n<p style=\"text-align: justify;\"><strong><span style=\"font-size: 14pt;\">::: Objetivo<\/span><\/strong><\/p>\n<p style=\"text-align: justify;\"><span style=\"font-size: 14pt;\">Gerais: Promover, at\u00e9 dezembro de 2025, uma atua\u00e7\u00e3o estrat\u00e9gica e ampliada do Minist\u00e9rio P\u00fablico de Alagoas na garantia do Direito Humano \u00e0 Alimenta\u00e7\u00e3o e Nutri\u00e7\u00e3o Adequadas (DHANA) de crian\u00e7as, adolescentes e suas fam\u00edlias em situa\u00e7\u00e3o de vulnerabilidade socioecon\u00f4mica, por meio de articula\u00e7\u00e3o institucional, emiss\u00e3o de pe\u00e7as extrajudiciais\/judiciais e apoio \u00e0 implementa\u00e7\u00e3o de pol\u00edticas p\u00fablicas municipais. Espec\u00edficos: Firmar, at\u00e9 agosto de 2024, ao menos 3 parcerias institucionais com universidades, conselhos de seguran\u00e7a alimentar ou associa\u00e7\u00f5es municipais para apoio t\u00e9cnico e institucional ao projeto. Indicador: n\u00famero de conv\u00eanios\/parcerias formalizadas. Produzir e distribuir, at\u00e9 setembro de 2024, 300 cartilhas e 300 cartazes informativos sobre o DHANA, destinados \u00e0 sensibiliza\u00e7\u00e3o das Promotorias e da sociedade civil. Indicador: quantidade de materiais gr\u00e1ficos produzidos e distribu\u00eddos. Realizar, at\u00e9 setembro de 2024, pelo menos 4 encontros de capacita\u00e7\u00e3o voltados a membros do MP\/AL e parceiros institucionais sobre a atua\u00e7\u00e3o ministerial em defesa do DHANA. Indicador: n\u00famero de capacita\u00e7\u00f5es realizadas e participantes capacitados. Aumentar, at\u00e9 dezembro de 2025, o n\u00famero de Promotorias de Justi\u00e7a com ades\u00e3o ativa ao projeto e que tenham expedido pelo menos uma pe\u00e7a extrajudicial ou judicial em defesa do DHANA. Indicador: n\u00famero de Promotorias aderentes e pe\u00e7as emitidas. Apresentar, at\u00e9 dezembro de 2025, relat\u00f3rio final de execu\u00e7\u00e3o do projeto em semin\u00e1rio institucional no MP\/AL, sistematizando os resultados alcan\u00e7ados, boas pr\u00e1ticas e desafios enfrentados. Indicador: realiza\u00e7\u00e3o do semin\u00e1rio e entrega do relat\u00f3rio final.<\/span><\/p>\n<p style=\"text-align: justify;\"><strong><span style=\"font-size: 14pt;\">::: Escopo<\/span><\/strong><\/p>\n<p style=\"text-align: justify;\"><span style=\"font-size: 14pt;\">Firmamento de parcerias institucionais com universidades, conselhos de seguran\u00e7a alimentar e nutricional, e associa\u00e7\u00f5es municipais, visando \u00e0 articula\u00e7\u00e3o e ao fortalecimento da rede de prote\u00e7\u00e3o social. &#8211; Material gr\u00e1fico produzido e distribu\u00eddo, composto por: 300 cartilhas educativas sobre o Direito Humano \u00e0 Alimenta\u00e7\u00e3o e Nutri\u00e7\u00e3o Adequadas (DHANA), direcionadas \u00e0s Promotorias e \u00e0 comunidade; 300 cartazes informativos para ampla divulga\u00e7\u00e3o da tem\u00e1tica nos munic\u00edpios participantes. &#8211; Modelos de pe\u00e7as t\u00e9cnicas elaboradas, com a disponibiliza\u00e7\u00e3o de minutas padronizadas para atua\u00e7\u00e3o extrajudicial e judicial na defesa do DHANA pelas Promotorias de Justi\u00e7a. &#8211; Capacita\u00e7\u00f5es realizadas para membros do Minist\u00e9rio P\u00fablico de Alagoas e institui\u00e7\u00f5es parceiras, com foco na atua\u00e7\u00e3o pr\u00e1tica em casos de viola\u00e7\u00e3o ao DHANA e na constru\u00e7\u00e3o de pol\u00edticas p\u00fablicas municipais. &#8211; Apoio t\u00e9cnico e institucional \u00e0s Promotorias, com est\u00edmulo \u00e0 ades\u00e3o ao projeto e ao SISAN, al\u00e9m do acompanhamento e incentivo \u00e0 expedi\u00e7\u00e3o de pe\u00e7as extrajudiciais ou judiciais. &#8211; Relat\u00f3rio final do projeto, com consolida\u00e7\u00e3o de resultados, avalia\u00e7\u00e3o de impacto e registro das boas pr\u00e1ticas, apresentado em semin\u00e1rio institucional no MP\/AL.<\/span><\/p>\n<p style=\"text-align: justify;\"><strong><span style=\"font-size: 14pt;\">::: N\u00e3o Escopo<\/span><\/strong><\/p>\n<p style=\"text-align: justify; padding-left: 40px;\"><span style=\"font-size: 14pt;\">O projeto n\u00e3o contempla: &#8211; Distribui\u00e7\u00e3o direta de alimentos ou cestas b\u00e1sicas \u00e0s fam\u00edlias em situa\u00e7\u00e3o de vulnerabilidade, por se tratar de atribui\u00e7\u00e3o de outras esferas governamentais e da sociedade civil. &#8211; Cria\u00e7\u00e3o ou financiamento de programas assistenciais permanentes, uma vez que o projeto se limita \u00e0 indu\u00e7\u00e3o de pol\u00edticas p\u00fablicas municipais e \u00e0 atua\u00e7\u00e3o institucional do MP\/AL. &#8211; Atua\u00e7\u00e3o individualizada em todos os casos de inseguran\u00e7a alimentar no estado, considerando que o projeto prioriza a\u00e7\u00f5es estruturantes e estrat\u00e9gicas. &#8211; Implementa\u00e7\u00e3o direta de pol\u00edticas p\u00fablicas municipais de seguran\u00e7a alimentar e nutricional, cabendo ao MP\/AL apenas estimular e fiscalizar sua cria\u00e7\u00e3o e efetividade. &#8211; Contrata\u00e7\u00e3o de novos servidores ou pessoal tempor\u00e1rio, sendo as atividades executadas pela equipe existente ou por meio de parcerias institucionais<\/span><\/p>\n<p style=\"text-align: justify;\"><strong><span style=\"font-size: 14pt;\">::: Premissas<\/span><\/strong><\/p>\n<p style=\"text-align: justify; padding-left: 40px;\"><span style=\"font-size: 14pt;\">As Promotorias de Justi\u00e7a aderir\u00e3o voluntariamente ao projeto, comprometendo-se com a execu\u00e7\u00e3o de a\u00e7\u00f5es concretas (expedi\u00e7\u00e3o de pe\u00e7as extrajudiciais ou judiciais), no sentido de provocar a ades\u00e3o dos munic\u00edpios ao SISAN ou implementar pol\u00edticas p\u00fablicas pr\u00f3prias de seguran\u00e7a alimentar e nutricional. &#8211; Haver\u00e1 disponibilidade de tempo e dedica\u00e7\u00e3o da equipe envolvida, especialmente dos membros respons\u00e1veis e da ger\u00eancia do projeto. &#8211; As institui\u00e7\u00f5es parceiras (universidades, conselhos e associa\u00e7\u00f5es) manter\u00e3o o compromisso de apoio t\u00e9cnico e institucional ao longo do projeto. &#8211; Haver\u00e1 apoio log\u00edstico m\u00ednimo da estrutura administrativa do MP\/AL para viagens, eventos e produ\u00e7\u00e3o de materiais. &#8211; As capacita\u00e7\u00f5es contar\u00e3o com ades\u00e3o e participa\u00e7\u00e3o efetiva dos p\u00fablicos-alvo (membros do MP\/AL e parceiros).<\/span><\/p>\n<p style=\"text-align: justify;\"><strong><span style=\"font-size: 14pt;\">::: Restri\u00e7\u00f5es<\/span><\/strong><\/p>\n<p style=\"text-align: justify; padding-left: 40px;\"><span style=\"font-size: 14pt;\">Or\u00e7amento limitado \u00e0 produ\u00e7\u00e3o de 300 cartazes (R$ 950,00) e 300 cartilhas (R$ 3.600,00), n\u00e3o sendo poss\u00edvel ampliar esse quantitativo sem suplementa\u00e7\u00e3o. &#8211; Per\u00edodo m\u00e1ximo de execu\u00e7\u00e3o: 12 meses, com t\u00e9rmino previsto at\u00e9 dezembro de 2025, o que exige cumprimento rigoroso do cronograma. &#8211; Equipe fixa e limitada: n\u00e3o haver\u00e1 contrata\u00e7\u00e3o de novos servidores ou apoio t\u00e9cnico externo cont\u00ednuo, sendo todas as a\u00e7\u00f5es executadas pela equipe do MP\/AL e parceiros volunt\u00e1rios. &#8211; Depend\u00eancia de di\u00e1rias e ve\u00edculos institucionais para viagens ao interior, sujeitas \u00e0 disponibilidade or\u00e7ament\u00e1ria e log\u00edstica do \u00f3rg\u00e3o. &#8211; Gratifica\u00e7\u00f5es previamente definidas para a gerente do projeto, sem margem para reajustes durante a execu\u00e7\u00e3o.<\/span><\/p>\n<\/div>\n<\/div>\n<\/div><div class=\"fusion-builder-row fusion-builder-row-inner fusion-row \"><div  class=\"fusion-layout-column fusion_builder_column fusion_builder_column_1_2  fusion-one-half fusion-column-first 1_2\"  style='margin-top: 30px;margin-bottom: 20px;width:50%;width:calc(50% - ( ( 4% ) * 0.5 ) );margin-right:4%;'><div class=\"fusion-column-wrapper fusion-column-wrapper-1\" style=\"padding: 0px 0px 0px 0px;background-position:left top;background-repeat:no-repeat;-webkit-background-size:cover;-moz-background-size:cover;-o-background-size:cover;background-size:cover;\"  data-bg-url=\"\"><style type=\"text\/css\"><\/style><div class=\"fusion-title title fusion-title-1 fusion-title-center fusion-title-text fusion-title-size-two\" style=\"margin-top:0px;margin-bottom:31px;\"><div class=\"title-sep-container title-sep-container-left\"><div class=\"title-sep sep-double sep-solid\" style=\"border-color:#e0dede;\"><\/div><\/div><h2 class=\"title-heading-center\" style=\"margin:0;\">RESPONS\u00c1VEIS<\/h2><div class=\"title-sep-container title-sep-container-right\"><div class=\"title-sep sep-double sep-solid\" style=\"border-color:#e0dede;\"><\/div><\/div><\/div><div class=\"fusion-text\"><p style=\"text-align: center;\"><span style=\"font-size: 14pt; color: #003866;\" data-raofz=\"14\">ALEXANDRA BEURLEN<\/span><\/p>\n<\/div><div class=\"fusion-text\"><p style=\"text-align: center;\"><span style=\"font-size: 14pt; color: #003866;\" data-raofz=\"14\">MARIA LUISA OLIVEIRA DIAS PINTO<\/span><\/p>\n<\/div><div class=\"fusion-text\"><p style=\"text-align: center;\"><span style=\"font-size: 14pt; color: #003866;\" data-raofz=\"14\">PAULO HENRIQUE CARVALHO PRADO<\/span><\/p>\n<\/div><\/div><\/div><div  class=\"fusion-layout-column fusion_builder_column fusion_builder_column_1_2  fusion-one-half fusion-column-last 1_2\"  style='margin-top: 30px;margin-bottom: 20px;width:50%;width:calc(50% - ( ( 4% ) * 0.5 ) );'><div class=\"fusion-column-wrapper fusion-column-wrapper-2\" style=\"padding: 0px 0px 0px 0px;background-position:left top;background-repeat:no-repeat;-webkit-background-size:cover;-moz-background-size:cover;-o-background-size:cover;background-size:cover;\"  data-bg-url=\"\"><style type=\"text\/css\"><\/style><div class=\"fusion-title title fusion-title-2 fusion-title-center fusion-title-text fusion-title-size-two\" style=\"margin-top:0px;margin-bottom:31px;\"><div class=\"title-sep-container title-sep-container-left\"><div class=\"title-sep sep-double sep-solid\" style=\"border-color:#e0dede;\"><\/div><\/div><h2 class=\"title-heading-center\" style=\"margin:0;\">CONTATOS<\/h2><div class=\"title-sep-container title-sep-container-right\"><div class=\"title-sep sep-double sep-solid\" style=\"border-color:#e0dede;\"><\/div><\/div><\/div><div class=\"fusion-text\"><p style=\"text-align: center;\"><span style=\"font-size: 14pt; color: #003866;\" data-raofz=\"14\">(82) 2122-3643<\/span><\/p>\n<\/div><div class=\"fusion-text\"><p style=\"text-align: center;\"><span style=\"font-size: 14pt; color: #003866;\" data-raofz=\"14\">(82) 2122-3700<\/span><\/p>\n<\/div><div class=\"fusion-text\"><p style=\"text-align: center;\"><span style=\"font-size: 14pt; color: #003866;\" data-raofz=\"14\">(82) 2122-3697<\/span><\/p>\n<\/div><\/div><\/div><\/div><div class=\"fusion-sep-clear\"><\/div><div class=\"fusion-separator fusion-full-width-sep sep-none\" style=\"margin-left: auto;margin-right: auto;margin-top:10px;\"><\/div><style type=\"text\/css\"><\/style><div class=\"fusion-title title fusion-title-3 fusion-title-text fusion-title-size-three\" style=\"margin-top:40px;margin-bottom:31px;\"><h3 class=\"title-heading-left\" style=\"margin:0;color:#ffffff;\"><strong><span style=\"font-size: 14pt; color: #003866;\">Anexos<\/span><\/strong><\/h3><div class=\"title-sep-container\"><div class=\"title-sep sep-double sep-solid\" style=\"border-color:#003866;\"><\/div><\/div><\/div><div class=\"fusion-text\"><p><span style=\"font-size: 14pt;\"><i class=\"fontawesome-icon fa-file-pdf fas circle-no\" style=\"font-size:18px;margin-right:9px;color:#003866;\"><\/i><a href=\"https:\/\/www.mpal.mp.br\/wp-content\/uploads\/2025\/09\/Projeto-MPAL-na-luta-contra-a-fome.pdf\" target=\"_blank\" rel=\"noopener\">Projeto &#8211; O Futuro \u00e9 agora &#8211; MPAL na luta contra a fome &#8211; INOVA<\/a><\/span><\/p>\n<\/div><div class=\"fusion-clearfix\"><\/div>\n\n\t\t\t\t\t<\/div>\n\t\t\t\t<\/div><\/div><\/div><div class=\"fusion-fullwidth fullwidth-box fusion-builder-row-2 nonhundred-percent-fullwidth non-hundred-percent-height-scrolling\"  style='background-color: #ffffff;background-position: center center;background-repeat: no-repeat;padding-top:0px;padding-right:0px;padding-bottom:0px;padding-left:0px;'><div class=\"fusion-builder-row fusion-row \"><div  class=\"fusion-layout-column fusion_builder_column fusion_builder_column_1_1 fusion-builder-column-2 fusion-one-full fusion-column-first fusion-column-last 1_1\"  style='margin-top:0px;margin-bottom:20px;'>\n\t\t\t\t\t<div class=\"fusion-column-wrapper\" style=\"padding: 0px 0px 0px 0px;background-position:left top;background-repeat:no-repeat;-webkit-background-size:cover;-moz-background-size:cover;-o-background-size:cover;background-size:cover;\"   data-bg-url=\"\">\n\t\t\t\t\t\t<style type=\"text\/css\"><\/style><div class=\"fusion-title title fusion-title-4 fusion-title-center fusion-title-text fusion-title-size-three\" style=\"margin-top:40px;margin-bottom:31px;\"><div class=\"title-sep-container title-sep-container-left\"><div class=\"title-sep sep-double sep-solid\" style=\"border-color:#003866;\"><\/div><\/div><h3 class=\"title-heading-center\" style=\"margin:0;color:#ffffff;\"><span style=\"color: #808080;\"><strong><span style=\"font-size: 14pt;\">\u00daltimos Projetos<\/span><\/strong><\/span><\/h3><div class=\"title-sep-container title-sep-container-right\"><div class=\"title-sep sep-double sep-solid\" style=\"border-color:#003866;\"><\/div><\/div><\/div><div class=\"fusion-recent-posts fusion-recent-posts-1 avada-container layout-default layout-columns-1\"><section class=\"fusion-columns columns fusion-columns-1 columns-1\"><article class=\"post fusion-column column col col-lg-12 col-md-12 col-sm-12\"><div class=\"recent-posts-content\"><span class=\"vcard\" style=\"display: none;\"><span class=\"fn\"><a href=\"https:\/\/www.mpal.mp.br\/?author=2\" title=\"Posts de Administrador03\" rel=\"author\">Administrador03<\/a><\/span><\/span><span class=\"updated\" style=\"display:none;\">2025-09-10T10:10:39-03:00<\/span><h4 class=\"entry-title\"><a href=\"https:\/\/www.mpal.mp.br\/?p=60868\">Projeto &#8211; PM: Quero Paz!<\/a><\/h4><\/div><\/article><article class=\"post fusion-column column col col-lg-12 col-md-12 col-sm-12\"><div class=\"recent-posts-content\"><span class=\"vcard\" style=\"display: none;\"><span class=\"fn\"><a href=\"https:\/\/www.mpal.mp.br\/?author=2\" title=\"Posts de Administrador03\" rel=\"author\">Administrador03<\/a><\/span><\/span><span class=\"updated\" style=\"display:none;\">2025-09-10T08:45:48-03:00<\/span><h4 class=\"entry-title\"><a href=\"https:\/\/www.mpal.mp.br\/?p=60799\">Projeto &#8211; Acolher para Proteger<\/a><\/h4><\/div><\/article><article class=\"post fusion-column column col col-lg-12 col-md-12 col-sm-12\"><div class=\"recent-posts-content\"><span class=\"vcard\" style=\"display: none;\"><span class=\"fn\"><a href=\"https:\/\/www.mpal.mp.br\/?author=2\" title=\"Posts de Administrador03\" rel=\"author\">Administrador03<\/a><\/span><\/span><span class=\"updated\" style=\"display:none;\">2025-09-11T10:08:18-03:00<\/span><h4 class=\"entry-title\"><a href=\"https:\/\/www.mpal.mp.br\/?p=60949\">Projeto &#8211; O Futuro \u00e9 agora &#8211; MPAL na luta contra a fome<\/a><\/h4><\/div><\/article><article class=\"post fusion-column column col col-lg-12 col-md-12 col-sm-12\"><div class=\"recent-posts-content\"><span class=\"vcard\" style=\"display: none;\"><span class=\"fn\"><a href=\"https:\/\/www.mpal.mp.br\/?author=2\" title=\"Posts de Administrador03\" rel=\"author\">Administrador03<\/a><\/span><\/span><span class=\"updated\" style=\"display:none;\">2025-09-10T09:53:04-03:00<\/span><h4 class=\"entry-title\"><a href=\"https:\/\/www.mpal.mp.br\/?p=60854\">Projeto &#8211; O Fomento do terceiro<\/a><\/h4><\/div><\/article><article class=\"post fusion-column column col col-lg-12 col-md-12 col-sm-12\"><div class=\"recent-posts-content\"><span class=\"vcard\" style=\"display: none;\"><span class=\"fn\"><a href=\"https:\/\/www.mpal.mp.br\/?author=2\" title=\"Posts de Administrador03\" rel=\"author\">Administrador03<\/a><\/span><\/span><span class=\"updated\" style=\"display:none;\">2025-09-10T09:45:49-03:00<\/span><h4 class=\"entry-title\"><a href=\"https:\/\/www.mpal.mp.br\/?p=60846\">Projeto &#8211; Nossa Educa\u00e7\u00e3o daria um Livro<\/a><\/h4><\/div><\/article><article class=\"post fusion-column column col col-lg-12 col-md-12 col-sm-12\"><div class=\"recent-posts-content\"><span class=\"vcard\" style=\"display: none;\"><span class=\"fn\"><a href=\"https:\/\/www.mpal.mp.br\/?author=2\" title=\"Posts de Administrador03\" rel=\"author\">Administrador03<\/a><\/span><\/span><span class=\"updated\" style=\"display:none;\">2025-09-10T08:56:41-03:00<\/span><h4 class=\"entry-title\"><a href=\"https:\/\/www.mpal.mp.br\/?p=60806\">Projeto &#8211; Educar e Proteger<\/a><\/h4><\/div><\/article><\/section><\/div><div class=\"fusion-clearfix\"><\/div>\n\n\t\t\t\t\t<\/div>\n\t\t\t\t<\/div><\/div><\/div><\/p>\n","protected":false},"excerpt":{"rendered":"","protected":false},"author":2,"featured_media":60950,"comment_status":"open","ping_status":"open","sticky":false,"template":"","format":"standard","meta":{"om_disable_all_campaigns":false,"_monsterinsights_skip_tracking":false,"_monsterinsights_sitenote_active":false,"_monsterinsights_sitenote_note":"","_monsterinsights_sitenote_category":0,"_uf_show_specific_survey":0,"_uf_disable_surveys":false,"footnotes":""},"categories":[28],"tags":[],"class_list":["post-60949","post","type-post","status-publish","format-standard","has-post-thumbnail","hentry","category-projetos"],"aioseo_notices":[],"_links":{"self":[{"href":"https:\/\/www.mpal.mp.br\/index.php?rest_route=\/wp\/v2\/posts\/60949","targetHints":{"allow":["GET"]}}],"collection":[{"href":"https:\/\/www.mpal.mp.br\/index.php?rest_route=\/wp\/v2\/posts"}],"about":[{"href":"https:\/\/www.mpal.mp.br\/index.php?rest_route=\/wp\/v2\/types\/post"}],"author":[{"embeddable":true,"href":"https:\/\/www.mpal.mp.br\/index.php?rest_route=\/wp\/v2\/users\/2"}],"replies":[{"embeddable":true,"href":"https:\/\/www.mpal.mp.br\/index.php?rest_route=%2Fwp%2Fv2%2Fcomments&post=60949"}],"version-history":[{"count":4,"href":"https:\/\/www.mpal.mp.br\/index.php?rest_route=\/wp\/v2\/posts\/60949\/revisions"}],"predecessor-version":[{"id":60955,"href":"https:\/\/www.mpal.mp.br\/index.php?rest_route=\/wp\/v2\/posts\/60949\/revisions\/60955"}],"wp:featuredmedia":[{"embeddable":true,"href":"https:\/\/www.mpal.mp.br\/index.php?rest_route=\/wp\/v2\/media\/60950"}],"wp:attachment":[{"href":"https:\/\/www.mpal.mp.br\/index.php?rest_route=%2Fwp%2Fv2%2Fmedia&parent=60949"}],"wp:term":[{"taxonomy":"category","embeddable":true,"href":"https:\/\/www.mpal.mp.br\/index.php?rest_route=%2Fwp%2Fv2%2Fcategories&post=60949"},{"taxonomy":"post_tag","embeddable":true,"href":"https:\/\/www.mpal.mp.br\/index.php?rest_route=%2Fwp%2Fv2%2Ftags&post=60949"}],"curies":[{"name":"wp","href":"https:\/\/api.w.org\/{rel}","templated":true}]}}