{"id":60945,"date":"2024-01-12T10:00:30","date_gmt":"2024-01-12T13:00:30","guid":{"rendered":"https:\/\/www.mpal.mp.br\/?p=60945"},"modified":"2025-09-11T10:00:59","modified_gmt":"2025-09-11T13:00:59","slug":"projeto-reorganizando-a-raps","status":"publish","type":"post","link":"https:\/\/www.mpal.mp.br\/?p=60945","title":{"rendered":"Projeto &#8211; Reorganizando a RAPS"},"content":{"rendered":"<p><div class=\"fusion-fullwidth fullwidth-box fusion-builder-row-1 nonhundred-percent-fullwidth non-hundred-percent-height-scrolling\"  style='background-color: #ffffff;background-position: center center;background-repeat: no-repeat;padding-top:0px;padding-right:0px;padding-bottom:0px;padding-left:0px;'><div class=\"fusion-builder-row fusion-row \"><div  class=\"fusion-layout-column fusion_builder_column fusion_builder_column_1_1 fusion-builder-column-1 fusion-one-full fusion-column-first fusion-column-last 1_1\"  style='margin-top:0px;margin-bottom:20px;'>\n\t\t\t\t\t<div class=\"fusion-column-wrapper\" style=\"padding: 0px 0px 0px 0px;background-position:left top;background-repeat:no-repeat;-webkit-background-size:cover;-moz-background-size:cover;-o-background-size:cover;background-size:cover;\"   data-bg-url=\"\">\n\t\t\t\t\t\t<div class=\"fusion-text\"><div class=\"wpb_text_column wpb_content_element \" data-raofz=\"14\">\n<div id=\"ct_86stlyctqtlscocy50gx\" class=\"wpb_wrapper\" data-raofz=\"14\">\n<p style=\"text-align: justify;\"><strong><span style=\"font-size: 14pt;\">Minist\u00e9rio P\u00fablico do Estado de Alagoas<\/span><\/strong><\/p>\n<p style=\"text-align: justify;\"><span style=\"font-size: 14pt;\"><strong>INOVA <\/strong>| Sistema de Gest\u00e3o de Projetos e Processos<\/span><\/p>\n<p style=\"text-align: justify;\"><span style=\"font-size: 14pt;\">REORGANIZANDO A RAPS<\/span><\/p>\n<p style=\"text-align: justify;\"><span style=\"font-size: 14pt;\"><strong>Tipo: <\/strong>Projeto\u00a0\u00a0\u00a0\u00a0\u00a0\u00a0\u00a0\u00a0\u00a0\u00a0\u00a0\u00a0\u00a0\u00a0\u00a0\u00a0\u00a0\u00a0\u00a0\u00a0\u00a0\u00a0\u00a0\u00a0\u00a0\u00a0\u00a0\u00a0\u00a0\u00a0\u00a0\u00a0 <strong>\u00c1rea Regional: <\/strong>Munic\u00edpio de origem n\u00e3o informado<\/span><\/p>\n<p style=\"text-align: justify;\"><span style=\"font-size: 14pt;\"><strong>Status: <\/strong>Em elabora\u00e7\u00e3o\u00a0 \u00a0 \u00a0 \u00a0 \u00a0 \u00a0 \u00a0 \u00a0 \u00a0 \u00a0<strong>Unidade: <\/strong>Unidade de origem n\u00e3o informada<\/span><\/p>\n<p style=\"text-align: justify;\"><strong><span style=\"font-size: 14pt;\">::: Problema\/ Oportunidade<\/span><\/strong><\/p>\n<p style=\"text-align: justify;\"><span style=\"font-size: 14pt;\">A sa\u00fade mental no Brasil \u00e9 uma quest\u00e3o de grande relev\u00e2ncia e desafio. O pa\u00eds enfrenta uma demanda crescente por servi\u00e7os de sa\u00fade mental devido a uma s\u00e9rie de fatores, incluindo o estresse da vida moderna, desigualdades sociais, viol\u00eancia, abuso de subst\u00e2ncias e outros determinantes sociais que afetam a sa\u00fade mental da popula\u00e7\u00e3o. Os transtornos mentais, como a depress\u00e3o e a ansiedade, est\u00e3o entre as principais causas de incapacidade no Brasil, afetando milh\u00f5es de pessoas de todas as idades. Nesse contexto, a Rede de Aten\u00e7\u00e3o Psicossocial (RAPS) se torna um pilar fundamental no enfrentamento dos desafios da sa\u00fade mental no pa\u00eds. A RAPS \u00e9 uma iniciativa do Sistema \u00danico de Sa\u00fade (SUS) que visa oferecer uma abordagem integral e humanizada para o tratamento de transtornos mentais e sofrimento ps\u00edquico. Ela \u00e9 composta por uma s\u00e9rie de servi\u00e7os, incluindo Centros de Aten\u00e7\u00e3o Psicossocial (CAPS), unidades de acolhimento, resid\u00eancias terap\u00eauticas, servi\u00e7os de urg\u00eancia e emerg\u00eancia em sa\u00fade mental, entre outros. A import\u00e2ncia da RAPS est\u00e1 relacionada a diversos aspectos como a desinstitucionaliza\u00e7\u00e3o. A RAPS promove a desospitaliza\u00e7\u00e3o, ou seja, a redu\u00e7\u00e3o do n\u00famero de pacientes internados em hospitais psiqui\u00e1tricos. Isso contribui para a humaniza\u00e7\u00e3o do tratamento, evitando a segrega\u00e7\u00e3o de pessoas com transtornos mentais e garantindo que elas recebam cuidados mais pr\u00f3ximos de suas comunidades. Diante deste cen\u00e1rio, o Projeto intenciona promover atividades extrajudiciais ou judiciais a fim de garantir a implanta\u00e7\u00e3o dos servi\u00e7os, j\u00e1 pactuados na Rede de Aten\u00e7\u00e3o Psicossocial (RAPS), nos munic\u00edpios, que preencham requisitos para instala\u00e7\u00e3o dos leitos e equipamentos, ora mencionados e adequados \u00e0s normas preconizadas pelo Minist\u00e9rio da Sa\u00fade. O Estado de Alagoas, juntamente com outros Estados da Federa\u00e7\u00e3o, encontra-se, atualmente, com a estrutura da RAPS \u2013 Rede de Aten\u00e7\u00e3o Psicossocial \u2013 precarizada e com poucos resultados efic\u00e1zes. Basta observar aspectos estruturais dos CAPS, em que se denota a falta de materiais, c\u00f4modos limitados, sem acessibilidade, sem materiais did\u00e1ticos b\u00e1sicos para propor a ressocializa\u00e7\u00e3o e tratamento adequados aos usu\u00e1rios destes servi\u00e7os, entre tantas outras faltas. O resultado dessa desassist\u00eancia culmina, em sua maioria, em expressivo \u00edndice de demandas judiciais, cuja resolu\u00e7\u00e3o est\u00e1 longe de atender a expectativa e efetivamente consolidadar os Direitos afetos \u00e0 dignidade da pessoa humana concernente \u00e0 sa\u00fade mental neste pa\u00eds. Amparados pela convic\u00e7\u00e3o de que o fortalecimento da Rede de Aten\u00e7\u00e3o Psicossocial (RAPS) \u00e9 uma iniciativa essencial para aprimorar o sistema de sa\u00fade mental no Brasil, o projeto espera promover a concretiza\u00e7\u00e3o do que fora pactuado e estimular o melhoramento do acolhimentoe assist\u00eancia aos usu\u00e1rios, atrav\u00e9s de comunica\u00e7\u00e3o eficiente, sa\u00fade or\u00e7ament\u00e1ria e instrumentos tecnol\u00f3gicos, de cunho humanizado. Destarte, a RAPS fomenta servi\u00e7os e a\u00e7\u00f5es voltados para o atendimento de pessoas com transtornos mentais e necessidades psicossociais, tendo como base princ\u00edpios de integralidade, territorialidade, humaniza\u00e7\u00e3o e participa\u00e7\u00e3o social, sem os quais n\u00e3o h\u00e1 raz\u00e3o para almejar um ambiente sol\u00edcito \u00e0s garantias constitucionais<\/span><\/p>\n<p style=\"text-align: justify;\"><strong><span style=\"font-size: 14pt;\">::: Objetivo<\/span><\/strong><\/p>\n<p style=\"text-align: justify;\"><span style=\"font-size: 14pt;\">O Objetivo final desse projeto \u00e9 a plena efici\u00eancia da RAPS\/AL, iniciando-se por a\u00e7\u00f5es promovidas na 10\u00aa Regi\u00e3o de Sa\u00fade do Estado de Alagoas. Objetivos espec\u00edficos: 1.Identificar quais servi\u00e7os da RAPS est\u00e3o pactuados e n\u00e3o instalados, no 1\u00ba m\u00eas \u2013 ap\u00f3s aprova\u00e7\u00e3o; 2.Identificar os motivos pelos quais os servi\u00e7os pactuados ainda n\u00e3o foram instalados; no 2\u00ba m\u00eas \u2013 ap\u00f3s aprova\u00e7\u00e3o; 3 Promover audi\u00eancias com os entes p\u00fablicos respons\u00e1veis para elabora\u00e7\u00e3o de cronograma de execu\u00e7\u00e3o, no 3\u00ba a 5\u00ba m\u00eas \u2013 ap\u00f3s aprova\u00e7\u00e3o; 4 Cobrar a efetiva\u00e7\u00e3o dos servi\u00e7os pactuados, no 6\u00aa a 7\u00aa m\u00eas \u2013 ap\u00f3s aprova\u00e7\u00e3o 5. Em caso de frustra\u00e7\u00e3o das tentativas extrajudiciais, promover as demandas judiciais necess\u00e1rias.<\/span><\/p>\n<p style=\"text-align: justify;\"><strong><span style=\"font-size: 14pt;\">::: Escopo<\/span><\/strong><\/p>\n<p style=\"text-align: justify;\"><span style=\"font-size: 14pt;\">Implementa\u00e7\u00e3o do meio de comunica\u00e7\u00e3o eficaz entre os \u00f3rgaos e o usu\u00e1rio da RAPS, atrav\u00e9s do SOA- Sistema de Otimiza\u00e7\u00e3o de Atendimentos, bem como a efetiva\u00e7\u00e3o das pactua\u00e7\u00f5es atinentes \u00e0 RAPS, notadamente a implanta\u00e7\u00e3o dos leitos, CAPS e demais \u00f3rg\u00e3os de servi\u00e7os pertinentes \u00e0 sa\u00fade mental da 10\u00aaregi\u00e3o<\/span><\/p>\n<p style=\"text-align: justify;\"><strong><span style=\"font-size: 14pt;\">::: N\u00e3o Escopo<\/span><\/strong><\/p>\n<p style=\"text-align: justify; padding-left: 40px;\"><span style=\"font-size: 14pt;\">N\u00e3o haver\u00e1 capacita\u00e7\u00e3o \\&#8221;in loco\\&#8221; para implementa\u00e7\u00e3o do SOA &#8211; Sistema de Otimiza\u00e7\u00e3o de Atendimentos.<\/span><\/p>\n<p style=\"text-align: justify;\"><strong><span style=\"font-size: 14pt;\">::: Premissas<\/span><\/strong><\/p>\n<p style=\"text-align: justify; padding-left: 40px;\"><span style=\"font-size: 14pt;\">1.Pactuar a colabora\u00e7\u00e3o de todos os \u00f3rg\u00e3os e institui\u00e7\u00f5es concernentes ao objetivo proposto, qual seja: reorganizar a RAPS da 10\u00aa regi\u00e3o de sa\u00fade do estado de Alagoas. Em especial o Estado, por meio da secretaria de sa\u00fade e os munic\u00edpios pertinentes.<\/span><\/p>\n<p style=\"text-align: justify; padding-left: 40px;\"><span style=\"font-size: 14pt;\">2.Assinatura do Termo de Coopera\u00e7\u00e3o e Apoio t\u00e9cnico com o MP para implementa\u00e7\u00e3o do SOA nas comarcas do Estado..<\/span><\/p>\n<p style=\"text-align: justify;\"><strong><span style=\"font-size: 14pt;\">::: Restri\u00e7\u00f5es<\/span><\/strong><\/p>\n<p style=\"text-align: justify; padding-left: 40px;\"><span style=\"font-size: 14pt;\">1.Limites or\u00e7ament\u00e1rios e de tempo h\u00e1bil para as demandas decorrentes do projeto. 2.Escassez de pessoal para promover a fiscaliza\u00e7\u00e3o decorrente dos pactos firmados para a Reorganiza\u00e7\u00e3o da RAPS.<\/span><\/p>\n<\/div>\n<\/div>\n<\/div><div class=\"fusion-builder-row fusion-builder-row-inner fusion-row \"><div  class=\"fusion-layout-column fusion_builder_column fusion_builder_column_1_2  fusion-one-half fusion-column-first 1_2\"  style='margin-top: 30px;margin-bottom: 20px;width:50%;width:calc(50% - ( ( 4% ) * 0.5 ) );margin-right:4%;'><div class=\"fusion-column-wrapper fusion-column-wrapper-1\" style=\"padding: 0px 0px 0px 0px;background-position:left top;background-repeat:no-repeat;-webkit-background-size:cover;-moz-background-size:cover;-o-background-size:cover;background-size:cover;\"  data-bg-url=\"\"><style type=\"text\/css\"><\/style><div class=\"fusion-title title fusion-title-1 fusion-title-center fusion-title-text fusion-title-size-two\" style=\"margin-top:0px;margin-bottom:31px;\"><div class=\"title-sep-container title-sep-container-left\"><div class=\"title-sep sep-double sep-solid\" style=\"border-color:#e0dede;\"><\/div><\/div><h2 class=\"title-heading-center\" style=\"margin:0;\">RESPONS\u00c1VEIS<\/h2><div class=\"title-sep-container title-sep-container-right\"><div class=\"title-sep sep-double sep-solid\" style=\"border-color:#e0dede;\"><\/div><\/div><\/div><div class=\"fusion-text\"><p style=\"text-align: center;\"><span style=\"font-size: 14pt; color: #003866;\" data-raofz=\"14\">D\u00c1RIO SANTOS<\/span><\/p>\n<\/div><div class=\"fusion-text\"><p style=\"text-align: center;\"><span style=\"font-size: 14pt; color: #003866;\" data-raofz=\"14\">DENIS GUIMARAES<\/span><\/p>\n<\/div><div class=\"fusion-text\"><p style=\"text-align: center;\"><span style=\"font-size: 14pt; color: #003866;\" data-raofz=\"14\">SHIRLEY VIANA<\/span><\/p>\n<\/div><\/div><\/div><div  class=\"fusion-layout-column fusion_builder_column fusion_builder_column_1_2  fusion-one-half fusion-column-last 1_2\"  style='margin-top: 30px;margin-bottom: 20px;width:50%;width:calc(50% - ( ( 4% ) * 0.5 ) );'><div class=\"fusion-column-wrapper fusion-column-wrapper-2\" style=\"padding: 0px 0px 0px 0px;background-position:left top;background-repeat:no-repeat;-webkit-background-size:cover;-moz-background-size:cover;-o-background-size:cover;background-size:cover;\"  data-bg-url=\"\"><style type=\"text\/css\"><\/style><div class=\"fusion-title title fusion-title-2 fusion-title-center fusion-title-text fusion-title-size-two\" style=\"margin-top:0px;margin-bottom:31px;\"><div class=\"title-sep-container title-sep-container-left\"><div class=\"title-sep sep-double sep-solid\" style=\"border-color:#e0dede;\"><\/div><\/div><h2 class=\"title-heading-center\" style=\"margin:0;\">CONTATOS<\/h2><div class=\"title-sep-container title-sep-container-right\"><div class=\"title-sep sep-double sep-solid\" style=\"border-color:#e0dede;\"><\/div><\/div><\/div><div class=\"fusion-text\"><p style=\"text-align: center;\"><span style=\"font-size: 14pt; color: #003866;\" data-raofz=\"14\">(82) 2122-0768<\/span><\/p>\n<\/div><div class=\"fusion-text\"><p style=\"text-align: center;\"><span style=\"font-size: 14pt; color: #003866;\" data-raofz=\"14\">(82) 2122-0768<\/span><\/p>\n<\/div><div class=\"fusion-text\"><p style=\"text-align: center;\"><span style=\"font-size: 14pt; color: #003866;\" data-raofz=\"14\">(44) 98816-3760<\/span><\/p>\n<\/div><\/div><\/div><\/div><div class=\"fusion-sep-clear\"><\/div><div class=\"fusion-separator fusion-full-width-sep sep-none\" style=\"margin-left: auto;margin-right: auto;margin-top:10px;\"><\/div><style type=\"text\/css\"><\/style><div class=\"fusion-title title fusion-title-3 fusion-title-text fusion-title-size-three\" style=\"margin-top:40px;margin-bottom:31px;\"><h3 class=\"title-heading-left\" style=\"margin:0;color:#ffffff;\"><strong><span style=\"font-size: 14pt; color: #003866;\">Anexos<\/span><\/strong><\/h3><div class=\"title-sep-container\"><div class=\"title-sep sep-double sep-solid\" style=\"border-color:#003866;\"><\/div><\/div><\/div><div class=\"fusion-text\"><p><span style=\"font-size: 14pt;\"><i class=\"fontawesome-icon fa-file-pdf fas circle-no\" style=\"font-size:18px;margin-right:9px;color:#003866;\"><\/i><a href=\"https:\/\/www.mpal.mp.br\/wp-content\/uploads\/2025\/09\/INOVA-REORGANIZANDO-A-RAPs.pdf\" target=\"_blank\" rel=\"noopener\">Projeto &#8211; Reorganizando a RAPS &#8211; INOVA<\/a><\/span><\/p>\n<\/div><div class=\"fusion-clearfix\"><\/div>\n\n\t\t\t\t\t<\/div>\n\t\t\t\t<\/div><\/div><\/div><div class=\"fusion-fullwidth fullwidth-box fusion-builder-row-2 nonhundred-percent-fullwidth non-hundred-percent-height-scrolling\"  style='background-color: #ffffff;background-position: center center;background-repeat: no-repeat;padding-top:0px;padding-right:0px;padding-bottom:0px;padding-left:0px;'><div class=\"fusion-builder-row fusion-row \"><div  class=\"fusion-layout-column fusion_builder_column fusion_builder_column_1_1 fusion-builder-column-2 fusion-one-full fusion-column-first fusion-column-last 1_1\"  style='margin-top:0px;margin-bottom:20px;'>\n\t\t\t\t\t<div class=\"fusion-column-wrapper\" style=\"padding: 0px 0px 0px 0px;background-position:left top;background-repeat:no-repeat;-webkit-background-size:cover;-moz-background-size:cover;-o-background-size:cover;background-size:cover;\"   data-bg-url=\"\">\n\t\t\t\t\t\t<style type=\"text\/css\"><\/style><div class=\"fusion-title title fusion-title-4 fusion-title-center fusion-title-text fusion-title-size-three\" style=\"margin-top:40px;margin-bottom:31px;\"><div class=\"title-sep-container title-sep-container-left\"><div class=\"title-sep sep-double sep-solid\" style=\"border-color:#003866;\"><\/div><\/div><h3 class=\"title-heading-center\" style=\"margin:0;color:#ffffff;\"><span style=\"color: #808080;\"><strong><span style=\"font-size: 14pt;\">\u00daltimos Projetos<\/span><\/strong><\/span><\/h3><div class=\"title-sep-container title-sep-container-right\"><div class=\"title-sep sep-double sep-solid\" style=\"border-color:#003866;\"><\/div><\/div><\/div><div class=\"fusion-recent-posts fusion-recent-posts-1 avada-container layout-default layout-columns-1\"><section class=\"fusion-columns columns fusion-columns-1 columns-1\"><article class=\"post fusion-column column col col-lg-12 col-md-12 col-sm-12\"><div class=\"recent-posts-content\"><span class=\"vcard\" style=\"display: none;\"><span class=\"fn\"><a href=\"https:\/\/www.mpal.mp.br\/?author=2\" title=\"Posts de Administrador03\" rel=\"author\">Administrador03<\/a><\/span><\/span><span class=\"updated\" style=\"display:none;\">2025-09-10T10:10:39-03:00<\/span><h4 class=\"entry-title\"><a href=\"https:\/\/www.mpal.mp.br\/?p=60868\">Projeto &#8211; PM: Quero Paz!<\/a><\/h4><\/div><\/article><article class=\"post fusion-column column col col-lg-12 col-md-12 col-sm-12\"><div class=\"recent-posts-content\"><span class=\"vcard\" style=\"display: none;\"><span class=\"fn\"><a href=\"https:\/\/www.mpal.mp.br\/?author=2\" title=\"Posts de Administrador03\" rel=\"author\">Administrador03<\/a><\/span><\/span><span class=\"updated\" style=\"display:none;\">2025-09-10T08:45:48-03:00<\/span><h4 class=\"entry-title\"><a href=\"https:\/\/www.mpal.mp.br\/?p=60799\">Projeto &#8211; Acolher para Proteger<\/a><\/h4><\/div><\/article><article class=\"post fusion-column column col col-lg-12 col-md-12 col-sm-12\"><div class=\"recent-posts-content\"><span class=\"vcard\" style=\"display: none;\"><span class=\"fn\"><a href=\"https:\/\/www.mpal.mp.br\/?author=2\" title=\"Posts de Administrador03\" rel=\"author\">Administrador03<\/a><\/span><\/span><span class=\"updated\" style=\"display:none;\">2025-09-11T10:08:18-03:00<\/span><h4 class=\"entry-title\"><a href=\"https:\/\/www.mpal.mp.br\/?p=60949\">Projeto &#8211; O Futuro \u00e9 agora &#8211; MPAL na luta contra a fome<\/a><\/h4><\/div><\/article><article class=\"post fusion-column column col col-lg-12 col-md-12 col-sm-12\"><div class=\"recent-posts-content\"><span class=\"vcard\" style=\"display: none;\"><span class=\"fn\"><a href=\"https:\/\/www.mpal.mp.br\/?author=2\" title=\"Posts de Administrador03\" rel=\"author\">Administrador03<\/a><\/span><\/span><span class=\"updated\" style=\"display:none;\">2025-09-10T09:53:04-03:00<\/span><h4 class=\"entry-title\"><a href=\"https:\/\/www.mpal.mp.br\/?p=60854\">Projeto &#8211; O Fomento do terceiro<\/a><\/h4><\/div><\/article><article class=\"post fusion-column column col col-lg-12 col-md-12 col-sm-12\"><div class=\"recent-posts-content\"><span class=\"vcard\" style=\"display: none;\"><span class=\"fn\"><a href=\"https:\/\/www.mpal.mp.br\/?author=2\" title=\"Posts de Administrador03\" rel=\"author\">Administrador03<\/a><\/span><\/span><span class=\"updated\" style=\"display:none;\">2025-09-10T09:45:49-03:00<\/span><h4 class=\"entry-title\"><a href=\"https:\/\/www.mpal.mp.br\/?p=60846\">Projeto &#8211; Nossa Educa\u00e7\u00e3o daria um Livro<\/a><\/h4><\/div><\/article><article class=\"post fusion-column column col col-lg-12 col-md-12 col-sm-12\"><div class=\"recent-posts-content\"><span class=\"vcard\" style=\"display: none;\"><span class=\"fn\"><a href=\"https:\/\/www.mpal.mp.br\/?author=2\" title=\"Posts de Administrador03\" rel=\"author\">Administrador03<\/a><\/span><\/span><span class=\"updated\" style=\"display:none;\">2025-09-10T08:56:41-03:00<\/span><h4 class=\"entry-title\"><a href=\"https:\/\/www.mpal.mp.br\/?p=60806\">Projeto &#8211; Educar e Proteger<\/a><\/h4><\/div><\/article><\/section><\/div><div class=\"fusion-clearfix\"><\/div>\n\n\t\t\t\t\t<\/div>\n\t\t\t\t<\/div><\/div><\/div><\/p>\n","protected":false},"excerpt":{"rendered":"","protected":false},"author":2,"featured_media":60947,"comment_status":"open","ping_status":"open","sticky":false,"template":"","format":"standard","meta":{"om_disable_all_campaigns":false,"_monsterinsights_skip_tracking":false,"_monsterinsights_sitenote_active":false,"_monsterinsights_sitenote_note":"","_monsterinsights_sitenote_category":0,"_uf_show_specific_survey":0,"_uf_disable_surveys":false,"footnotes":""},"categories":[28],"tags":[],"class_list":["post-60945","post","type-post","status-publish","format-standard","has-post-thumbnail","hentry","category-projetos"],"aioseo_notices":[],"_links":{"self":[{"href":"https:\/\/www.mpal.mp.br\/index.php?rest_route=\/wp\/v2\/posts\/60945","targetHints":{"allow":["GET"]}}],"collection":[{"href":"https:\/\/www.mpal.mp.br\/index.php?rest_route=\/wp\/v2\/posts"}],"about":[{"href":"https:\/\/www.mpal.mp.br\/index.php?rest_route=\/wp\/v2\/types\/post"}],"author":[{"embeddable":true,"href":"https:\/\/www.mpal.mp.br\/index.php?rest_route=\/wp\/v2\/users\/2"}],"replies":[{"embeddable":true,"href":"https:\/\/www.mpal.mp.br\/index.php?rest_route=%2Fwp%2Fv2%2Fcomments&post=60945"}],"version-history":[{"count":1,"href":"https:\/\/www.mpal.mp.br\/index.php?rest_route=\/wp\/v2\/posts\/60945\/revisions"}],"predecessor-version":[{"id":60948,"href":"https:\/\/www.mpal.mp.br\/index.php?rest_route=\/wp\/v2\/posts\/60945\/revisions\/60948"}],"wp:featuredmedia":[{"embeddable":true,"href":"https:\/\/www.mpal.mp.br\/index.php?rest_route=\/wp\/v2\/media\/60947"}],"wp:attachment":[{"href":"https:\/\/www.mpal.mp.br\/index.php?rest_route=%2Fwp%2Fv2%2Fmedia&parent=60945"}],"wp:term":[{"taxonomy":"category","embeddable":true,"href":"https:\/\/www.mpal.mp.br\/index.php?rest_route=%2Fwp%2Fv2%2Fcategories&post=60945"},{"taxonomy":"post_tag","embeddable":true,"href":"https:\/\/www.mpal.mp.br\/index.php?rest_route=%2Fwp%2Fv2%2Ftags&post=60945"}],"curies":[{"name":"wp","href":"https:\/\/api.w.org\/{rel}","templated":true}]}}