{"id":60868,"date":"2025-09-04T10:03:47","date_gmt":"2025-09-04T13:03:47","guid":{"rendered":"https:\/\/www.mpal.mp.br\/?p=60868"},"modified":"2025-09-10T10:10:39","modified_gmt":"2025-09-10T13:10:39","slug":"projeto-pm-quero-paz","status":"publish","type":"post","link":"https:\/\/www.mpal.mp.br\/?p=60868","title":{"rendered":"Projeto &#8211; PM: Quero Paz!"},"content":{"rendered":"<p><div class=\"fusion-fullwidth fullwidth-box fusion-builder-row-1 nonhundred-percent-fullwidth non-hundred-percent-height-scrolling\"  style='background-color: #ffffff;background-position: center center;background-repeat: no-repeat;padding-top:0px;padding-right:0px;padding-bottom:0px;padding-left:0px;'><div class=\"fusion-builder-row fusion-row \"><div  class=\"fusion-layout-column fusion_builder_column fusion_builder_column_1_1 fusion-builder-column-1 fusion-one-full fusion-column-first fusion-column-last 1_1\"  style='margin-top:0px;margin-bottom:20px;'>\n\t\t\t\t\t<div class=\"fusion-column-wrapper\" style=\"padding: 0px 0px 0px 0px;background-position:left top;background-repeat:no-repeat;-webkit-background-size:cover;-moz-background-size:cover;-o-background-size:cover;background-size:cover;\"   data-bg-url=\"\">\n\t\t\t\t\t\t<div class=\"fusion-text\"><div class=\"wpb_text_column wpb_content_element \" data-raofz=\"14\">\n<div id=\"ct_86stlyctqtlscocy50gx\" class=\"wpb_wrapper\" data-raofz=\"14\">\n<p style=\"text-align: justify;\"><strong><span style=\"font-size: 14pt;\">Minist\u00e9rio P\u00fablico do Estado de Alagoas<\/span><\/strong><\/p>\n<p style=\"text-align: justify;\"><span style=\"font-size: 14pt;\"><strong>INOVA <\/strong>| Sistema de Gest\u00e3o de Projetos e Processos<\/span><\/p>\n<p style=\"text-align: justify;\"><span style=\"font-size: 14pt;\">PM: QUERO PAZ! (ACCOUNTABILITY INTERNA DAS FOR\u00c7AS POLICIAIS E GRAVES VIOLA\u00c7\u00d5ES DE CONDUTA: DESEMPENHO E EFICI\u00caNCIA DA CORREGEDORIA DA POL\u00cdCIA MILITAR <\/span><\/p>\n<p style=\"text-align: justify;\"><span style=\"font-size: 14pt;\"><strong>Tipo: <\/strong>Projeto\u00a0\u00a0\u00a0\u00a0\u00a0\u00a0\u00a0\u00a0\u00a0\u00a0\u00a0\u00a0\u00a0\u00a0\u00a0\u00a0\u00a0\u00a0\u00a0\u00a0\u00a0\u00a0\u00a0\u00a0\u00a0\u00a0\u00a0\u00a0\u00a0\u00a0\u00a0\u00a0 <strong>\u00c1rea Regional: <\/strong>Munic\u00edpio de origem n\u00e3o informado<\/span><\/p>\n<p style=\"text-align: justify;\"><span style=\"font-size: 14pt;\"><strong>Status: <\/strong>Em execu\u00e7\u00e3o\u00a0 \u00a0 \u00a0 \u00a0 \u00a0 \u00a0 \u00a0 \u00a0 \u00a0 \u00a0<strong>Unidade: <\/strong>Unidade de origem n\u00e3o informada<\/span><\/p>\n<p style=\"text-align: justify;\"><strong><span style=\"font-size: 14pt;\">::: Problema\/ Oportunidade<\/span><\/strong><\/p>\n<p style=\"text-align: justify;\"><span style=\"font-size: 14pt;\">Nos \u00faltimos anos, t\u00eam se avolumado sobremaneira as queixas de cidad\u00e3os e grupos de direitos civis contra for\u00e7as policiais nas mais variadas formas, seja em pa\u00edses desenvolvidos, seja em pa\u00edses emergentes. De maneira geral, no Brasil, estudos t\u00eam chamado a aten\u00e7\u00e3o para o quanto as investiga\u00e7\u00f5es que envolvem graves viola\u00e7\u00f5es de direitos humanos aqui costumam ser frouxas e tendenciosas, a depender do perfil do acusado. As audi\u00eancias de cust\u00f3dia, implantadas pelo Conselho Nacional de Justi\u00e7a e pelos tribunais em todos os estados brasileiros a partir de 2015 consistiu, deliberadamente, em uma estrat\u00e9gia institu\u00edda para combater as viola\u00e7\u00f5es cr\u00f4nicas e sistem\u00e1ticas de direitos humanos, incluindo execu\u00e7\u00f5es extrajudiciais da pol\u00edcia, a superlota\u00e7\u00e3o das nossas pris\u00f5es e o registro de tortura e maus-tratos contra pessoas detidas. Abrindo espa\u00e7o de fala para a pessoa presa, a audi\u00eancia de cust\u00f3dia se torna um espa\u00e7o de escuta qualificada e uma oportunidade especial para a fiscaliza\u00e7\u00e3o da atividade policial, por parte do pr\u00f3prio Minist\u00e9rio P\u00fablico. Desde a implanta\u00e7\u00e3o das audi\u00eancias de cust\u00f3dia, a cria\u00e7\u00e3o desse espa\u00e7o de escuta qualificada tem potencializado o registro de acusa\u00e7\u00f5es de tortura por parte da pol\u00edcia. Se por um lado o aumento desses registros \u00e9 positivo e aponta para uma mudan\u00e7a importante em rela\u00e7\u00e3o \u00e0 toler\u00e2ncia popular com os abusos policiais, por outro lado, as demandas crescentes inflacionam as rotinas administrativas das institui\u00e7\u00f5es de controle que, se n\u00e3o responderem satisfatoriamente aos desafios impostos pelas audi\u00eancias de cust\u00f3dia, transformar\u00e3o essa \u201cjanela\u201d de oportunidades numa ritualidade institucional, a saber: a pessoa presa apresenta uma den\u00fancia de tortura durante a audi\u00eancia de cust\u00f3dia, a queixa \u00e9 formalizada junto \u00e0 corregedoria de policia, que pode ou n\u00e3o abrir um processo administrativo, decidindo pela proced\u00eancia da acusa\u00e7\u00e3o ou pelo seu arquivamento. O papel do controle externo da atividade policial por parte do Minist\u00e9rio P\u00fablico aqui \u00e9 imprescind\u00edvel para que a queixa do cidad\u00e3o seja devidamente ouvida e processada. Nesse sentido, investir no levantamento de dados das condi\u00e7\u00f5es de registro e processamento das queixas referentes aos direitos humanos contra policiais junto \u00e0 corregedoria de pol\u00edcia do Estado \u00e9 um pontap\u00e9 indispens\u00e1vel para o melhor exerc\u00edcio desse controle, por parte do Minist\u00e9rio P\u00fablico. Somente a partir do mapeamento destas condi\u00e7\u00f5es de processamento e da mensura\u00e7\u00e3o da efici\u00eancia ou n\u00e3o da corregedoria enquanto inst\u00e2ncia interna de controle, ser\u00e1 poss\u00edvel tra\u00e7ar um diagn\u00f3stico dessas situa\u00e7\u00f5es e planejar pr\u00e1ticas mais eficientes. Est\u00e1-se diante da primeira tentativa, em Alagoas, de sistematiza\u00e7\u00e3o de dados acerca do funcionamento e da efici\u00eancia da corregedoria da pol\u00edcia militar do Estado. Esta investida envolve, portanto, o esfor\u00e7o e o empenho de atores institucionais diferentes para al\u00e9m do Minist\u00e9rio P\u00fablico Estadual. Estamos falando aqui da pr\u00f3pria Secretaria de Estado de Seguran\u00e7a P\u00fablica e de 03 (tr\u00eas) institui\u00e7\u00f5es de ensino superior, a saber \u2013 a Universidade Federal de Alagoas, o Centro Universit\u00e1rio de Macei\u00f3 (Unima-Afya) e a University of the West of Scotland. De forma colaborativa, os atores envolvidos se voltam ao compromisso de desenvolver a pesquisa aqui proposta sem qualquer \u00f4nus ao pr\u00f3prio Minist\u00e9rio P\u00fablico Estadual.<br \/><\/span><\/p>\n<p style=\"text-align: justify;\"><strong><span style=\"font-size: 14pt;\">::: Objetivo<\/span><\/strong><\/p>\n<p style=\"text-align: justify;\"><span style=\"font-size: 14pt;\">A ideia central do projeto, portanto, mediante o acesso autorizado aos dados da corregedoria da pol\u00edcia militar do Estado de Alagoas, \u00e9 quantificar, classificar e analisar todos os procedimentos instaurados e dispon\u00edveis do sistema de informa\u00e7\u00e3o da corregedoria entre os anos de 2018 e 2023<br \/><\/span><\/p>\n<p style=\"text-align: justify;\"><strong><span style=\"font-size: 14pt;\">::: Escopo<\/span><\/strong><\/p>\n<p style=\"text-align: justify; padding-left: 40px;\"><span style=\"font-size: 14pt;\">1 . Formaliza\u00e7\u00e3o cooperativa entre a Ufal, a Unima, a University the West of Scotland e a Promotoria de Controle Externo da Atividade Policial do MP-AL. <\/span><\/p>\n<p style=\"text-align: justify; padding-left: 40px;\"><span style=\"font-size: 14pt;\">2. Formaliza\u00e7\u00e3o cooperativa entre a Promotoria de Controle Externo da Atividade Policial e a Corregedoria da Pol\u00edcia Militar do Estado de Alagoas (Comando Geral da Pol\u00edcia). <\/span><\/p>\n<p style=\"text-align: justify; padding-left: 40px;\"><span style=\"font-size: 14pt;\">3. Quantifica\u00e7\u00e3o e classifica\u00e7\u00e3o das informa\u00e7\u00f5es dispon\u00edveis no sistema de informa\u00e7\u00e3o da Corregedoria da Pol\u00edcia Militar do Estado de Alagoas. <\/span><\/p>\n<p style=\"text-align: justify; padding-left: 40px;\"><span style=\"font-size: 14pt;\">4. Revis\u00e3o bibliogr\u00e1fica da literatura. <\/span><\/p>\n<p style=\"text-align: justify; padding-left: 40px;\"><span style=\"font-size: 14pt;\">5. Tabula\u00e7\u00e3o e an\u00e1lise dos dados depurados do sistema de informa\u00e7\u00e3o da Corregedoria da Pol\u00edcia Militar do Estado de Alagoas. 6. Pesquisa qualitativa junto \u00e0 comunidade do Vergel do Lago (desenvolvimento de observa\u00e7\u00e3o e coleta de entrevistas junto a moradores do bairro). <\/span><\/p>\n<p style=\"text-align: justify; padding-left: 40px;\"><span style=\"font-size: 14pt;\">7. Transcri\u00e7\u00f5es de entrevistas e de cadernos de campo. <\/span><\/p>\n<p style=\"text-align: justify; padding-left: 40px;\"><span style=\"font-size: 14pt;\">8. An\u00e1lise do material qualitativo das entrevistas e<br \/>observa\u00e7\u00f5es <\/span><\/p>\n<p style=\"text-align: justify; padding-left: 40px;\"><span style=\"font-size: 14pt;\">9. Sistematiza\u00e7\u00e3o dos resultados de pesquisa. <\/span><\/p>\n<p style=\"text-align: justify; padding-left: 40px;\"><span style=\"font-size: 14pt;\">10. Produ\u00e7\u00e3o e entrega de relat\u00f3rio final com dados sistematizados da Corregedoria, percep\u00e7\u00f5es qualitativas dos moradores de bairros perif\u00e9ricos e indicativos de possibilidades de aperfei\u00e7oamento do controle externo da atividade policial por parte do Minist\u00e9rio P\u00fablico Estadual (sugest\u00f5es de interven\u00e7\u00e3o). <\/span><\/p>\n<p style=\"text-align: justify;\"><span style=\"font-size: 14pt;\">A principal contribui\u00e7\u00e3o esperada com o referido projeto consiste, justamente, na melhoria da coopera\u00e7\u00e3o e da comunica\u00e7\u00e3o institucional entre os \u00f3rg\u00e3os de controle da atividade policial no Estado, no aperfei\u00e7oamento dos fluxos procedimentais organizacionais de investiga\u00e7\u00e3o e, ainda, no desenvolvimento de medidas inovadoras que possam garantir a efetiva fiscaliza\u00e7\u00e3o e responsabiliza\u00e7\u00e3o da atividade policial, prevenindo-se a reitera\u00e7\u00e3o de condutas desviantes. <\/span><\/p>\n<p style=\"text-align: justify;\"><span style=\"font-size: 14pt;\">O Projeto produzir\u00e1 um Relat\u00f3rio que contenha num diagn\u00f3stico quantitativo e qualitativo da viol\u00eancia das for\u00e7as militares de seguran\u00e7a p\u00fablica, na capital, de modo que se possa produzir um planejamento de estrat\u00e9gias de interven\u00e7\u00e3o, de vi\u00e9s preventivo, pelo Minist\u00e9rio P\u00fablico, no \u00e2mbito dos Batalh\u00f5es de Pol\u00edcia da capital e dos policiais com maior registro de atos de viol\u00eancia e de desvio de condutas, com foco nas v\u00edtimas catalogadas como integrantes dos grupos marginalizados socialmente, minorit\u00e1rios e economicamente hipossuficientes. <\/span><\/p>\n<p style=\"text-align: justify;\"><strong><span style=\"font-size: 14pt;\">::: N\u00e3o Escopo<\/span><\/strong><\/p>\n<p style=\"text-align: justify; padding-left: 40px;\"><span style=\"font-size: 14pt;\">H\u00e1 que se destacar que a pesquisa dever\u00e1 priorizar os registros de crimes violentos cometidos por policiais militares do Estado, em detrimento das acusa\u00e7\u00f5es de transgress\u00e3o meramente disciplinar ou de rotina por parte dos integrantes das for\u00e7as castrenses. Em princ\u00edpio, a pesquisa n\u00e3o dever\u00e1 incluir os dados referentes \u00e0 pol\u00edcia civil do Estado. <\/span><\/p>\n<p style=\"text-align: justify;\"><strong><span style=\"font-size: 14pt;\">::: Premissas<\/span><\/strong><\/p>\n<p style=\"text-align: justify; padding-left: 40px;\"><span style=\"font-size: 14pt;\">Dados n\u00e3o informados<\/span><\/p>\n<p style=\"text-align: justify;\"><strong><span style=\"font-size: 14pt;\">::: Restri\u00e7\u00f5es<\/span><\/strong><\/p>\n<p style=\"text-align: justify; padding-left: 40px;\"><span style=\"font-size: 14pt;\">Dados n\u00e3o informados<\/span><\/p>\n<\/div>\n<\/div>\n<\/div><div class=\"fusion-builder-row fusion-builder-row-inner fusion-row \"><div  class=\"fusion-layout-column fusion_builder_column fusion_builder_column_1_2  fusion-one-half fusion-column-first 1_2\"  style='margin-top: 30px;margin-bottom: 20px;width:50%;width:calc(50% - ( ( 4% ) * 0.5 ) );margin-right:4%;'><div class=\"fusion-column-wrapper fusion-column-wrapper-1\" style=\"padding: 0px 0px 0px 0px;background-position:left top;background-repeat:no-repeat;-webkit-background-size:cover;-moz-background-size:cover;-o-background-size:cover;background-size:cover;\"  data-bg-url=\"\"><style type=\"text\/css\"><\/style><div class=\"fusion-title title fusion-title-1 fusion-title-center fusion-title-text fusion-title-size-two\" style=\"margin-top:0px;margin-bottom:31px;\"><div class=\"title-sep-container title-sep-container-left\"><div class=\"title-sep sep-double sep-solid\" style=\"border-color:#e0dede;\"><\/div><\/div><h2 class=\"title-heading-center\" style=\"margin:0;\">RESPONS\u00c1VEIS<\/h2><div class=\"title-sep-container title-sep-container-right\"><div class=\"title-sep sep-double sep-solid\" style=\"border-color:#e0dede;\"><\/div><\/div><\/div><div class=\"fusion-text\"><p style=\"text-align: center;\"><span style=\"font-size: 14pt; color: #003866;\" data-raofz=\"14\">CYNTHIA CALHEIROS LEITE<\/span><\/p>\n<\/div><div class=\"fusion-text\"><p style=\"text-align: center;\"><span style=\"font-size: 14pt; color: #003866;\" data-raofz=\"14\">KARLA PADILHA REBELO MARQUES<\/span><\/p>\n<\/div><div class=\"fusion-text\"><p style=\"text-align: center;\"><span style=\"font-size: 14pt; color: #003866;\" data-raofz=\"14\">MARLUCE FALC\u00c3O DE OLIVEIRA<\/span><\/p>\n<\/div><\/div><\/div><div  class=\"fusion-layout-column fusion_builder_column fusion_builder_column_1_2  fusion-one-half fusion-column-last 1_2\"  style='margin-top: 30px;margin-bottom: 20px;width:50%;width:calc(50% - ( ( 4% ) * 0.5 ) );'><div class=\"fusion-column-wrapper fusion-column-wrapper-2\" style=\"padding: 0px 0px 0px 0px;background-position:left top;background-repeat:no-repeat;-webkit-background-size:cover;-moz-background-size:cover;-o-background-size:cover;background-size:cover;\"  data-bg-url=\"\"><style type=\"text\/css\"><\/style><div class=\"fusion-title title fusion-title-2 fusion-title-center fusion-title-text fusion-title-size-two\" style=\"margin-top:0px;margin-bottom:31px;\"><div class=\"title-sep-container title-sep-container-left\"><div class=\"title-sep sep-double sep-solid\" style=\"border-color:#e0dede;\"><\/div><\/div><h2 class=\"title-heading-center\" style=\"margin:0;\">CONTATOS<\/h2><div class=\"title-sep-container title-sep-container-right\"><div class=\"title-sep sep-double sep-solid\" style=\"border-color:#e0dede;\"><\/div><\/div><\/div><div class=\"fusion-text\"><p style=\"text-align: center;\"><span style=\"font-size: 14pt; color: #003866;\" data-raofz=\"14\">(82) 2122-3514<\/span><\/p>\n<\/div><div class=\"fusion-text\"><p style=\"text-align: center;\"><span style=\"font-size: 14pt; color: #003866;\" data-raofz=\"14\">(82) 2122-3500<\/span><\/p>\n<\/div><div class=\"fusion-text\"><p style=\"text-align: center;\"><span style=\"font-size: 14pt; color: #003866;\" data-raofz=\"14\">(82) 9 9351-1989<\/span><\/p>\n<\/div><\/div><\/div><\/div><div class=\"fusion-sep-clear\"><\/div><div class=\"fusion-separator fusion-full-width-sep sep-none\" style=\"margin-left: auto;margin-right: auto;margin-top:10px;\"><\/div><style type=\"text\/css\"><\/style><div class=\"fusion-title title fusion-title-3 fusion-title-text fusion-title-size-three\" style=\"margin-top:40px;margin-bottom:31px;\"><h3 class=\"title-heading-left\" style=\"margin:0;color:#ffffff;\"><strong><span style=\"font-size: 14pt; color: #003866;\">Anexos<\/span><\/strong><\/h3><div class=\"title-sep-container\"><div class=\"title-sep sep-double sep-solid\" style=\"border-color:#003866;\"><\/div><\/div><\/div><div class=\"fusion-text\"><p><span style=\"font-size: 14pt;\"><i class=\"fontawesome-icon fa-file-pdf fas circle-no\" style=\"font-size:18px;margin-right:9px;color:#003866;\"><\/i><a href=\"https:\/\/www.mpal.mp.br\/wp-content\/uploads\/2025\/09\/INOVA-PM_-QUERO-PAZ-ACCOUNTABILITY-INTERNA-DAS-FORCAS-POLICIAIS-E-GRAVES-VIOLACOES-DE-CONDUTA_-DESEMPENHO-E-EFICIENCIA-DA-CORREGEDORIA-DA-POLICIA-MILITAR-.pdf\" target=\"_blank\" rel=\"noopener\">Projeto &#8211; PM: Quero Paz! &#8211; INOVA<\/a><\/span><\/p>\n<\/div><div class=\"fusion-clearfix\"><\/div>\n\n\t\t\t\t\t<\/div>\n\t\t\t\t<\/div><\/div><\/div><div class=\"fusion-fullwidth fullwidth-box fusion-builder-row-2 nonhundred-percent-fullwidth non-hundred-percent-height-scrolling\"  style='background-color: #ffffff;background-position: center center;background-repeat: no-repeat;padding-top:0px;padding-right:0px;padding-bottom:0px;padding-left:0px;'><div class=\"fusion-builder-row fusion-row \"><div  class=\"fusion-layout-column fusion_builder_column fusion_builder_column_1_1 fusion-builder-column-2 fusion-one-full fusion-column-first fusion-column-last 1_1\"  style='margin-top:0px;margin-bottom:20px;'>\n\t\t\t\t\t<div class=\"fusion-column-wrapper\" style=\"padding: 0px 0px 0px 0px;background-position:left top;background-repeat:no-repeat;-webkit-background-size:cover;-moz-background-size:cover;-o-background-size:cover;background-size:cover;\"   data-bg-url=\"\">\n\t\t\t\t\t\t<style type=\"text\/css\"><\/style><div class=\"fusion-title title fusion-title-4 fusion-title-center fusion-title-text fusion-title-size-three\" style=\"margin-top:40px;margin-bottom:31px;\"><div class=\"title-sep-container title-sep-container-left\"><div class=\"title-sep sep-double sep-solid\" style=\"border-color:#003866;\"><\/div><\/div><h3 class=\"title-heading-center\" style=\"margin:0;color:#ffffff;\"><span style=\"color: #808080;\"><strong><span style=\"font-size: 14pt;\">\u00daltimos Projetos<\/span><\/strong><\/span><\/h3><div class=\"title-sep-container title-sep-container-right\"><div class=\"title-sep sep-double sep-solid\" style=\"border-color:#003866;\"><\/div><\/div><\/div><div class=\"fusion-recent-posts fusion-recent-posts-1 avada-container layout-default layout-columns-1\"><section class=\"fusion-columns columns fusion-columns-1 columns-1\"><article class=\"post fusion-column column col col-lg-12 col-md-12 col-sm-12\"><div class=\"recent-posts-content\"><span class=\"vcard\" style=\"display: none;\"><span class=\"fn\"><a href=\"https:\/\/www.mpal.mp.br\/?author=2\" title=\"Posts de Administrador03\" rel=\"author\">Administrador03<\/a><\/span><\/span><span class=\"updated\" style=\"display:none;\">2025-09-10T10:10:39-03:00<\/span><h4 class=\"entry-title\"><a href=\"https:\/\/www.mpal.mp.br\/?p=60868\">Projeto &#8211; PM: Quero Paz!<\/a><\/h4><\/div><\/article><article class=\"post fusion-column column col col-lg-12 col-md-12 col-sm-12\"><div class=\"recent-posts-content\"><span class=\"vcard\" style=\"display: none;\"><span class=\"fn\"><a href=\"https:\/\/www.mpal.mp.br\/?author=2\" title=\"Posts de Administrador03\" rel=\"author\">Administrador03<\/a><\/span><\/span><span class=\"updated\" style=\"display:none;\">2025-09-10T08:45:48-03:00<\/span><h4 class=\"entry-title\"><a href=\"https:\/\/www.mpal.mp.br\/?p=60799\">Projeto &#8211; Acolher para Proteger<\/a><\/h4><\/div><\/article><article class=\"post fusion-column column col col-lg-12 col-md-12 col-sm-12\"><div class=\"recent-posts-content\"><span class=\"vcard\" style=\"display: none;\"><span class=\"fn\"><a href=\"https:\/\/www.mpal.mp.br\/?author=2\" title=\"Posts de Administrador03\" rel=\"author\">Administrador03<\/a><\/span><\/span><span class=\"updated\" style=\"display:none;\">2025-09-11T10:08:18-03:00<\/span><h4 class=\"entry-title\"><a href=\"https:\/\/www.mpal.mp.br\/?p=60949\">Projeto &#8211; O Futuro \u00e9 agora &#8211; MPAL na luta contra a fome<\/a><\/h4><\/div><\/article><article class=\"post fusion-column column col col-lg-12 col-md-12 col-sm-12\"><div class=\"recent-posts-content\"><span class=\"vcard\" style=\"display: none;\"><span class=\"fn\"><a href=\"https:\/\/www.mpal.mp.br\/?author=2\" title=\"Posts de Administrador03\" rel=\"author\">Administrador03<\/a><\/span><\/span><span class=\"updated\" style=\"display:none;\">2025-09-10T09:53:04-03:00<\/span><h4 class=\"entry-title\"><a href=\"https:\/\/www.mpal.mp.br\/?p=60854\">Projeto &#8211; O Fomento do terceiro<\/a><\/h4><\/div><\/article><article class=\"post fusion-column column col col-lg-12 col-md-12 col-sm-12\"><div class=\"recent-posts-content\"><span class=\"vcard\" style=\"display: none;\"><span class=\"fn\"><a href=\"https:\/\/www.mpal.mp.br\/?author=2\" title=\"Posts de Administrador03\" rel=\"author\">Administrador03<\/a><\/span><\/span><span class=\"updated\" style=\"display:none;\">2025-09-10T09:45:49-03:00<\/span><h4 class=\"entry-title\"><a href=\"https:\/\/www.mpal.mp.br\/?p=60846\">Projeto &#8211; Nossa Educa\u00e7\u00e3o daria um Livro<\/a><\/h4><\/div><\/article><article class=\"post fusion-column column col col-lg-12 col-md-12 col-sm-12\"><div class=\"recent-posts-content\"><span class=\"vcard\" style=\"display: none;\"><span class=\"fn\"><a href=\"https:\/\/www.mpal.mp.br\/?author=2\" title=\"Posts de Administrador03\" rel=\"author\">Administrador03<\/a><\/span><\/span><span class=\"updated\" style=\"display:none;\">2025-09-10T08:56:41-03:00<\/span><h4 class=\"entry-title\"><a href=\"https:\/\/www.mpal.mp.br\/?p=60806\">Projeto &#8211; Educar e Proteger<\/a><\/h4><\/div><\/article><\/section><\/div><div class=\"fusion-clearfix\"><\/div>\n\n\t\t\t\t\t<\/div>\n\t\t\t\t<\/div><\/div><\/div><\/p>\n","protected":false},"excerpt":{"rendered":"","protected":false},"author":2,"featured_media":60870,"comment_status":"open","ping_status":"open","sticky":false,"template":"","format":"standard","meta":{"om_disable_all_campaigns":false,"_monsterinsights_skip_tracking":false,"_monsterinsights_sitenote_active":false,"_monsterinsights_sitenote_note":"","_monsterinsights_sitenote_category":0,"_uf_show_specific_survey":0,"_uf_disable_surveys":false,"footnotes":""},"categories":[28],"tags":[],"class_list":["post-60868","post","type-post","status-publish","format-standard","has-post-thumbnail","hentry","category-projetos"],"aioseo_notices":[],"_links":{"self":[{"href":"https:\/\/www.mpal.mp.br\/index.php?rest_route=\/wp\/v2\/posts\/60868","targetHints":{"allow":["GET"]}}],"collection":[{"href":"https:\/\/www.mpal.mp.br\/index.php?rest_route=\/wp\/v2\/posts"}],"about":[{"href":"https:\/\/www.mpal.mp.br\/index.php?rest_route=\/wp\/v2\/types\/post"}],"author":[{"embeddable":true,"href":"https:\/\/www.mpal.mp.br\/index.php?rest_route=\/wp\/v2\/users\/2"}],"replies":[{"embeddable":true,"href":"https:\/\/www.mpal.mp.br\/index.php?rest_route=%2Fwp%2Fv2%2Fcomments&post=60868"}],"version-history":[{"count":4,"href":"https:\/\/www.mpal.mp.br\/index.php?rest_route=\/wp\/v2\/posts\/60868\/revisions"}],"predecessor-version":[{"id":60874,"href":"https:\/\/www.mpal.mp.br\/index.php?rest_route=\/wp\/v2\/posts\/60868\/revisions\/60874"}],"wp:featuredmedia":[{"embeddable":true,"href":"https:\/\/www.mpal.mp.br\/index.php?rest_route=\/wp\/v2\/media\/60870"}],"wp:attachment":[{"href":"https:\/\/www.mpal.mp.br\/index.php?rest_route=%2Fwp%2Fv2%2Fmedia&parent=60868"}],"wp:term":[{"taxonomy":"category","embeddable":true,"href":"https:\/\/www.mpal.mp.br\/index.php?rest_route=%2Fwp%2Fv2%2Fcategories&post=60868"},{"taxonomy":"post_tag","embeddable":true,"href":"https:\/\/www.mpal.mp.br\/index.php?rest_route=%2Fwp%2Fv2%2Ftags&post=60868"}],"curies":[{"name":"wp","href":"https:\/\/api.w.org\/{rel}","templated":true}]}}