{"id":60862,"date":"2025-07-31T09:54:47","date_gmt":"2025-07-31T12:54:47","guid":{"rendered":"https:\/\/www.mpal.mp.br\/?p=60862"},"modified":"2025-09-10T09:59:23","modified_gmt":"2025-09-10T12:59:23","slug":"projeto-o-preco-do-crime-reparacao-penal-com-responsabilidade-social","status":"publish","type":"post","link":"https:\/\/www.mpal.mp.br\/?p=60862","title":{"rendered":"Projeto &#8211; O pre\u00e7o do Crime &#8211; Repara\u00e7\u00e3o Penal com responsabilidade social"},"content":{"rendered":"<p><div class=\"fusion-fullwidth fullwidth-box fusion-builder-row-1 nonhundred-percent-fullwidth non-hundred-percent-height-scrolling\"  style='background-color: #ffffff;background-position: center center;background-repeat: no-repeat;padding-top:0px;padding-right:0px;padding-bottom:0px;padding-left:0px;'><div class=\"fusion-builder-row fusion-row \"><div  class=\"fusion-layout-column fusion_builder_column fusion_builder_column_1_1 fusion-builder-column-1 fusion-one-full fusion-column-first fusion-column-last 1_1\"  style='margin-top:0px;margin-bottom:20px;'>\n\t\t\t\t\t<div class=\"fusion-column-wrapper\" style=\"padding: 0px 0px 0px 0px;background-position:left top;background-repeat:no-repeat;-webkit-background-size:cover;-moz-background-size:cover;-o-background-size:cover;background-size:cover;\"   data-bg-url=\"\">\n\t\t\t\t\t\t<div class=\"fusion-text\"><div class=\"wpb_text_column wpb_content_element \" data-raofz=\"14\">\n<div id=\"ct_86stlyctqtlscocy50gx\" class=\"wpb_wrapper\" data-raofz=\"14\">\n<p style=\"text-align: justify;\"><strong><span style=\"font-size: 14pt;\">Minist\u00e9rio P\u00fablico do Estado de Alagoas<\/span><\/strong><\/p>\n<p style=\"text-align: justify;\"><span style=\"font-size: 14pt;\"><strong>INOVA <\/strong>| Sistema de Gest\u00e3o de Projetos e Processos<\/span><\/p>\n<p style=\"text-align: justify;\"><span style=\"font-size: 14pt;\">O PRE\u00c7O DO CRIME: REPARA\u00c7\u00c3O PENAL COM RESPONSABILIDADE SOCIAL<\/span><\/p>\n<p style=\"text-align: justify;\"><span style=\"font-size: 14pt;\"><strong>Tipo: <\/strong>Projeto\u00a0\u00a0\u00a0\u00a0\u00a0\u00a0\u00a0\u00a0\u00a0\u00a0\u00a0\u00a0\u00a0\u00a0\u00a0\u00a0\u00a0\u00a0\u00a0\u00a0\u00a0\u00a0\u00a0\u00a0\u00a0\u00a0\u00a0\u00a0\u00a0\u00a0\u00a0\u00a0 <strong>\u00c1rea Regional: <\/strong>Munic\u00edpio de origem n\u00e3o informado<\/span><\/p>\n<p style=\"text-align: justify;\"><span style=\"font-size: 14pt;\"><strong>Status: <\/strong>Em execu\u00e7\u00e3o\u00a0 \u00a0 \u00a0 \u00a0 \u00a0 \u00a0 \u00a0 \u00a0 \u00a0 \u00a0<strong>Unidade: <\/strong>Unidade de origem n\u00e3o informada<\/span><\/p>\n<p style=\"text-align: justify;\"><strong><span style=\"font-size: 14pt;\">::: Problema\/ Oportunidade<\/span><\/strong><\/p>\n<p style=\"text-align: justify;\"><span style=\"font-size: 14pt;\">Durante as visitas realizadas \u00e0s Delegacias de Pol\u00edcia da capital maceioense, a Promotoria de Controle Externo da Atividade Policial, 62\u00aa PJ, detectou o ainda persistente cen\u00e1rio f\u00e1tico de defici\u00eancias estruturais e materiais no seio da institui\u00e7\u00e3o de seguran\u00e7a p\u00fablica judici\u00e1ria. Como se n\u00e3o bastasse a p\u00e9ssima situa\u00e7\u00e3o das instala\u00e7\u00f5es f\u00edsicas de algumas unidades da pol\u00edcia civil, tamb\u00e9m se p\u00f4de constatar a inexist\u00eancia de computadores, de ares-condicionados e at\u00e9 mesmo de materiais de escrit\u00f3rio, cadeiras, impressoras e demais equipamentos b\u00e1sicos, o que acaba por resultar em uma presta\u00e7\u00e3o policial gravemente deficit\u00e1ria, reverberando diretamente em entraves \u00e0 garantia da cidadania plena, na perspectiva acima assinalada. Diante disso, para al\u00e9m de uma atua\u00e7\u00e3o ministerial perante os \u00f3rg\u00e3os da Administra\u00e7\u00e3o P\u00fablica que mant\u00eam inaceit\u00e1vel estado de coisas, ao arrepio do princ\u00edpio da efici\u00eancia insculpido no diploma constitucional, o que pode se dar por meio de eventuais a\u00e7\u00f5es civis p\u00fablicas, urge tamb\u00e9m sejam desenvolvidas iniciativas criativas, no \u00e2mbito das atribui\u00e7\u00f5es do Parquet, no sentido de buscar superar tamanho descalabro que pode resultar, inclusive, na imposi\u00e7\u00e3o de \u00f3bices ao adequado desempenho da atividade policial, afetando diretamente o Minist\u00e9rio P\u00fablico enquanto dominus litis e, portanto, destinat\u00e1rio das pe\u00e7as investigat\u00f3rias elaboradas no \u00e2mbito policial. Isto posto, o projeto coloca em discuss\u00e3o a possibilidade de serem articuladas pelo Minist\u00e9rio P\u00fablico estrat\u00e9gias para que os acordos moldados sob o vi\u00e9s da divers\u00e3o penal (acordos que flexibilizam a obrigatoriedade da regular tramita\u00e7\u00e3o de um processo criminal convencional) assentem, a partir de crit\u00e9rios subjetivos socioecon\u00f4micos dos investigados\/acusados e da gravidade dos delitos, tenham por objeto a doa\u00e7\u00e3o de computadores, impressoras e outros materiais correlatos \u00e0 Pol\u00edcia Civil de Alagoas, a partir das especifica\u00e7\u00f5es e demandas objetivamente apresentadas por esse mesmo \u00f3rg\u00e3o da seguran\u00e7a p\u00fablica. A gravidade do estado de coisas em que se encontra a Pol\u00edcia Civil alagoana \u00e9 exemplificada pelos mais de 15.000 (quinze mil) inqu\u00e9ritos emperrados nos distritos policiais, o que pode ser uma das justificativas para Alagoas, em 2020, registrar o maior n\u00famero de \u00f3bitos por linchamento dos \u00faltimos 6 anos. Chama aten\u00e7\u00e3o tamb\u00e9m os baix\u00edssimos \u00edndices de resolu\u00e7\u00e3o de crimes, inferior, inclusive, \u00e0 j\u00e1 vergonhosa taxa m\u00e9dia nacional: apenas 2% dos il\u00edcitos penais perpetrados em Alagoas s\u00e3o solucionados pela autoridade policial, segundo o coordenador do Mapa da Viol\u00eancia, Julio Jacobo Waiselfisz (BRUM, 2018). Tal cen\u00e1rio f\u00e1tico obsta a garantia da cidadania plena, raz\u00e3o pela qual h\u00e1 de se pontuar, a partir de uma atua\u00e7\u00e3o resolutiva por parte do Minist\u00e9rio P\u00fablico Estadual, que as medidas aqui aventadas haver\u00e3o de amenizar consideravelmente a conjuntura deficit\u00e1ria em que a Pol\u00edcia Judici\u00e1ria se encontra, beneficiando-se, em \u00faltima an\u00e1lise, toda a sociedade alagoana<\/span><\/p>\n<p style=\"text-align: justify;\"><strong><span style=\"font-size: 14pt;\">::: Objetivo<\/span><\/strong><\/p>\n<p style=\"text-align: justify;\"><span style=\"font-size: 14pt;\">Obter, a partir dos acordos de n\u00e3o persecu\u00e7\u00e3o penal, da transa\u00e7\u00e3o penal e do sursis, respeitados os crit\u00e9rios subjetivos da condi\u00e7\u00e3o socioecon\u00f4mica do r\u00e9u\/investigado e da gravidade do delito, recursos materiais para munir as delegacias e distritos policiais de condi\u00e7\u00f5es m\u00ednimas para atua\u00e7\u00e3o da pol\u00edcia judici\u00e1ria investigativa, visando uma maior resolu\u00e7\u00e3o dos crimes e uma melhor qualidade dos inqu\u00e9ritos, com o fito de garantir a efetividade do direito de todos \u00e0 seguran\u00e7a p\u00fablica, constitucionalmente assegurado. OBJETIVOS ESPEC\u00cdFICOS: 1. Perscrutar a dimens\u00e3o da aus\u00eancia de materiais na Pol\u00edcia Civil, como computadores e ares condicionados, dentre outros; 2. Perscrutar o volume de inqu\u00e9ritos parados em cada distrito policial de Macei\u00f3, identificando as delegacias com maiores problemas; 3. Desenvolver um sistema em parceria com a Pol\u00edcia Civil, que possibilite a consulta online dos \u201cminiprojetos\u201d de cada unidade policial, devendo constar do sistema, n\u00e3o apenas a lista de bens necess\u00e1rios \u00e0 implanta\u00e7\u00e3o de cada um dos projetos, mas tamb\u00e9m a especifica\u00e7\u00e3o de cada bem com a respectiva indica\u00e7\u00e3o dos valores. 4. Estabelecer modelos de acordos de n\u00e3o persecu\u00e7\u00e3o penal, de transa\u00e7\u00e3o e de sursis para servir de base, respeitada a independ\u00eancia funcional e autonomia dos membros do Minist\u00e9rio P\u00fablico, nos casos em que o infrator possua condi\u00e7\u00f5es socioecon\u00f4micas para arcar com o escopo de projeto.<\/span><\/p>\n<p style=\"text-align: justify;\"><strong><span style=\"font-size: 14pt;\">::: Escopo<\/span><\/strong><\/p>\n<p style=\"text-align: justify;\"><span style=\"font-size: 14pt;\">Obter, a partir dos acordos de n\u00e3o persecu\u00e7\u00e3o penal, respeitados os crit\u00e9rios subjetivos da condi\u00e7\u00e3o socioecon\u00f4mica do r\u00e9u\/investigado e da gravidade do delito, recursos materiais para munir as delegacias e outros \u00f3rg\u00e3os da seguran\u00e7a p\u00fablica, de condi\u00e7\u00f5es m\u00ednimas para atua\u00e7\u00e3o da pol\u00edcia judici\u00e1ria investigativa e repressiva, visando uma maior resolu\u00e7\u00e3o dos crimes e uma melhor qualidade dos inqu\u00e9ritos e atividade administrativa, com o fito de garantir a efetividade do direito de todos \u00e0 seguran\u00e7a p\u00fablica, constitucionalmente garantida. Desenvolvimento de um sistema web e rede virtual &#8211; MP e \u00d3rg\u00e3os de Seguran\u00e7a P\u00fablica, proporcionando a troca de informa\u00e7\u00f5es sobre doa\u00e7\u00f5es, apresenta\u00e7\u00e3o de rela\u00e7\u00e3o de itens necess\u00e1rios \u00e0 atua\u00e7\u00e3o dos \u00d3rg\u00e3o de seguran\u00e7a, comprova\u00e7\u00e3o de recebimento dos produtos, recibos, resultados restauradores, dentre outros. Disponibiliza\u00e7\u00e3o de Modelos de Acordos de N\u00e3o Persecu\u00e7\u00e3o Penal; Doa\u00e7\u00f5es por meio do ANPP e outras medidas despenalizadoras \u00e0 Pol\u00edcia Civil, Pol\u00edcia Militar, Corpo de Bombeiro, Pol\u00edcia Cient\u00edfica e outros \u00d3rg\u00e3os de Seguran\u00e7a P\u00fablica, melhorando o d\u00e9ficit de materiais, equipamentos de inform\u00e1tica e mobili\u00e1rio, dentre outros itens. Nesse esteio, os objetivos finais s\u00e3o: (i) reduzir o deficit de material da Pol\u00edcia Civil, aprimorando a atividade persecut\u00f3ria do Estado e efici\u00eancia de outros \u00f3rg\u00e3os de seguran\u00e7a p\u00fablica; (ii) refrear o elevado n\u00famero de inqu\u00e9ritos policiais sem solu\u00e7\u00e3o ou com atraso injustificado em sua tramita\u00e7\u00e3o por falta de condi\u00e7\u00f5es materiais e de informatiza\u00e7\u00e3o; (iii) devolver a sensa\u00e7\u00e3o de seguran\u00e7a \u00e0 popula\u00e7\u00e3o, afetada pela impunidade; (iv) aprimorar a atua\u00e7\u00e3o ministerial enquanto dominus litis, a partir de inqu\u00e9ritos policiais de qualidade, adequadamente instru\u00eddos e solucionados.<\/span><\/p>\n<p style=\"text-align: justify;\"><strong><span style=\"font-size: 14pt;\">::: N\u00e3o Escopo<\/span><\/strong><\/p>\n<p style=\"text-align: justify; padding-left: 40px;\"><span style=\"font-size: 14pt;\">O Projeto se limita a acompanhar o cumprimento da obriga\u00e7\u00e3o principal referente aos objetivos do Projeto at\u00e9 a efetiva entrega da doa\u00e7\u00e3o, cabendo a execu\u00e7\u00e3o do ANPP \u00e0s Promotorias da Execu\u00e7\u00e3o Penal<\/span><\/p>\n<p style=\"text-align: justify;\"><strong><span style=\"font-size: 14pt;\">::: Premissas<\/span><\/strong><\/p>\n<p style=\"text-align: justify; padding-left: 40px;\"><span style=\"font-size: 14pt;\">&#8211;\tA necessidade de melhorar a situa\u00e7\u00e3o da estrutura material das delegacias de pol\u00edcia e de outros \u00f3rg\u00e3o da seguran\u00e7a p\u00fablica; &#8211; Considerar que essa eventual melhora resultar\u00e1 em resultados mais promissores no que tange \u00e0s investiga\u00e7\u00f5es persecut\u00f3rias e conclus\u00f5es de inqu\u00e9ritos parados, fomentando a seguran\u00e7a p\u00fablica, bem como a restaura\u00e7\u00e3o do infrator que passa a ser agente de conduta positiva, proporcionando a repara\u00e7\u00e3o penal com responsabilidade social.<\/span><\/p>\n<p style=\"text-align: justify;\"><strong><span style=\"font-size: 14pt;\">::: Restri\u00e7\u00f5es<\/span><\/strong><\/p>\n<p style=\"text-align: justify; padding-left: 40px;\"><span style=\"font-size: 14pt;\">-Dificuldades de integra\u00e7\u00e3o; &#8211; Restri\u00e7\u00f5es em rela\u00e7\u00e3o a doa\u00e7\u00f5es;<\/span><\/p>\n<\/div>\n<\/div>\n<\/div><div class=\"fusion-builder-row fusion-builder-row-inner fusion-row \"><div  class=\"fusion-layout-column fusion_builder_column fusion_builder_column_1_2  fusion-one-half fusion-column-first 1_2\"  style='margin-top: 30px;margin-bottom: 20px;width:50%;width:calc(50% - ( ( 4% ) * 0.5 ) );margin-right:4%;'><div class=\"fusion-column-wrapper fusion-column-wrapper-1\" style=\"padding: 0px 0px 0px 0px;background-position:left top;background-repeat:no-repeat;-webkit-background-size:cover;-moz-background-size:cover;-o-background-size:cover;background-size:cover;\"  data-bg-url=\"\"><style type=\"text\/css\"><\/style><div class=\"fusion-title title fusion-title-1 fusion-title-center fusion-title-text fusion-title-size-two\" style=\"margin-top:0px;margin-bottom:31px;\"><div class=\"title-sep-container title-sep-container-left\"><div class=\"title-sep sep-double sep-solid\" style=\"border-color:#e0dede;\"><\/div><\/div><h2 class=\"title-heading-center\" style=\"margin:0;\">RESPONS\u00c1VEIS<\/h2><div class=\"title-sep-container title-sep-container-right\"><div class=\"title-sep sep-double sep-solid\" style=\"border-color:#e0dede;\"><\/div><\/div><\/div><div class=\"fusion-text\"><p style=\"text-align: center;\"><span style=\"font-size: 14pt; color: #003866;\" data-raofz=\"14\">ALYSON ELVIS<\/span><\/p>\n<\/div><div class=\"fusion-text\"><p style=\"text-align: center;\"><span style=\"font-size: 14pt; color: #003866;\" data-raofz=\"14\">KARLA PADILHA REBELO MARQUES<\/span><\/p>\n<\/div><div class=\"fusion-text\"><p style=\"text-align: center;\"><span style=\"font-size: 14pt; color: #003866;\" data-raofz=\"14\">MARLUCE FALC\u00c3O DE OLIVEIRA<\/span><\/p>\n<\/div><div class=\"fusion-text\"><p style=\"text-align: center;\"><span style=\"font-size: 14pt; color: #003866;\" data-raofz=\"14\">MIRYA TAVARES PINTO CARDOSO FERRO<\/span><\/p>\n<\/div><\/div><\/div><div  class=\"fusion-layout-column fusion_builder_column fusion_builder_column_1_2  fusion-one-half fusion-column-last 1_2\"  style='margin-top: 30px;margin-bottom: 20px;width:50%;width:calc(50% - ( ( 4% ) * 0.5 ) );'><div class=\"fusion-column-wrapper fusion-column-wrapper-2\" style=\"padding: 0px 0px 0px 0px;background-position:left top;background-repeat:no-repeat;-webkit-background-size:cover;-moz-background-size:cover;-o-background-size:cover;background-size:cover;\"  data-bg-url=\"\"><style type=\"text\/css\"><\/style><div class=\"fusion-title title fusion-title-2 fusion-title-center fusion-title-text fusion-title-size-two\" style=\"margin-top:0px;margin-bottom:31px;\"><div class=\"title-sep-container title-sep-container-left\"><div class=\"title-sep sep-double sep-solid\" style=\"border-color:#e0dede;\"><\/div><\/div><h2 class=\"title-heading-center\" style=\"margin:0;\">CONTATOS<\/h2><div class=\"title-sep-container title-sep-container-right\"><div class=\"title-sep sep-double sep-solid\" style=\"border-color:#e0dede;\"><\/div><\/div><\/div><div class=\"fusion-text\"><p style=\"text-align: center;\"><span style=\"font-size: 14pt; color: #003866;\" data-raofz=\"14\">(82) 2122-3514<\/span><\/p>\n<\/div><div class=\"fusion-text\"><p style=\"text-align: center;\"><span style=\"font-size: 14pt; color: #003866;\" data-raofz=\"14\">(82) 2122-3500<\/span><\/p>\n<\/div><div class=\"fusion-text\"><p style=\"text-align: center;\"><span style=\"font-size: 14pt; color: #003866;\" data-raofz=\"14\">(82) 9 9351-1989<\/span><\/p>\n<\/div><div class=\"fusion-text\"><p style=\"text-align: center;\"><span style=\"font-size: 14pt; color: #003866;\" data-raofz=\"14\">(82) 2122-3700<\/span><\/p>\n<\/div><\/div><\/div><\/div><div class=\"fusion-sep-clear\"><\/div><div class=\"fusion-separator fusion-full-width-sep sep-none\" style=\"margin-left: auto;margin-right: auto;margin-top:10px;\"><\/div><style type=\"text\/css\"><\/style><div class=\"fusion-title title fusion-title-3 fusion-title-text fusion-title-size-three\" style=\"margin-top:40px;margin-bottom:31px;\"><h3 class=\"title-heading-left\" style=\"margin:0;color:#ffffff;\"><strong><span style=\"font-size: 14pt; color: #003866;\">Anexos<\/span><\/strong><\/h3><div class=\"title-sep-container\"><div class=\"title-sep sep-double sep-solid\" style=\"border-color:#003866;\"><\/div><\/div><\/div><div class=\"fusion-text\"><p><span style=\"font-size: 14pt;\"><i class=\"fontawesome-icon fa-file-pdf fas circle-no\" style=\"font-size:18px;margin-right:9px;color:#003866;\"><\/i><a href=\"https:\/\/www.mpal.mp.br\/wp-content\/uploads\/2025\/09\/INOVA-O-Preco-do-Crime_-Reparacao-Penal-com-Responsabilidade-Social.pdf\" target=\"_blank\" rel=\"noopener\">Projeto &#8211; O pre\u00e7o do Crime &#8211; Repara\u00e7\u00e3o Penal com responsabilidade social &#8211; INOVA<\/a><\/span><\/p>\n<\/div><div class=\"fusion-clearfix\"><\/div>\n\n\t\t\t\t\t<\/div>\n\t\t\t\t<\/div><\/div><\/div><div class=\"fusion-fullwidth fullwidth-box fusion-builder-row-2 nonhundred-percent-fullwidth non-hundred-percent-height-scrolling\"  style='background-color: #ffffff;background-position: center center;background-repeat: no-repeat;padding-top:0px;padding-right:0px;padding-bottom:0px;padding-left:0px;'><div class=\"fusion-builder-row fusion-row \"><div  class=\"fusion-layout-column fusion_builder_column fusion_builder_column_1_1 fusion-builder-column-2 fusion-one-full fusion-column-first fusion-column-last 1_1\"  style='margin-top:0px;margin-bottom:20px;'>\n\t\t\t\t\t<div class=\"fusion-column-wrapper\" style=\"padding: 0px 0px 0px 0px;background-position:left top;background-repeat:no-repeat;-webkit-background-size:cover;-moz-background-size:cover;-o-background-size:cover;background-size:cover;\"   data-bg-url=\"\">\n\t\t\t\t\t\t<style type=\"text\/css\"><\/style><div class=\"fusion-title title fusion-title-4 fusion-title-center fusion-title-text fusion-title-size-three\" style=\"margin-top:40px;margin-bottom:31px;\"><div class=\"title-sep-container title-sep-container-left\"><div class=\"title-sep sep-double sep-solid\" style=\"border-color:#003866;\"><\/div><\/div><h3 class=\"title-heading-center\" style=\"margin:0;color:#ffffff;\"><span style=\"color: #808080;\"><strong><span style=\"font-size: 14pt;\">\u00daltimos Projetos<\/span><\/strong><\/span><\/h3><div class=\"title-sep-container title-sep-container-right\"><div class=\"title-sep sep-double sep-solid\" style=\"border-color:#003866;\"><\/div><\/div><\/div><div class=\"fusion-recent-posts fusion-recent-posts-1 avada-container layout-default layout-columns-1\"><section class=\"fusion-columns columns fusion-columns-1 columns-1\"><article class=\"post fusion-column column col col-lg-12 col-md-12 col-sm-12\"><div class=\"recent-posts-content\"><span class=\"vcard\" style=\"display: none;\"><span class=\"fn\"><a href=\"https:\/\/www.mpal.mp.br\/?author=2\" title=\"Posts de Administrador03\" rel=\"author\">Administrador03<\/a><\/span><\/span><span class=\"updated\" style=\"display:none;\">2025-09-10T10:10:39-03:00<\/span><h4 class=\"entry-title\"><a href=\"https:\/\/www.mpal.mp.br\/?p=60868\">Projeto &#8211; PM: Quero Paz!<\/a><\/h4><\/div><\/article><article class=\"post fusion-column column col col-lg-12 col-md-12 col-sm-12\"><div class=\"recent-posts-content\"><span class=\"vcard\" style=\"display: none;\"><span class=\"fn\"><a href=\"https:\/\/www.mpal.mp.br\/?author=2\" title=\"Posts de Administrador03\" rel=\"author\">Administrador03<\/a><\/span><\/span><span class=\"updated\" style=\"display:none;\">2025-09-10T08:45:48-03:00<\/span><h4 class=\"entry-title\"><a href=\"https:\/\/www.mpal.mp.br\/?p=60799\">Projeto &#8211; Acolher para Proteger<\/a><\/h4><\/div><\/article><article class=\"post fusion-column column col col-lg-12 col-md-12 col-sm-12\"><div class=\"recent-posts-content\"><span class=\"vcard\" style=\"display: none;\"><span class=\"fn\"><a href=\"https:\/\/www.mpal.mp.br\/?author=2\" title=\"Posts de Administrador03\" rel=\"author\">Administrador03<\/a><\/span><\/span><span class=\"updated\" style=\"display:none;\">2025-09-11T10:08:18-03:00<\/span><h4 class=\"entry-title\"><a href=\"https:\/\/www.mpal.mp.br\/?p=60949\">Projeto &#8211; O Futuro \u00e9 agora &#8211; MPAL na luta contra a fome<\/a><\/h4><\/div><\/article><article class=\"post fusion-column column col col-lg-12 col-md-12 col-sm-12\"><div class=\"recent-posts-content\"><span class=\"vcard\" style=\"display: none;\"><span class=\"fn\"><a href=\"https:\/\/www.mpal.mp.br\/?author=2\" title=\"Posts de Administrador03\" rel=\"author\">Administrador03<\/a><\/span><\/span><span class=\"updated\" style=\"display:none;\">2025-09-10T09:53:04-03:00<\/span><h4 class=\"entry-title\"><a href=\"https:\/\/www.mpal.mp.br\/?p=60854\">Projeto &#8211; O Fomento do terceiro<\/a><\/h4><\/div><\/article><article class=\"post fusion-column column col col-lg-12 col-md-12 col-sm-12\"><div class=\"recent-posts-content\"><span class=\"vcard\" style=\"display: none;\"><span class=\"fn\"><a href=\"https:\/\/www.mpal.mp.br\/?author=2\" title=\"Posts de Administrador03\" rel=\"author\">Administrador03<\/a><\/span><\/span><span class=\"updated\" style=\"display:none;\">2025-09-10T09:45:49-03:00<\/span><h4 class=\"entry-title\"><a href=\"https:\/\/www.mpal.mp.br\/?p=60846\">Projeto &#8211; Nossa Educa\u00e7\u00e3o daria um Livro<\/a><\/h4><\/div><\/article><article class=\"post fusion-column column col col-lg-12 col-md-12 col-sm-12\"><div class=\"recent-posts-content\"><span class=\"vcard\" style=\"display: none;\"><span class=\"fn\"><a href=\"https:\/\/www.mpal.mp.br\/?author=2\" title=\"Posts de Administrador03\" rel=\"author\">Administrador03<\/a><\/span><\/span><span class=\"updated\" style=\"display:none;\">2025-09-10T08:56:41-03:00<\/span><h4 class=\"entry-title\"><a href=\"https:\/\/www.mpal.mp.br\/?p=60806\">Projeto &#8211; Educar e Proteger<\/a><\/h4><\/div><\/article><\/section><\/div><div class=\"fusion-clearfix\"><\/div>\n\n\t\t\t\t\t<\/div>\n\t\t\t\t<\/div><\/div><\/div><\/p>\n","protected":false},"excerpt":{"rendered":"","protected":false},"author":2,"featured_media":20003,"comment_status":"open","ping_status":"open","sticky":false,"template":"","format":"standard","meta":{"om_disable_all_campaigns":false,"_monsterinsights_skip_tracking":false,"_monsterinsights_sitenote_active":false,"_monsterinsights_sitenote_note":"","_monsterinsights_sitenote_category":0,"_uf_show_specific_survey":0,"_uf_disable_surveys":false,"footnotes":""},"categories":[28],"tags":[],"class_list":["post-60862","post","type-post","status-publish","format-standard","has-post-thumbnail","hentry","category-projetos"],"aioseo_notices":[],"_links":{"self":[{"href":"https:\/\/www.mpal.mp.br\/index.php?rest_route=\/wp\/v2\/posts\/60862","targetHints":{"allow":["GET"]}}],"collection":[{"href":"https:\/\/www.mpal.mp.br\/index.php?rest_route=\/wp\/v2\/posts"}],"about":[{"href":"https:\/\/www.mpal.mp.br\/index.php?rest_route=\/wp\/v2\/types\/post"}],"author":[{"embeddable":true,"href":"https:\/\/www.mpal.mp.br\/index.php?rest_route=\/wp\/v2\/users\/2"}],"replies":[{"embeddable":true,"href":"https:\/\/www.mpal.mp.br\/index.php?rest_route=%2Fwp%2Fv2%2Fcomments&post=60862"}],"version-history":[{"count":4,"href":"https:\/\/www.mpal.mp.br\/index.php?rest_route=\/wp\/v2\/posts\/60862\/revisions"}],"predecessor-version":[{"id":60867,"href":"https:\/\/www.mpal.mp.br\/index.php?rest_route=\/wp\/v2\/posts\/60862\/revisions\/60867"}],"wp:featuredmedia":[{"embeddable":true,"href":"https:\/\/www.mpal.mp.br\/index.php?rest_route=\/wp\/v2\/media\/20003"}],"wp:attachment":[{"href":"https:\/\/www.mpal.mp.br\/index.php?rest_route=%2Fwp%2Fv2%2Fmedia&parent=60862"}],"wp:term":[{"taxonomy":"category","embeddable":true,"href":"https:\/\/www.mpal.mp.br\/index.php?rest_route=%2Fwp%2Fv2%2Fcategories&post=60862"},{"taxonomy":"post_tag","embeddable":true,"href":"https:\/\/www.mpal.mp.br\/index.php?rest_route=%2Fwp%2Fv2%2Ftags&post=60862"}],"curies":[{"name":"wp","href":"https:\/\/api.w.org\/{rel}","templated":true}]}}