{"id":60846,"date":"2025-09-01T09:39:29","date_gmt":"2025-09-01T12:39:29","guid":{"rendered":"https:\/\/www.mpal.mp.br\/?p=60846"},"modified":"2025-09-10T09:45:49","modified_gmt":"2025-09-10T12:45:49","slug":"projeto-4","status":"publish","type":"post","link":"https:\/\/www.mpal.mp.br\/?p=60846","title":{"rendered":"Projeto &#8211; Nossa Educa\u00e7\u00e3o daria um Livro"},"content":{"rendered":"<p><div class=\"fusion-fullwidth fullwidth-box fusion-builder-row-1 nonhundred-percent-fullwidth non-hundred-percent-height-scrolling\"  style='background-color: #ffffff;background-position: center center;background-repeat: no-repeat;padding-top:0px;padding-right:0px;padding-bottom:0px;padding-left:0px;'><div class=\"fusion-builder-row fusion-row \"><div  class=\"fusion-layout-column fusion_builder_column fusion_builder_column_1_1 fusion-builder-column-1 fusion-one-full fusion-column-first fusion-column-last 1_1\"  style='margin-top:0px;margin-bottom:20px;'>\n\t\t\t\t\t<div class=\"fusion-column-wrapper\" style=\"padding: 0px 0px 0px 0px;background-position:left top;background-repeat:no-repeat;-webkit-background-size:cover;-moz-background-size:cover;-o-background-size:cover;background-size:cover;\"   data-bg-url=\"\">\n\t\t\t\t\t\t<div class=\"fusion-text\"><div class=\"wpb_text_column wpb_content_element \" data-raofz=\"14\">\n<div id=\"ct_86stlyctqtlscocy50gx\" class=\"wpb_wrapper\" data-raofz=\"14\">\n<p style=\"text-align: justify;\"><strong><span style=\"font-size: 14pt;\">Minist\u00e9rio P\u00fablico do Estado de Alagoas<\/span><\/strong><\/p>\n<p style=\"text-align: justify;\"><span style=\"font-size: 14pt;\"><strong>INOVA <\/strong>| Sistema de Gest\u00e3o de Projetos e Processos<\/span><\/p>\n<p style=\"text-align: justify;\"><span style=\"font-size: 14pt;\">NOSSA EDUCA\u00c7\u00c3O DARIA UM LIVRO<\/span><\/p>\n<p style=\"text-align: justify;\"><span style=\"font-size: 14pt;\"><strong>Tipo: <\/strong>Projeto\u00a0\u00a0\u00a0\u00a0\u00a0\u00a0\u00a0\u00a0\u00a0\u00a0\u00a0\u00a0\u00a0\u00a0\u00a0\u00a0\u00a0\u00a0\u00a0\u00a0\u00a0\u00a0\u00a0\u00a0\u00a0\u00a0\u00a0\u00a0\u00a0\u00a0\u00a0\u00a0 <strong>\u00c1rea Regional: <\/strong>Munic\u00edpio de origem n\u00e3o informado<\/span><\/p>\n<p style=\"text-align: justify;\"><span style=\"font-size: 14pt;\"><strong>Status: <\/strong>Em execu\u00e7\u00e3o\u00a0 \u00a0 \u00a0 \u00a0 \u00a0 \u00a0 \u00a0 \u00a0 \u00a0 \u00a0<strong>Unidade: <\/strong>Unidade de origem n\u00e3o informada<\/span><\/p>\n<p style=\"text-align: justify;\"><strong><span style=\"font-size: 14pt;\">::: Problema\/ Oportunidade<\/span><\/strong><\/p>\n<p style=\"text-align: justify;\"><span style=\"font-size: 14pt;\">Conforme levantamento compilado realizado pela ATRICON1 com base nos dados do Censo Escolar de 2022, foi constatado que mais de 70% das escolas p\u00fablicas de Alagoas n\u00e3o possuem biblioteca. Dito isso, o projeto busca viabilizar o que preconiza a Lei Federal n\u00ba 12.244\/2010, que determinou que as institui\u00e7\u00f5es de ensino p\u00fablicas e privadas de todos os sistemas de ensino do Brasil deveriam ter bibliotecas (art. 1\u00ba), concedendo o prazo de 10 anos (art. 3\u00ba), j\u00e1 esgotado, para a universaliza\u00e7\u00e3o destes espa\u00e7os. De igual forma o PNE 2014\/2024 reconhece a oferta de escolas com ambientes adequados como uma condi\u00e7\u00e3o b\u00e1sica para que a educa\u00e7\u00e3o se desenvolva. Ademais, \u00e9 sabido que a consolida\u00e7\u00e3o de dados feita pela ATRICON n\u00e3o engloba espa\u00e7os como sala de leitura e similares, entretanto, a exist\u00eancia de tais espa\u00e7os alternativos refor\u00e7a a necessidade de levantamento aprofundado junto aos munic\u00edpios para avaliar a efici\u00eancia do local disponibilizado na complementa\u00e7\u00e3o da forma\u00e7\u00e3o educacional dos alunos atrav\u00e9s da leitura.<\/span><\/p>\n<p style=\"text-align: justify;\"><strong><span style=\"font-size: 14pt;\">::: Objetivo<\/span><\/strong><\/p>\n<p style=\"text-align: justify;\"><span style=\"font-size: 14pt;\">O Projeto \u201cNossa Educa\u00e7\u00e3o Daria um Livro\u201d surge a partir da necessidade de apurar e, posteriormente, aprimorar o quantitativo de bibliotecas e cantos de leitura, conforme previs\u00e3o expressa do art. 1\u00ba da Lei n\u00ba 12.244\/10: \u201cas institui\u00e7\u00f5es de ensino p\u00fablicas e privadas de todos os sistemas de ensino do Pa\u00eds contar\u00e3o com bibliotecas, nos termos desta Lei\u201d.<\/span><\/p>\n<p style=\"text-align: justify;\"><strong><span style=\"font-size: 14pt;\">::: Escopo<\/span><\/strong><\/p>\n<p style=\"text-align: justify;\"><span style=\"font-size: 14pt;\">O Projeto tem como produto o cumprimento da determina\u00e7\u00e3o legal disposta no art. 1\u00ba da Lei n\u00ba 12.244\/10 para que todas as institui\u00e7\u00f5es de ensino p\u00fablicas de Alagoas contem com bibliotecas com acervo ou cole\u00e7\u00e3o de livros, materiais videogr\u00e1ficos destinados a consulta, pesquisa, estudo ou leitura, al\u00e9m da fiscaliza\u00e7\u00e3o dos fundos municipais de educa\u00e7\u00e3o e destina\u00e7\u00e3o efetiva, resolutiva e estrat\u00e9gica de valores de multas administrativas ou judiciais decorrentes de a\u00e7\u00f5es ou atua\u00e7\u00f5es na inf\u00e2ncia e juventude para a consecu\u00e7\u00e3o da vontade legislativa e melhoria da qualidade da educa\u00e7\u00e3o no estado.<\/span><\/p>\n<p style=\"text-align: justify;\"><strong><span style=\"font-size: 14pt;\">::: N\u00e3o Escopo<\/span><\/strong><\/p>\n<p style=\"text-align: justify; padding-left: 40px;\"><span style=\"font-size: 14pt;\">Dados n\u00e3o informados.<\/span><\/p>\n<p style=\"text-align: justify;\"><strong><span style=\"font-size: 14pt;\">::: Premissas<\/span><\/strong><\/p>\n<p style=\"text-align: justify; padding-left: 40px;\"><span style=\"font-size: 14pt;\">Dados n\u00e3o informados<\/span><\/p>\n<p style=\"text-align: justify;\"><strong><span style=\"font-size: 14pt;\">::: Restri\u00e7\u00f5es<\/span><\/strong><\/p>\n<p style=\"text-align: justify; padding-left: 40px;\"><span style=\"font-size: 14pt;\">Dados n\u00e3o informados<\/span><\/p>\n<\/div>\n<\/div>\n<\/div><div class=\"fusion-builder-row fusion-builder-row-inner fusion-row \"><div  class=\"fusion-layout-column fusion_builder_column fusion_builder_column_1_2  fusion-one-half fusion-column-first 1_2\"  style='margin-top: 30px;margin-bottom: 20px;width:50%;width:calc(50% - ( ( 4% ) * 0.5 ) );margin-right:4%;'><div class=\"fusion-column-wrapper fusion-column-wrapper-1\" style=\"padding: 0px 0px 0px 0px;background-position:left top;background-repeat:no-repeat;-webkit-background-size:cover;-moz-background-size:cover;-o-background-size:cover;background-size:cover;\"  data-bg-url=\"\"><style type=\"text\/css\"><\/style><div class=\"fusion-title title fusion-title-1 fusion-title-center fusion-title-text fusion-title-size-two\" style=\"margin-top:0px;margin-bottom:31px;\"><div class=\"title-sep-container title-sep-container-left\"><div class=\"title-sep sep-double sep-solid\" style=\"border-color:#e0dede;\"><\/div><\/div><h2 class=\"title-heading-center\" style=\"margin:0;\">RESPONS\u00c1VEIS<\/h2><div class=\"title-sep-container title-sep-container-right\"><div class=\"title-sep sep-double sep-solid\" style=\"border-color:#e0dede;\"><\/div><\/div><\/div><div class=\"fusion-text\"><p style=\"text-align: center;\"><span style=\"font-size: 14pt; color: #003866;\" data-raofz=\"14\">CARINE AGRA<\/span><\/p>\n<\/div><div class=\"fusion-text\"><p style=\"text-align: center;\"><span style=\"font-size: 14pt; color: #003866;\" data-raofz=\"14\">DALVA VANDERLEI TEN\u00d3RIO<\/span><\/p>\n<\/div><div class=\"fusion-text\"><p style=\"text-align: center;\"><span style=\"font-size: 14pt; color: #003866;\" data-raofz=\"14\">DEL\u00daSIO DE GUSM\u00c3O ANDRADE<\/span><\/p>\n<\/div><div class=\"fusion-text\"><p style=\"text-align: center;\"><span style=\"font-size: 14pt; color: #003866;\" data-raofz=\"14\">GUSTAVO ARNS<\/span><\/p>\n<\/div><div class=\"fusion-text\"><p style=\"text-align: center;\"><span style=\"font-size: 14pt; color: #003866;\" data-raofz=\"14\">LA\u00cdS MENEZES BRAGA<\/span><\/p>\n<\/div><div class=\"fusion-text\"><p style=\"text-align: center;\"><span style=\"font-size: 14pt; color: #003866;\" data-raofz=\"14\">LUCAS SACHSIDA JUNQUEIRA CARNEIRO<\/span><\/p>\n<\/div><\/div><\/div><div  class=\"fusion-layout-column fusion_builder_column fusion_builder_column_1_2  fusion-one-half fusion-column-last 1_2\"  style='margin-top: 30px;margin-bottom: 20px;width:50%;width:calc(50% - ( ( 4% ) * 0.5 ) );'><div class=\"fusion-column-wrapper fusion-column-wrapper-2\" style=\"padding: 0px 0px 0px 0px;background-position:left top;background-repeat:no-repeat;-webkit-background-size:cover;-moz-background-size:cover;-o-background-size:cover;background-size:cover;\"  data-bg-url=\"\"><style type=\"text\/css\"><\/style><div class=\"fusion-title title fusion-title-2 fusion-title-center fusion-title-text fusion-title-size-two\" style=\"margin-top:0px;margin-bottom:31px;\"><div class=\"title-sep-container title-sep-container-left\"><div class=\"title-sep sep-double sep-solid\" style=\"border-color:#e0dede;\"><\/div><\/div><h2 class=\"title-heading-center\" style=\"margin:0;\">CONTATOS<\/h2><div class=\"title-sep-container title-sep-container-right\"><div class=\"title-sep sep-double sep-solid\" style=\"border-color:#e0dede;\"><\/div><\/div><\/div><div class=\"fusion-text\"><p style=\"text-align: center;\"><span style=\"font-size: 14pt; color: #003866;\" data-raofz=\"14\">(82) 2122-5218<\/span><\/p>\n<\/div><div class=\"fusion-text\"><p style=\"text-align: center;\"><span style=\"font-size: 14pt; color: #003866;\" data-raofz=\"14\">(82) 2122-5218<\/span><\/p>\n<\/div><div class=\"fusion-text\"><p style=\"text-align: center;\"><span style=\"font-size: 14pt; color: #003866;\" data-raofz=\"14\">(82) 9 9900-3676<\/span><\/p>\n<\/div><div class=\"fusion-text\"><p style=\"text-align: center;\"><span style=\"font-size: 14pt; color: #003866;\" data-raofz=\"14\">(82) 2122-5218<\/span><\/p>\n<\/div><div class=\"fusion-text\"><p style=\"text-align: center;\"><span style=\"font-size: 14pt; color: #003866;\" data-raofz=\"14\">(82) 2122-5218<\/span><\/p>\n<\/div><div class=\"fusion-text\"><p style=\"text-align: center;\"><span style=\"font-size: 14pt; color: #003866;\" data-raofz=\"14\">(82) 2122-5218<\/span><\/p>\n<\/div><\/div><\/div><\/div><div class=\"fusion-sep-clear\"><\/div><div class=\"fusion-separator fusion-full-width-sep sep-none\" style=\"margin-left: auto;margin-right: auto;margin-top:10px;\"><\/div><style type=\"text\/css\"><\/style><div class=\"fusion-title title fusion-title-3 fusion-title-text fusion-title-size-three\" style=\"margin-top:40px;margin-bottom:31px;\"><h3 class=\"title-heading-left\" style=\"margin:0;color:#ffffff;\"><strong><span style=\"font-size: 14pt; color: #003866;\">Anexos<\/span><\/strong><\/h3><div class=\"title-sep-container\"><div class=\"title-sep sep-double sep-solid\" style=\"border-color:#003866;\"><\/div><\/div><\/div><div class=\"fusion-text\"><p><span style=\"font-size: 14pt;\"><i class=\"fontawesome-icon fa-file-pdf fas circle-no\" style=\"font-size:18px;margin-right:9px;color:#003866;\"><\/i><a href=\"https:\/\/www.mpal.mp.br\/wp-content\/uploads\/2025\/09\/INOVA-Nossa-Educacao-Daria-um-Livro.pdf\" target=\"_blank\" rel=\"noopener\">Projeto &#8211; Nossa Educa\u00e7\u00e3o daria um Livro &#8211; INOVA<\/a><\/span><\/p>\n<\/div><div class=\"fusion-clearfix\"><\/div>\n\n\t\t\t\t\t<\/div>\n\t\t\t\t<\/div><\/div><\/div><div class=\"fusion-fullwidth fullwidth-box fusion-builder-row-2 nonhundred-percent-fullwidth non-hundred-percent-height-scrolling\"  style='background-color: #ffffff;background-position: center center;background-repeat: no-repeat;padding-top:0px;padding-right:0px;padding-bottom:0px;padding-left:0px;'><div class=\"fusion-builder-row fusion-row \"><div  class=\"fusion-layout-column fusion_builder_column fusion_builder_column_1_1 fusion-builder-column-2 fusion-one-full fusion-column-first fusion-column-last 1_1\"  style='margin-top:0px;margin-bottom:20px;'>\n\t\t\t\t\t<div class=\"fusion-column-wrapper\" style=\"padding: 0px 0px 0px 0px;background-position:left top;background-repeat:no-repeat;-webkit-background-size:cover;-moz-background-size:cover;-o-background-size:cover;background-size:cover;\"   data-bg-url=\"\">\n\t\t\t\t\t\t<style type=\"text\/css\"><\/style><div class=\"fusion-title title fusion-title-4 fusion-title-center fusion-title-text fusion-title-size-three\" style=\"margin-top:40px;margin-bottom:31px;\"><div class=\"title-sep-container title-sep-container-left\"><div class=\"title-sep sep-double sep-solid\" style=\"border-color:#003866;\"><\/div><\/div><h3 class=\"title-heading-center\" style=\"margin:0;color:#ffffff;\"><span style=\"color: #808080;\"><strong><span style=\"font-size: 14pt;\">\u00daltimos Projetos<\/span><\/strong><\/span><\/h3><div class=\"title-sep-container title-sep-container-right\"><div class=\"title-sep sep-double sep-solid\" style=\"border-color:#003866;\"><\/div><\/div><\/div><div class=\"fusion-recent-posts fusion-recent-posts-1 avada-container layout-default layout-columns-1\"><section class=\"fusion-columns columns fusion-columns-1 columns-1\"><article class=\"post fusion-column column col col-lg-12 col-md-12 col-sm-12\"><div class=\"recent-posts-content\"><span class=\"vcard\" style=\"display: none;\"><span class=\"fn\"><a href=\"https:\/\/www.mpal.mp.br\/?author=2\" title=\"Posts de Administrador03\" rel=\"author\">Administrador03<\/a><\/span><\/span><span class=\"updated\" style=\"display:none;\">2025-09-10T10:10:39-03:00<\/span><h4 class=\"entry-title\"><a href=\"https:\/\/www.mpal.mp.br\/?p=60868\">Projeto &#8211; PM: Quero Paz!<\/a><\/h4><\/div><\/article><article class=\"post fusion-column column col col-lg-12 col-md-12 col-sm-12\"><div class=\"recent-posts-content\"><span class=\"vcard\" style=\"display: none;\"><span class=\"fn\"><a href=\"https:\/\/www.mpal.mp.br\/?author=2\" title=\"Posts de Administrador03\" rel=\"author\">Administrador03<\/a><\/span><\/span><span class=\"updated\" style=\"display:none;\">2025-09-10T08:45:48-03:00<\/span><h4 class=\"entry-title\"><a href=\"https:\/\/www.mpal.mp.br\/?p=60799\">Projeto &#8211; Acolher para Proteger<\/a><\/h4><\/div><\/article><article class=\"post fusion-column column col col-lg-12 col-md-12 col-sm-12\"><div class=\"recent-posts-content\"><span class=\"vcard\" style=\"display: none;\"><span class=\"fn\"><a href=\"https:\/\/www.mpal.mp.br\/?author=2\" title=\"Posts de Administrador03\" rel=\"author\">Administrador03<\/a><\/span><\/span><span class=\"updated\" style=\"display:none;\">2025-09-11T10:08:18-03:00<\/span><h4 class=\"entry-title\"><a href=\"https:\/\/www.mpal.mp.br\/?p=60949\">Projeto &#8211; O Futuro \u00e9 agora &#8211; MPAL na luta contra a fome<\/a><\/h4><\/div><\/article><article class=\"post fusion-column column col col-lg-12 col-md-12 col-sm-12\"><div class=\"recent-posts-content\"><span class=\"vcard\" style=\"display: none;\"><span class=\"fn\"><a href=\"https:\/\/www.mpal.mp.br\/?author=2\" title=\"Posts de Administrador03\" rel=\"author\">Administrador03<\/a><\/span><\/span><span class=\"updated\" style=\"display:none;\">2025-09-10T09:53:04-03:00<\/span><h4 class=\"entry-title\"><a href=\"https:\/\/www.mpal.mp.br\/?p=60854\">Projeto &#8211; O Fomento do terceiro<\/a><\/h4><\/div><\/article><article class=\"post fusion-column column col col-lg-12 col-md-12 col-sm-12\"><div class=\"recent-posts-content\"><span class=\"vcard\" style=\"display: none;\"><span class=\"fn\"><a href=\"https:\/\/www.mpal.mp.br\/?author=2\" title=\"Posts de Administrador03\" rel=\"author\">Administrador03<\/a><\/span><\/span><span class=\"updated\" style=\"display:none;\">2025-09-10T09:45:49-03:00<\/span><h4 class=\"entry-title\"><a href=\"https:\/\/www.mpal.mp.br\/?p=60846\">Projeto &#8211; Nossa Educa\u00e7\u00e3o daria um Livro<\/a><\/h4><\/div><\/article><article class=\"post fusion-column column col col-lg-12 col-md-12 col-sm-12\"><div class=\"recent-posts-content\"><span class=\"vcard\" style=\"display: none;\"><span class=\"fn\"><a href=\"https:\/\/www.mpal.mp.br\/?author=2\" title=\"Posts de Administrador03\" rel=\"author\">Administrador03<\/a><\/span><\/span><span class=\"updated\" style=\"display:none;\">2025-09-10T08:56:41-03:00<\/span><h4 class=\"entry-title\"><a href=\"https:\/\/www.mpal.mp.br\/?p=60806\">Projeto &#8211; Educar e Proteger<\/a><\/h4><\/div><\/article><\/section><\/div><div class=\"fusion-clearfix\"><\/div>\n\n\t\t\t\t\t<\/div>\n\t\t\t\t<\/div><\/div><\/div><\/p>\n","protected":false},"excerpt":{"rendered":"","protected":false},"author":2,"featured_media":60847,"comment_status":"open","ping_status":"open","sticky":false,"template":"","format":"standard","meta":{"om_disable_all_campaigns":false,"_monsterinsights_skip_tracking":false,"_monsterinsights_sitenote_active":false,"_monsterinsights_sitenote_note":"","_monsterinsights_sitenote_category":0,"_uf_show_specific_survey":0,"_uf_disable_surveys":false,"footnotes":""},"categories":[28],"tags":[],"class_list":["post-60846","post","type-post","status-publish","format-standard","has-post-thumbnail","hentry","category-projetos"],"aioseo_notices":[],"_links":{"self":[{"href":"https:\/\/www.mpal.mp.br\/index.php?rest_route=\/wp\/v2\/posts\/60846","targetHints":{"allow":["GET"]}}],"collection":[{"href":"https:\/\/www.mpal.mp.br\/index.php?rest_route=\/wp\/v2\/posts"}],"about":[{"href":"https:\/\/www.mpal.mp.br\/index.php?rest_route=\/wp\/v2\/types\/post"}],"author":[{"embeddable":true,"href":"https:\/\/www.mpal.mp.br\/index.php?rest_route=\/wp\/v2\/users\/2"}],"replies":[{"embeddable":true,"href":"https:\/\/www.mpal.mp.br\/index.php?rest_route=%2Fwp%2Fv2%2Fcomments&post=60846"}],"version-history":[{"count":5,"href":"https:\/\/www.mpal.mp.br\/index.php?rest_route=\/wp\/v2\/posts\/60846\/revisions"}],"predecessor-version":[{"id":60853,"href":"https:\/\/www.mpal.mp.br\/index.php?rest_route=\/wp\/v2\/posts\/60846\/revisions\/60853"}],"wp:featuredmedia":[{"embeddable":true,"href":"https:\/\/www.mpal.mp.br\/index.php?rest_route=\/wp\/v2\/media\/60847"}],"wp:attachment":[{"href":"https:\/\/www.mpal.mp.br\/index.php?rest_route=%2Fwp%2Fv2%2Fmedia&parent=60846"}],"wp:term":[{"taxonomy":"category","embeddable":true,"href":"https:\/\/www.mpal.mp.br\/index.php?rest_route=%2Fwp%2Fv2%2Fcategories&post=60846"},{"taxonomy":"post_tag","embeddable":true,"href":"https:\/\/www.mpal.mp.br\/index.php?rest_route=%2Fwp%2Fv2%2Ftags&post=60846"}],"curies":[{"name":"wp","href":"https:\/\/api.w.org\/{rel}","templated":true}]}}