{"id":60838,"date":"2023-09-20T09:31:36","date_gmt":"2023-09-20T12:31:36","guid":{"rendered":"https:\/\/www.mpal.mp.br\/?p=60838"},"modified":"2025-09-10T09:36:35","modified_gmt":"2025-09-10T12:36:35","slug":"projeto-3","status":"publish","type":"post","link":"https:\/\/www.mpal.mp.br\/?p=60838","title":{"rendered":"Projeto &#8211; Mulheres em Seguran\u00e7a: Ass\u00e9dio N\u00e3o!"},"content":{"rendered":"<p><div class=\"fusion-fullwidth fullwidth-box fusion-builder-row-1 nonhundred-percent-fullwidth non-hundred-percent-height-scrolling\"  style='background-color: #ffffff;background-position: center center;background-repeat: no-repeat;padding-top:0px;padding-right:0px;padding-bottom:0px;padding-left:0px;'><div class=\"fusion-builder-row fusion-row \"><div  class=\"fusion-layout-column fusion_builder_column fusion_builder_column_1_1 fusion-builder-column-1 fusion-one-full fusion-column-first fusion-column-last 1_1\"  style='margin-top:0px;margin-bottom:20px;'>\n\t\t\t\t\t<div class=\"fusion-column-wrapper\" style=\"padding: 0px 0px 0px 0px;background-position:left top;background-repeat:no-repeat;-webkit-background-size:cover;-moz-background-size:cover;-o-background-size:cover;background-size:cover;\"   data-bg-url=\"\">\n\t\t\t\t\t\t<div class=\"fusion-text\"><div class=\"wpb_text_column wpb_content_element \" data-raofz=\"14\">\n<div id=\"ct_86stlyctqtlscocy50gx\" class=\"wpb_wrapper\" data-raofz=\"14\">\n<p style=\"text-align: justify;\"><strong><span style=\"font-size: 14pt;\">Minist\u00e9rio P\u00fablico do Estado de Alagoas<\/span><\/strong><\/p>\n<p style=\"text-align: justify;\"><span style=\"font-size: 14pt;\"><strong>INOVA <\/strong>| Sistema de Gest\u00e3o de Projetos e Processos<\/span><\/p>\n<p style=\"text-align: justify;\"><span style=\"font-size: 14pt;\">MULHERES EM SEGURAN\u00c7A: ASS\u00c9DIO N\u00c3O!<\/span><\/p>\n<p style=\"text-align: justify;\"><span style=\"font-size: 14pt;\"><strong>Tipo: <\/strong>Projeto\u00a0\u00a0\u00a0\u00a0\u00a0\u00a0\u00a0\u00a0\u00a0\u00a0\u00a0\u00a0\u00a0\u00a0\u00a0\u00a0\u00a0\u00a0\u00a0\u00a0\u00a0\u00a0\u00a0\u00a0\u00a0\u00a0\u00a0\u00a0\u00a0\u00a0\u00a0\u00a0 <strong>\u00c1rea Regional: <\/strong>Munic\u00edpio de origem n\u00e3o informado<\/span><\/p>\n<p style=\"text-align: justify;\"><span style=\"font-size: 14pt;\"><strong>Status: <\/strong>Em execu\u00e7\u00e3o\u00a0 \u00a0 \u00a0 \u00a0 \u00a0 \u00a0 \u00a0 \u00a0 \u00a0 \u00a0<strong>Unidade: <\/strong>Unidade de origem n\u00e3o informada<\/span><\/p>\n<p style=\"text-align: justify;\"><strong><span style=\"font-size: 14pt;\">::: Problema\/ Oportunidade<\/span><\/strong><\/p>\n<p style=\"text-align: justify;\"><span style=\"font-size: 14pt;\">Foi apenas em 25 de novembro de 1989 que a Pol\u00edcia Militar de Alagoas formou a sua primeira turma de mulheres. No Corpo de Bombeiros, por sua vez, a entrada da primeira mulher se deu somente em 1994, ou seja, h\u00e1 recentes 26 anos. Em 2016, 28 anos ap\u00f3s a promulga\u00e7\u00e3o da Constitui\u00e7\u00e3o, Alagoas teve a primeira mulher ocupando o cargo de secret\u00e1ria adjunta de seguran\u00e7a p\u00fablica. Malgrado nenhum ato normativo possa suplantar as cl\u00e1usulas p\u00e9treas de igualdade entre homens e mulheres e de veda\u00e7\u00e3o a toda forma de discrimina\u00e7\u00e3o, a efic\u00e1cia social da Constitui\u00e7\u00e3o ainda esbarra em mecanismos virulentos de oposi\u00e7\u00e3o \u00e0s normativas emanadas do diploma constitucional. Nesse esteio, faz-se necess\u00e1rio que o Minist\u00e9rio P\u00fablico, imbu\u00eddo da defesa da ordem jur\u00eddica, do regime democr\u00e1tico e dos interesses sociais e individuais indispon\u00edveis, atue para assegurar a for\u00e7a normativa da Carta Magna no mundo dos fatos. Afinal, os meios utilizados para cercear a igualdade de g\u00eanero n\u00e3o s\u00e3o mais advindos de ordena\u00e7\u00f5es institucionalizadas, mas sim, da aus\u00eancia de um sistema de responsabiliza\u00e7\u00e3o efetivo, al\u00e9m da inexist\u00eancia de um canal de di\u00e1logo e acolhimento seguro h\u00e1bil a apurar e ,eventualmente punir, integrantes das for\u00e7as de seguran\u00e7a p\u00fablica que perpetrarem ass\u00e9dio e\/ou importuna\u00e7\u00e3o sexual e moral. Em artigo analisando o estresse ocupacional em policiais militares do sexo feminino, a doutora em Sa\u00fade P\u00fablica pela Fiocruz, Cla\u00fadia Bezerra aponta que: \u201cAl\u00e9m dos principais estressores j\u00e1 citados, as mulheres, principalmente entre as pra\u00e7as que exercem atividades operacionais, incluem o ass\u00e9dio sexual. Relatam sua dificuldade em construir estrat\u00e9gias para escapar dele, nesse ambiente predominantemente masculino e dominado por forte hierarquia. Entre as oficiais, o ass\u00e9dio n\u00e3o aparece diretamente como causador de estresse, mas como uma dificuldade peculiar em que n\u00e3o h\u00e1 reconhecimento de que est\u00e3o em tal posto por seu m\u00e9rito. \u2018A gente tem que lidar com essa quest\u00e3o da sexualidade [de g\u00eanero] o tempo todo mostrando para eles que a gente est\u00e1 do lado deles, n\u00e3o tem diferen\u00e7a. (Oficial\/operacional). [&#8230;] Eles dizem: eu heim! Eu vou ter que cuidar do bandido e da mulher, pois ao inv\u00e9s dela dar tiro vai ficar passando batom. (Pra\u00e7as\/operacionais)\u2019\u201d (BEZERRA, 2013). Diante disso, este projeto surge com o fito de superar essas adversidades, enfrentando a ainda vigente cultura sexista para propor a ressignifica\u00e7\u00e3o do papel hist\u00f3rico designado \u00e0 mulher por um antiquado modelo de sociedade que n\u00e3o se coaduna mais com os preceitos de igualdade e de n\u00e3odiscrimina\u00e7\u00e3o impostos pela Constitui\u00e7\u00e3o Federal. Isto posto, insta interpretar a Recomenda\u00e7\u00e3o 15 da Carta de Bras\u00edlia :\u201c\u00c9 recomend\u00e1vel que os \u00f3rg\u00e3os de controle interno e externo criem mecanismos para apurar de forma satisfat\u00f3ria infra\u00e7\u00f5es funcionais como tratamento com palavras agressivas discrimina\u00e7\u00e3o durante a atua\u00e7\u00e3o, humilha\u00e7\u00e3o em p\u00fablico, vias de fato desnecess\u00e1rias, ass\u00e9dio moral ou sexual, retalia\u00e7\u00e3o contra reclama\u00e7\u00f5es da atividade ou recusa de identifica\u00e7\u00e3o do policial ao cidad\u00e3o ap\u00f3s a dilig\u00eancia\u201d para al\u00e9m dos limites do liame entre pol\u00edcia e cidad\u00e3o, assim, abrangendo tamb\u00e9m a veda\u00e7\u00e3o ao ass\u00e9dio dentro das rela\u00e7\u00f5es profissionais entre servidores e servidoras das briosas institui\u00e7\u00f5es de seguran\u00e7a p\u00fablica.<\/span><\/p>\n<p style=\"text-align: justify;\"><strong><span style=\"font-size: 14pt;\">::: Objetivo<\/span><\/strong><\/p>\n<p style=\"text-align: justify;\"><span style=\"font-size: 14pt;\">Desenvolver uma cultura de igualdade de g\u00eanero e de n\u00e3o-discrimina\u00e7\u00e3o nos \u00f3rg\u00e3os de seguran\u00e7a p\u00fablica: Pol\u00edcia Militar, no Corpo de Bombeiros, na Pol\u00edcia Civil, na Pol\u00edcia Penal e na Per\u00edcia Oficial enfrentando o ass\u00e9dio sexual e moral. OBJETIVOS ESPEC\u00cdFICOS: &#8211; Monitoramento e ado\u00e7\u00e3o de provid\u00eancias diante de casos de ass\u00e9dio moral e sexual, materializados, muitas vezes, em transfer\u00eancias imotivadas e amea\u00e7as diversas. &#8211; An\u00e1lise de dados quantitativos e qualitativos referentes \u00e0 percep\u00e7\u00e3o do ass\u00e9dio moral e sexual no ambiente de trabalho das servidoras de seguran\u00e7a p\u00fablica; &#8211; Refor\u00e7o ao canal de di\u00e1logo entre servidoras da seguran\u00e7a p\u00fablica em Macei\u00f3 e o Minist\u00e9rio P\u00fablico Estadual; &#8211; Implementa\u00e7\u00e3o, nos cursos de forma\u00e7\u00e3o e de aperfei\u00e7oamento das institui\u00e7\u00f5es de seguran\u00e7a p\u00fablica, de disciplinas relacionadas ao enfrentamento ao ass\u00e9dio moral e sexual, bem como relativas ao combate \u00e0 discrimina\u00e7\u00e3o em raz\u00e3o do g\u00eanero; &#8211; Fortalecer a rela\u00e7\u00e3o do Minist\u00e9rio P\u00fablico com a sociedade e com a academia, por interm\u00e9dio da Universidade Federal de Alagoas; &#8211; Permitir um ambiente interno nas institui\u00e7\u00f5es abarcadas pelo projeto mais saud\u00e1vel, harm\u00f4nico e em conformidade com os Direitos Fundamentais, gerando benef\u00edcios para toda a sociedade, pois des\u00e1gua em uma presta\u00e7\u00e3o mais eficiente das atribui\u00e7\u00f5es das for\u00e7as de seguran\u00e7a, nos termos do art. 37 da Constitui\u00e7\u00e3o Federal;<\/span><\/p>\n<p style=\"text-align: justify;\"><strong><span style=\"font-size: 14pt;\">::: Escopo<\/span><\/strong><\/p>\n<p style=\"text-align: justify;\"><span style=\"font-size: 14pt;\">O projeto se desenvolver\u00e1 em quatro fases principais: a) mapeamento do problema (levantamento de dados qualitativos e quantitativos); b) organiza\u00e7\u00e3o de atividades de conscientiza\u00e7\u00e3o para o p\u00fablico interno (mecanismos de educa\u00e7\u00e3o) c) divulga\u00e7\u00e3o nas m\u00eddias sociais do escopo da campanha, com foco em casos reais e tamb\u00e9m nas san\u00e7\u00f5es que podem ser aplicadas \u00e0 pr\u00e1tica de ass\u00e9dio; d) constru\u00e7\u00e3o de programas de enfrentamento dentro de cada institui\u00e7\u00e3o (solu\u00e7\u00f5es aplic\u00e1veis), com oferecimento de sugest\u00f5es concretas. Salienta-se que as fases n\u00e3o ocorrer\u00e3o de modo linear, podendo se dar simultaneamente ou de forma concatenada. Assim, cada momento provocar\u00e1 importantes resultados distintos: A primeira fase ter\u00e1 como consequ\u00eancia (i) a produ\u00e7\u00e3o de um documento informativo que relacionar\u00e1 os dados qualitativos e quantitativos mapeados ap\u00f3s entrevistas, grupos de trabalho, resolu\u00e7\u00e3o de question\u00e1rios e demais metodologias de pesquisa endere\u00e7adas \u00e0s mulheres profissionais da seguran\u00e7a p\u00fablica; (ii) a apura\u00e7\u00e3o do que h\u00e1 nas corregedorias das pol\u00edcias, da per\u00edcia e do corpo de bombeiros relativos a casos de ass\u00e9dio moral e sexual perpetrado contra servidoras no prazo temporal de 5 anos, adotando, caso necess\u00e1rio, as provid\u00eancias cab\u00edveis em caso de insuficiente perquisi\u00e7\u00e3o correcional; (iii) divulga\u00e7\u00e3o nas m\u00eddias digitais de depoimentos em apoio ao projeto; (iv) defini\u00e7\u00e3o das representantes de cada institui\u00e7\u00e3o. A partir disto, o invisibilizado cen\u00e1rio de ass\u00e9dio moral e sexual, antes pautado de modo absc\u00f4ndito, ser\u00e1 diagramado e descortinado pela atua\u00e7\u00e3o do Minist\u00e9rio P\u00fablico Estadual em colabora\u00e7\u00e3o com a Faculdade de Direito da Universidade Federal de Alagoas. A segunda fase, por seu turno, promover\u00e1: (i) a cria\u00e7\u00e3o de uma disciplina voltada \u00e0 conscientiza\u00e7\u00e3o da necessidade de se combater o ass\u00e9dio e a importuna\u00e7\u00e3o moral e sexual contra as mulheres dentro das for\u00e7as de seguran\u00e7a p\u00fablica, isto refor\u00e7ar\u00e1 os primados constitucionais da igualdade de g\u00eanero e da n\u00e3o-discrimina\u00e7\u00e3o, abarcando todos os n\u00edveis de forma\u00e7\u00e3o, tanto para rec\u00e9m-ingressos quanto para j\u00e1 integrantes da seguran\u00e7a p\u00fablica em processo de promo\u00e7\u00e3o, bem como, nos cursos ordin\u00e1rios e suplementares curriculares; (ii) campanha de divulga\u00e7\u00e3o que reforce a ideia de que o assediador ou o subordinante que se omitiu pode ser processado por improbidade administrativa, sem preju\u00edzo de san\u00e7\u00f5es nas \u00e1reas penal, c\u00edvel e correcional; (iii) palestras sobre o tema nos \u00f3rg\u00e3os de seguran\u00e7a p\u00fablica albergados pelo projeto; (iv) palestra para os cargos de dire\u00e7\u00e3o e equivalentes, informando que a omiss\u00e3o diante de casos de ass\u00e9dio e importuna\u00e7\u00e3o tamb\u00e9m acarretam responsabilidades. A terceira fase ter\u00e1 como efeito a produ\u00e7\u00e3o de, inicialmente, tr\u00eas campanhas informativas: (i) \\&#8221;Basta: ASS\u00c9DIO N\u00c3O!\\&#8221; com o escopo de descrever fatos reais de ass\u00e9dio contra as mulheres ocorridos no seio das institui\u00e7\u00f5es de seguran\u00e7a p\u00fablica alagoanas por meio de relatos das v\u00edtimas; (ii) \\&#8221;N\u00c3O VAI MAIS FICAR POR ISSO MESMO!\\&#8221; com o des\u00edgnio de difundir sobre as penalidades para quem cometer ass\u00e9dio ou importuna\u00e7\u00e3o sexual contra mulheres; (iii) \\&#8221;VOC\u00ca N\u00c3O EST\u00c1 SOZINHA: Denuncie e Sinta-se Acolhida\\&#8221; com o fito de divulgar o que fazer em casos de ass\u00e9dio ou importuna\u00e7\u00e3o sexual; Por fim, a \u00faltima fase abarcar\u00e1: (i) a elabora\u00e7\u00e3o de um relat\u00f3rio circunstanciado do projeto a ser encaminhado \u00e0 Secretaria de Seguran\u00e7a P\u00fablica e \u00e0 Secretaria de Ressocializa\u00e7\u00e3o e Integra\u00e7\u00e3o Social munido de Recomenda\u00e7\u00e3o para que seja criada uma Rede de Integra\u00e7\u00e3o com a presen\u00e7a de mulheres representantes do Minist\u00e9rio P\u00fablico Estadual, da Pol\u00edcia Militar, da Pol\u00edcia Penal, da Pol\u00edcia Civil, do Corpo de Bombeiros, da Per\u00edcia Oficial, da Universidade Federal de Alagoas, da Ordem dos Advogados do Brasil e da Secretaria da Mulher e dos Direitos Humanos com o fito de acompanhar as tratativas relativas ao enfrentamento ao ass\u00e9dio e \u00e0 importuna\u00e7\u00e3o sexual e moral \u00e0s mulheres integrantes das institui\u00e7\u00f5es de seguran\u00e7a; (ii) cria\u00e7\u00e3o de uma Unidade de Acolhimento, preferencialmente fora das instala\u00e7\u00f5es f\u00edsicas dos \u00f3rg\u00e3os de seguran\u00e7a p\u00fablica em quest\u00e3o, composta por mulheres integrantes das pol\u00edcias, do corpo de bombeiros e da per\u00edcia oficial indicadas pela Rede de Integra\u00e7\u00e3o. A citada unidade de acolhimento ter\u00e1 como des\u00edgnio receber as den\u00fancias e relatos das mulheres v\u00edtimas de ass\u00e9dio moral e sexual, bem como, acompanhar o desenvolvimento de todos os procedimentos envolvendo as den\u00fancias que aportam nas corregedorias das institui\u00e7\u00f5es, relatando \u00e0 Rede de Integra\u00e7\u00e3o, trimestralmente, as dificuldades e\/ou efici\u00eancia na presta\u00e7\u00e3o das atividades correcionais; (iii) Ainda, far-se-\u00e1 recomenda\u00e7\u00e3o no sentido de cria\u00e7\u00e3o de uma ouvidoria das Mulheres, no \u00e2mbito de cada institui\u00e7\u00e3o de seguran\u00e7a p\u00fablica, em Macei\u00f3.<\/span><\/p>\n<p style=\"text-align: justify;\"><strong><span style=\"font-size: 14pt;\">::: N\u00e3o Escopo<\/span><\/strong><\/p>\n<p style=\"text-align: justify; padding-left: 40px;\"><span style=\"font-size: 14pt;\">O projeto, de in\u00edcio, n\u00e3o abarcar\u00e1 situa\u00e7\u00f5es de ass\u00e9dio moral e sexual que n\u00e3o envolvam discrimina\u00e7\u00e3o de g\u00eanero.<\/span><\/p>\n<p style=\"text-align: justify;\"><strong><span style=\"font-size: 14pt;\">::: Premissas<\/span><\/strong><\/p>\n<p style=\"text-align: justify; padding-left: 40px;\"><span style=\"font-size: 14pt;\">&#8211; Segundo pesquisa da Funda\u00e7\u00e3o Get\u00falio Vargas quase 65% das servidoras de seguran\u00e7a p\u00fablica j\u00e1 sofreram pessoalmente coment\u00e1rios inapropriados ou sexuais no ambiente de trabalho; &#8211; A realidade recente do ingresso de mulheres nas institui\u00e7\u00f5es de seguran\u00e7a p\u00fablica, em conjunto com a cultura sexista, ainda obsta a presen\u00e7a de servidoras em cargos de lideran\u00e7a; &#8211; Corporativismo ainda persiste, impedindo den\u00fancias e a apura\u00e7\u00e3o devida de casos de ass\u00e9dio sexual e moral nas institui\u00e7\u00f5es;<\/span><\/p>\n<p style=\"text-align: justify;\"><strong><span style=\"font-size: 14pt;\">::: Restri\u00e7\u00f5es<\/span><\/strong><\/p>\n<p style=\"text-align: justify; padding-left: 40px;\"><span style=\"font-size: 14pt;\">&#8211; Equipe reduzida, apesar de comprometida; &#8211; Poss\u00edvel resist\u00eancia diante do fato de projeto similar n\u00e3o ter sido ainda executado em Alagoas em corpora\u00e7\u00f5es tradicionais;<\/span><\/p>\n<\/div>\n<\/div>\n<\/div><div class=\"fusion-builder-row fusion-builder-row-inner fusion-row \"><div  class=\"fusion-layout-column fusion_builder_column fusion_builder_column_1_2  fusion-one-half fusion-column-first 1_2\"  style='margin-top: 30px;margin-bottom: 20px;width:50%;width:calc(50% - ( ( 4% ) * 0.5 ) );margin-right:4%;'><div class=\"fusion-column-wrapper fusion-column-wrapper-1\" style=\"padding: 0px 0px 0px 0px;background-position:left top;background-repeat:no-repeat;-webkit-background-size:cover;-moz-background-size:cover;-o-background-size:cover;background-size:cover;\"  data-bg-url=\"\"><style type=\"text\/css\"><\/style><div class=\"fusion-title title fusion-title-1 fusion-title-center fusion-title-text fusion-title-size-two\" style=\"margin-top:0px;margin-bottom:31px;\"><div class=\"title-sep-container title-sep-container-left\"><div class=\"title-sep sep-double sep-solid\" style=\"border-color:#e0dede;\"><\/div><\/div><h2 class=\"title-heading-center\" style=\"margin:0;\">RESPONS\u00c1VEIS<\/h2><div class=\"title-sep-container title-sep-container-right\"><div class=\"title-sep sep-double sep-solid\" style=\"border-color:#e0dede;\"><\/div><\/div><\/div><div class=\"fusion-text\"><p style=\"text-align: center;\"><span style=\"font-size: 14pt; color: #003866;\" data-raofz=\"14\">KARLA PADILHA REBELO MARQUES<\/span><\/p>\n<\/div><\/div><\/div><div  class=\"fusion-layout-column fusion_builder_column fusion_builder_column_1_2  fusion-one-half fusion-column-last 1_2\"  style='margin-top: 30px;margin-bottom: 20px;width:50%;width:calc(50% - ( ( 4% ) * 0.5 ) );'><div class=\"fusion-column-wrapper fusion-column-wrapper-2\" style=\"padding: 0px 0px 0px 0px;background-position:left top;background-repeat:no-repeat;-webkit-background-size:cover;-moz-background-size:cover;-o-background-size:cover;background-size:cover;\"  data-bg-url=\"\"><style type=\"text\/css\"><\/style><div class=\"fusion-title title fusion-title-2 fusion-title-center fusion-title-text fusion-title-size-two\" style=\"margin-top:0px;margin-bottom:31px;\"><div class=\"title-sep-container title-sep-container-left\"><div class=\"title-sep sep-double sep-solid\" style=\"border-color:#e0dede;\"><\/div><\/div><h2 class=\"title-heading-center\" style=\"margin:0;\">CONTATOS<\/h2><div class=\"title-sep-container title-sep-container-right\"><div class=\"title-sep sep-double sep-solid\" style=\"border-color:#e0dede;\"><\/div><\/div><\/div><div class=\"fusion-text\"><p style=\"text-align: center;\"><span style=\"font-size: 14pt; color: #003866;\" data-raofz=\"14\">(82) 2122-3500<\/span><\/p>\n<\/div><\/div><\/div><\/div><div class=\"fusion-sep-clear\"><\/div><div class=\"fusion-separator fusion-full-width-sep sep-none\" style=\"margin-left: auto;margin-right: auto;margin-top:10px;\"><\/div><style type=\"text\/css\"><\/style><div class=\"fusion-title title fusion-title-3 fusion-title-text fusion-title-size-three\" style=\"margin-top:40px;margin-bottom:31px;\"><h3 class=\"title-heading-left\" style=\"margin:0;color:#ffffff;\"><strong><span style=\"font-size: 14pt; color: #003866;\">Anexos<\/span><\/strong><\/h3><div class=\"title-sep-container\"><div class=\"title-sep sep-double sep-solid\" style=\"border-color:#003866;\"><\/div><\/div><\/div><div class=\"fusion-text\"><p><span style=\"font-size: 14pt;\"><i class=\"fontawesome-icon fa-file-pdf fas circle-no\" style=\"font-size:18px;margin-right:9px;color:#003866;\"><\/i><a href=\"https:\/\/www.mpal.mp.br\/wp-content\/uploads\/2023\/09\/INOVA-Mulheres-em-Seguranca_-ASSEDIO-NAO-1.pdf\" target=\"_blank\" rel=\"noopener\">Projeto &#8211; Mulheres em Seguran\u00e7a: Ass\u00e9dio N\u00e3o! &#8211; INOVA<\/a><\/span><\/p>\n<\/div><div class=\"fusion-clearfix\"><\/div>\n\n\t\t\t\t\t<\/div>\n\t\t\t\t<\/div><\/div><\/div><div class=\"fusion-fullwidth fullwidth-box fusion-builder-row-2 nonhundred-percent-fullwidth non-hundred-percent-height-scrolling\"  style='background-color: #ffffff;background-position: center center;background-repeat: no-repeat;padding-top:0px;padding-right:0px;padding-bottom:0px;padding-left:0px;'><div class=\"fusion-builder-row fusion-row \"><div  class=\"fusion-layout-column fusion_builder_column fusion_builder_column_1_1 fusion-builder-column-2 fusion-one-full fusion-column-first fusion-column-last 1_1\"  style='margin-top:0px;margin-bottom:20px;'>\n\t\t\t\t\t<div class=\"fusion-column-wrapper\" style=\"padding: 0px 0px 0px 0px;background-position:left top;background-repeat:no-repeat;-webkit-background-size:cover;-moz-background-size:cover;-o-background-size:cover;background-size:cover;\"   data-bg-url=\"\">\n\t\t\t\t\t\t<style type=\"text\/css\"><\/style><div class=\"fusion-title title fusion-title-4 fusion-title-center fusion-title-text fusion-title-size-three\" style=\"margin-top:40px;margin-bottom:31px;\"><div class=\"title-sep-container title-sep-container-left\"><div class=\"title-sep sep-double sep-solid\" style=\"border-color:#003866;\"><\/div><\/div><h3 class=\"title-heading-center\" style=\"margin:0;color:#ffffff;\"><span style=\"color: #808080;\"><strong><span style=\"font-size: 14pt;\">\u00daltimos Projetos<\/span><\/strong><\/span><\/h3><div class=\"title-sep-container title-sep-container-right\"><div class=\"title-sep sep-double sep-solid\" style=\"border-color:#003866;\"><\/div><\/div><\/div><div class=\"fusion-recent-posts fusion-recent-posts-1 avada-container layout-default layout-columns-1\"><section class=\"fusion-columns columns fusion-columns-1 columns-1\"><article class=\"post fusion-column column col col-lg-12 col-md-12 col-sm-12\"><div class=\"recent-posts-content\"><span class=\"vcard\" style=\"display: none;\"><span class=\"fn\"><a href=\"https:\/\/www.mpal.mp.br\/?author=2\" title=\"Posts de Administrador03\" rel=\"author\">Administrador03<\/a><\/span><\/span><span class=\"updated\" style=\"display:none;\">2025-09-10T10:10:39-03:00<\/span><h4 class=\"entry-title\"><a href=\"https:\/\/www.mpal.mp.br\/?p=60868\">Projeto &#8211; PM: Quero Paz!<\/a><\/h4><\/div><\/article><article class=\"post fusion-column column col col-lg-12 col-md-12 col-sm-12\"><div class=\"recent-posts-content\"><span class=\"vcard\" style=\"display: none;\"><span class=\"fn\"><a href=\"https:\/\/www.mpal.mp.br\/?author=2\" title=\"Posts de Administrador03\" rel=\"author\">Administrador03<\/a><\/span><\/span><span class=\"updated\" style=\"display:none;\">2025-09-10T08:45:48-03:00<\/span><h4 class=\"entry-title\"><a href=\"https:\/\/www.mpal.mp.br\/?p=60799\">Projeto &#8211; Acolher para Proteger<\/a><\/h4><\/div><\/article><article class=\"post fusion-column column col col-lg-12 col-md-12 col-sm-12\"><div class=\"recent-posts-content\"><span class=\"vcard\" style=\"display: none;\"><span class=\"fn\"><a href=\"https:\/\/www.mpal.mp.br\/?author=2\" title=\"Posts de Administrador03\" rel=\"author\">Administrador03<\/a><\/span><\/span><span class=\"updated\" style=\"display:none;\">2025-09-11T10:08:18-03:00<\/span><h4 class=\"entry-title\"><a href=\"https:\/\/www.mpal.mp.br\/?p=60949\">Projeto &#8211; O Futuro \u00e9 agora &#8211; MPAL na luta contra a fome<\/a><\/h4><\/div><\/article><article class=\"post fusion-column column col col-lg-12 col-md-12 col-sm-12\"><div class=\"recent-posts-content\"><span class=\"vcard\" style=\"display: none;\"><span class=\"fn\"><a href=\"https:\/\/www.mpal.mp.br\/?author=2\" title=\"Posts de Administrador03\" rel=\"author\">Administrador03<\/a><\/span><\/span><span class=\"updated\" style=\"display:none;\">2025-09-10T09:53:04-03:00<\/span><h4 class=\"entry-title\"><a href=\"https:\/\/www.mpal.mp.br\/?p=60854\">Projeto &#8211; O Fomento do terceiro<\/a><\/h4><\/div><\/article><article class=\"post fusion-column column col col-lg-12 col-md-12 col-sm-12\"><div class=\"recent-posts-content\"><span class=\"vcard\" style=\"display: none;\"><span class=\"fn\"><a href=\"https:\/\/www.mpal.mp.br\/?author=2\" title=\"Posts de Administrador03\" rel=\"author\">Administrador03<\/a><\/span><\/span><span class=\"updated\" style=\"display:none;\">2025-09-10T09:45:49-03:00<\/span><h4 class=\"entry-title\"><a href=\"https:\/\/www.mpal.mp.br\/?p=60846\">Projeto &#8211; Nossa Educa\u00e7\u00e3o daria um Livro<\/a><\/h4><\/div><\/article><article class=\"post fusion-column column col col-lg-12 col-md-12 col-sm-12\"><div class=\"recent-posts-content\"><span class=\"vcard\" style=\"display: none;\"><span class=\"fn\"><a href=\"https:\/\/www.mpal.mp.br\/?author=2\" title=\"Posts de Administrador03\" rel=\"author\">Administrador03<\/a><\/span><\/span><span class=\"updated\" style=\"display:none;\">2025-09-10T08:56:41-03:00<\/span><h4 class=\"entry-title\"><a href=\"https:\/\/www.mpal.mp.br\/?p=60806\">Projeto &#8211; Educar e Proteger<\/a><\/h4><\/div><\/article><\/section><\/div><div class=\"fusion-clearfix\"><\/div>\n\n\t\t\t\t\t<\/div>\n\t\t\t\t<\/div><\/div><\/div><\/p>\n","protected":false},"excerpt":{"rendered":"","protected":false},"author":2,"featured_media":60839,"comment_status":"open","ping_status":"open","sticky":false,"template":"","format":"standard","meta":{"om_disable_all_campaigns":false,"_monsterinsights_skip_tracking":false,"_monsterinsights_sitenote_active":false,"_monsterinsights_sitenote_note":"","_monsterinsights_sitenote_category":0,"_uf_show_specific_survey":0,"_uf_disable_surveys":false,"footnotes":""},"categories":[28],"tags":[],"class_list":["post-60838","post","type-post","status-publish","format-standard","has-post-thumbnail","hentry","category-projetos"],"aioseo_notices":[],"_links":{"self":[{"href":"https:\/\/www.mpal.mp.br\/index.php?rest_route=\/wp\/v2\/posts\/60838","targetHints":{"allow":["GET"]}}],"collection":[{"href":"https:\/\/www.mpal.mp.br\/index.php?rest_route=\/wp\/v2\/posts"}],"about":[{"href":"https:\/\/www.mpal.mp.br\/index.php?rest_route=\/wp\/v2\/types\/post"}],"author":[{"embeddable":true,"href":"https:\/\/www.mpal.mp.br\/index.php?rest_route=\/wp\/v2\/users\/2"}],"replies":[{"embeddable":true,"href":"https:\/\/www.mpal.mp.br\/index.php?rest_route=%2Fwp%2Fv2%2Fcomments&post=60838"}],"version-history":[{"count":5,"href":"https:\/\/www.mpal.mp.br\/index.php?rest_route=\/wp\/v2\/posts\/60838\/revisions"}],"predecessor-version":[{"id":60845,"href":"https:\/\/www.mpal.mp.br\/index.php?rest_route=\/wp\/v2\/posts\/60838\/revisions\/60845"}],"wp:featuredmedia":[{"embeddable":true,"href":"https:\/\/www.mpal.mp.br\/index.php?rest_route=\/wp\/v2\/media\/60839"}],"wp:attachment":[{"href":"https:\/\/www.mpal.mp.br\/index.php?rest_route=%2Fwp%2Fv2%2Fmedia&parent=60838"}],"wp:term":[{"taxonomy":"category","embeddable":true,"href":"https:\/\/www.mpal.mp.br\/index.php?rest_route=%2Fwp%2Fv2%2Fcategories&post=60838"},{"taxonomy":"post_tag","embeddable":true,"href":"https:\/\/www.mpal.mp.br\/index.php?rest_route=%2Fwp%2Fv2%2Ftags&post=60838"}],"curies":[{"name":"wp","href":"https:\/\/api.w.org\/{rel}","templated":true}]}}